{"id":182356,"date":"2019-07-15T17:31:45","date_gmt":"2019-07-15T14:31:45","guid":{"rendered":"http:\/\/www.tvturk.com\/index.php\/iha-15-temmuz-gecesini-salihlide-fotograflarla-hatirlatti\/"},"modified":"2019-07-15T17:31:45","modified_gmt":"2019-07-15T14:31:45","slug":"iha-15-temmuz-gecesini-salihlide-fotograflarla-hatirlatti","status":"publish","type":"post","link":"http:\/\/www.tvturk.com\/index.php\/iha-15-temmuz-gecesini-salihlide-fotograflarla-hatirlatti\/","title":{"rendered":"\u0130HA, 15 Temmuz gecesini Salihli\u2019de foto\u011fraflarla hat\u0131rlatt\u0131"},"content":{"rendered":"<p>15 Temmuz hain darbe giri\u015fiminin \u00fc\u00e7\u00fcnc\u00fc y\u0131l d\u00f6n\u00fcm\u00fcnde T\u00fcrk milletinin destans\u0131 direni\u015fini kay\u0131t alt\u0131na al\u0131nan \u0130hlas Haber Ajans\u0131 (\u0130HA) taraf\u0131ndan \u00e7ekilen foto\u011fraflar\u0131n yer ald\u0131\u011f\u0131 &#8220;15 Temmuz Destan\u0131 Foto\u011fraf Sergisi&#8221; Manisa\u2019n\u0131n Salihli il\u00e7esindeki Demokrasi ve Milli Birlik Meydan\u0131\u2019nda a\u00e7\u0131ld\u0131.<\/p>\n<p>\u0130HA Foto\u011fraf Sergisinin Kaymakam Mehmet Kamil Sa\u011flam, Cumhuriyet Ba\u015fsavc\u0131s\u0131 Mustafa Bal\u0131k, Belediye Ba\u015fkan Yard\u0131mc\u0131lar\u0131 Mahmut S\u00fcreyya Karao\u011flu ve Metin Durmaz, \u0130l\u00e7e Emniyet M\u00fcd\u00fcr\u00fc Say\u0131m Ba\u015faran, AK Parti Manisa \u0130l Ba\u015fkan\u0131 Berk Mersinli, \u0130l\u00e7e Milli E\u011fitim M\u00fcd\u00fcr\u00fc \u0130sa Dilek, AK Parti \u0130l\u00e7e Ba\u015fkan\u0131 Sel\u00e7uk Din\u00e7, MHP \u0130l\u00e7e Ba\u015fkan\u0131 Mehmet Ak\u0131n, kurum m\u00fcd\u00fcrleri ile vatanda\u015flar gezdi. G\u00fcn boyu a\u00e7\u0131k kalan \u201cOradayd\u0131k, unutmad\u0131k, unutturmad\u0131k\u201d adl\u0131 foto\u011fraf sergisinde 60 eser yer al\u0131rken, Salihlili vatanda\u015flar sergiyi b\u00fcy\u00fck ilgi g\u00f6sterdi. \u0130HA\u2019n\u0131n foto\u011fraf sergisi ise sergiyi gezen vatanda\u015flara hain darbe gecesindeki o anlar\u0131 tekrar ya\u015fatt\u0131. Kaymakam Sa\u011flam, 15 Temmuz gecesini foto\u011fraflarla hat\u0131rlatan \u0130hlas Haber Ajans\u0131\u2019na te\u015fekk\u00fcr etti.<\/p>\n<p>Kaymakam Sa\u011flam an\u0131 defterini imzalad\u0131<\/p>\n<p>\u00d6te yandan, Salihli Kaymakam\u0131 Mehmet Kamil Sa\u011flam, 15 Temmuz FET\u00d6 darbe giri\u015fiminin \u00fc\u00e7\u00fcnc\u00fc y\u0131ld\u00f6n\u00fcm\u00fc kapsam\u0131nda Milli Birlik ve Demokrasi Meydan\u0131\u2019ndaki an\u0131 defterini imzalad\u0131. Kaymakam Sa\u011flam an\u0131 defterine \u201c\u015e\u00fcphesiz ki Milletimizin demokrasisine ve milli birli\u011fine sahip \u00e7\u0131kma cesareti ve iradesi ile kararl\u0131l\u0131\u011f\u0131 her t\u00fcrl\u00fc takdirin \u00fczerindedir. Aziz milletimiz bu duyarl\u0131l\u0131\u011f\u0131yla, sayg\u0131nl\u0131\u011f\u0131na ve b\u00fcy\u00fckl\u00fc\u011f\u00fcne yara\u015f\u0131r bi\u00e7imde hareket ederek tarihimizin gurur dolu \u00f6nemli sayfalara bir yenisini daha eklemi\u015ftir. Kalpleri iman ve \u00fclke sevgisiyle dolu olarak, vatan, millet, bayrak, istikbal ve di\u011fer b\u00fct\u00fcn mukaddes de\u011ferleri u\u011fruna g\u00f6zlerini k\u0131rpmadan canlar\u0131n\u0131 feda eden aziz \u015fehitlerimizi bir kez daha yad ediyor, kahraman gazilerimize \u015f\u00fckranlar\u0131m\u0131z\u0131 sunuyoruz. Sizlere minnettar\u0131z, emanetiniz emanetimizdir. G\u00f6z\u00fcn\u00fcz arkada kalmas\u0131n\u201d yazd\u0131.<\/p>\n<p>15 Temmuz \u015fehitleri Salihli\u2019de dualarla an\u0131ld\u0131<\/p>\n<p>\u00d6te yandan, 15 Temmuz FET\u00d6 darbe giri\u015fiminin \u00fc\u00e7\u00fcnc\u00fc y\u0131l d\u00f6n\u00fcm\u00fc kapsam\u0131nda Salihli\u2019de anma etkinlikleri d\u00fczenlendi. Anma etkinlikleri kapsam\u0131nda Asri Mezarl\u0131k\u2019taki \u015fehitlik ziyaret edilirken, Kur\u2019an-\u0131 Kerim okunup dua adildi. \u00d6\u011fle namaz\u0131 \u00f6ncesi Hamidiye Camisi\u2019nde Mevlid-i \u015eerif ve Hatip Duas\u0131 okunurken, \u00f6\u011fle namaz\u0131 sonras\u0131 Milli Birlik ve Demokrasi Meydan\u0131\u2019nda lokma hayr\u0131 yap\u0131ld\u0131.<\/p>\n","protected":false},"excerpt":{"rendered":"<p>\u0130HA TARAFINDAN \u00c7EK\u0130LEN FOTO\u011eRAFLARIN YER ALDI\u011eI &#8220;15 TEMMUZ DESTANI FOTO\u011eRAF SERG\u0130S\u0130&#8221;, MAN\u0130SA\u2019NIN SAL\u0130HL\u0130 \u0130L\u00c7ES\u0130NDEK\u0130 DEMOKRAS\u0130 VE M\u0130LL\u0130 B\u0130RL\u0130K MEYDANI&#8217;NDA A\u00c7ILDI.<\/p>\n","protected":false},"author":1,"featured_media":182357,"comment_status":"closed","ping_status":"open","sticky":false,"template":"","format":"standard","meta":{"jetpack_post_was_ever_published":false,"_jetpack_newsletter_access":"","_jetpack_dont_email_post_to_subs":false,"_jetpack_newsletter_tier_id":0,"_jetpack_memberships_contains_paywalled_content":false,"_jetpack_memberships_contains_paid_content":false,"footnotes":"","jetpack_publicize_message":"","jetpack_publicize_feature_enabled":true,"jetpack_social_post_already_shared":true,"jetpack_social_options":{"image_generator_settings":{"template":"highway","default_image_id":0,"font":"","enabled":false},"version":2}},"categories":[1],"tags":[10563,43042,45027,8104,3254,1148],"class_list":["post-182356","post","type-post","status-publish","format-standard","has-post-thumbnail","hentry","category-genel","tag-fotograflarla","tag-gecesini","tag-hatirlatti","tag-iha","tag-salihlide","tag-temmuz"],"jetpack_publicize_connections":[],"jetpack_featured_media_url":"https:\/\/i0.wp.com\/www.tvturk.com\/wp-content\/uploads\/2019\/07\/iha-15-temmuz-gecesini-salihlide-fotograflarla-hatirlatti_94baaf3.jpg?fit=1000%2C630","jetpack_sharing_enabled":true,"jetpack_shortlink":"https:\/\/wp.me\/paKIfm-Lre","_links":{"self":[{"href":"http:\/\/www.tvturk.com\/index.php\/wp-json\/wp\/v2\/posts\/182356","targetHints":{"allow":["GET"]}}],"collection":[{"href":"http:\/\/www.tvturk.com\/index.php\/wp-json\/wp\/v2\/posts"}],"about":[{"href":"http:\/\/www.tvturk.com\/index.php\/wp-json\/wp\/v2\/types\/post"}],"author":[{"embeddable":true,"href":"http:\/\/www.tvturk.com\/index.php\/wp-json\/wp\/v2\/users\/1"}],"replies":[{"embeddable":true,"href":"http:\/\/www.tvturk.com\/index.php\/wp-json\/wp\/v2\/comments?post=182356"}],"version-history":[{"count":0,"href":"http:\/\/www.tvturk.com\/index.php\/wp-json\/wp\/v2\/posts\/182356\/revisions"}],"wp:featuredmedia":[{"embeddable":true,"href":"http:\/\/www.tvturk.com\/index.php\/wp-json\/wp\/v2\/media\/182357"}],"wp:attachment":[{"href":"http:\/\/www.tvturk.com\/index.php\/wp-json\/wp\/v2\/media?parent=182356"}],"wp:term":[{"taxonomy":"category","embeddable":true,"href":"http:\/\/www.tvturk.com\/index.php\/wp-json\/wp\/v2\/categories?post=182356"},{"taxonomy":"post_tag","embeddable":true,"href":"http:\/\/www.tvturk.com\/index.php\/wp-json\/wp\/v2\/tags?post=182356"}],"curies":[{"name":"wp","href":"https:\/\/api.w.org\/{rel}","templated":true}]}}