{"id":182364,"date":"2019-07-15T17:32:18","date_gmt":"2019-07-15T14:32:18","guid":{"rendered":"http:\/\/www.tvturk.com\/index.php\/milliler-15-temmuzu-andi\/"},"modified":"2019-07-15T17:32:18","modified_gmt":"2019-07-15T14:32:18","slug":"milliler-15-temmuzu-andi","status":"publish","type":"post","link":"http:\/\/www.tvturk.com\/index.php\/milliler-15-temmuzu-andi\/","title":{"rendered":"Milliler, 15 Temmuz\u2019u and\u0131"},"content":{"rendered":"<p>SAMSUN (\u0130HA) \u2013 T\u00fcrkiye Buz Pateni Federasyonu, 15 Temmuz Demokrasi ve Milli Birlik G\u00fcn\u00fc\u2019n\u00fc sporcular\u0131, antren\u00f6rleri ve y\u00f6netim kurulu \u00fcyeleriyle birlikte and\u0131.<\/p>\n<p>Buz Pateni Milli Tak\u0131m\u0131, 7 Temmuz\u2019da ba\u015flad\u0131\u011f\u0131 kamp\u0131n\u0131 27 Temmuz\u2019a kadar Samsun\u2019da ger\u00e7ekle\u015ftirecek. Milli sporcular, antren\u00f6rler ve y\u00f6netim kurulu \u00fcyeleri de kampta 15 Temmuz Demokrasi ve Milli Birlik G\u00fcn\u00fc\u2019n\u00fc birlikte and\u0131.<\/p>\n<p>\u201c\u015eehitlerimizi sayg\u0131yla an\u0131yoruz\u201d<\/p>\n<p>\u0130lkad\u0131m Buz Pateni Salonu\u2019nda yap\u0131lan t\u00f6rende konu\u015fan Buz Pateni Federasyon Ba\u015fkanvekili Orhan \u015eahin, vatan u\u011fruna g\u00f6z\u00fcn\u00fc k\u0131rpmadan can\u0131n\u0131 veren, 15 Temmuz 2016 g\u00fcn\u00fc demokrasi ve milli birlik ad\u0131na her t\u00fcrl\u00fc fedakarl\u0131\u011f\u0131 yapan \u015fehitleri ve gazileri sayg\u0131yla, minnetle and\u0131klar\u0131n\u0131 s\u00f6yledi.<\/p>\n<p>T\u00f6rende ayr\u0131ca Karadeniz B\u00f6lge Sorumlusu Davut Numano\u011flu ile Kamp M\u00fcd\u00fcr\u00fc Kemalettin Ak\u0131n da haz\u0131r bulundu.<\/p>\n","protected":false},"excerpt":{"rendered":"<p>T\u00dcRK\u0130YE BUZ PATEN\u0130 FEDERASYONU, 15 TEMMUZ DEMOKRAS\u0130 VE M\u0130LL\u0130 B\u0130RL\u0130K G\u00dcN\u00dc&#8217;N\u00dc SPORCULARI, ANTREN\u00d6RLER\u0130 VE Y\u00d6NET\u0130M KURULU \u00dcYELER\u0130YLE B\u0130RL\u0130KTE ANDI.<\/p>\n","protected":false},"author":1,"featured_media":182365,"comment_status":"closed","ping_status":"open","sticky":false,"template":"","format":"standard","meta":{"jetpack_post_was_ever_published":false,"_jetpack_newsletter_access":"","_jetpack_dont_email_post_to_subs":false,"_jetpack_newsletter_tier_id":0,"_jetpack_memberships_contains_paywalled_content":false,"_jetpack_memberships_contains_paid_content":false,"footnotes":"","jetpack_publicize_message":"","jetpack_publicize_feature_enabled":true,"jetpack_social_post_already_shared":true,"jetpack_social_options":{"image_generator_settings":{"template":"highway","default_image_id":0,"font":"","enabled":false},"version":2}},"categories":[657],"tags":[16697,6349,5114],"class_list":["post-182364","post","type-post","status-publish","format-standard","has-post-thumbnail","hentry","category-spor","tag-andi","tag-milliler","tag-temmuzu"],"jetpack_publicize_connections":[],"jetpack_featured_media_url":"https:\/\/i0.wp.com\/www.tvturk.com\/wp-content\/uploads\/2019\/07\/milliler-15-temmuzu-andi_7d9b6f0.jpg?fit=1000%2C562","jetpack_sharing_enabled":true,"jetpack_shortlink":"https:\/\/wp.me\/paKIfm-Lrm","_links":{"self":[{"href":"http:\/\/www.tvturk.com\/index.php\/wp-json\/wp\/v2\/posts\/182364","targetHints":{"allow":["GET"]}}],"collection":[{"href":"http:\/\/www.tvturk.com\/index.php\/wp-json\/wp\/v2\/posts"}],"about":[{"href":"http:\/\/www.tvturk.com\/index.php\/wp-json\/wp\/v2\/types\/post"}],"author":[{"embeddable":true,"href":"http:\/\/www.tvturk.com\/index.php\/wp-json\/wp\/v2\/users\/1"}],"replies":[{"embeddable":true,"href":"http:\/\/www.tvturk.com\/index.php\/wp-json\/wp\/v2\/comments?post=182364"}],"version-history":[{"count":0,"href":"http:\/\/www.tvturk.com\/index.php\/wp-json\/wp\/v2\/posts\/182364\/revisions"}],"wp:featuredmedia":[{"embeddable":true,"href":"http:\/\/www.tvturk.com\/index.php\/wp-json\/wp\/v2\/media\/182365"}],"wp:attachment":[{"href":"http:\/\/www.tvturk.com\/index.php\/wp-json\/wp\/v2\/media?parent=182364"}],"wp:term":[{"taxonomy":"category","embeddable":true,"href":"http:\/\/www.tvturk.com\/index.php\/wp-json\/wp\/v2\/categories?post=182364"},{"taxonomy":"post_tag","embeddable":true,"href":"http:\/\/www.tvturk.com\/index.php\/wp-json\/wp\/v2\/tags?post=182364"}],"curies":[{"name":"wp","href":"https:\/\/api.w.org\/{rel}","templated":true}]}}