{"id":182372,"date":"2019-07-15T18:31:20","date_gmt":"2019-07-15T15:31:20","guid":{"rendered":"http:\/\/www.tvturk.com\/index.php\/kosovada-15-temmuz-anma-programi\/"},"modified":"2019-07-15T18:31:20","modified_gmt":"2019-07-15T15:31:20","slug":"kosovada-15-temmuz-anma-programi","status":"publish","type":"post","link":"http:\/\/www.tvturk.com\/index.php\/kosovada-15-temmuz-anma-programi\/","title":{"rendered":"Kosova\u2019da 15 Temmuz anma program\u0131"},"content":{"rendered":"<p>15 Temmuz hain darbe giri\u015fiminin \u00e7\u00f6kertilmesinin 3\u2019\u00fcnc\u00fc y\u0131ld\u00f6n\u00fcm\u00fc dolay\u0131s\u0131yla T\u00fcrkiye\u2019nin Pri\u015ftine B\u00fcy\u00fckel\u00e7ili\u011finde anma program\u0131 d\u00fczenlendi.<\/p>\n<p>B\u00fcy\u00fckel\u00e7ilik Konuk Evi\u2019nde d\u00fczenlenen programa Kosova Ba\u015fbakan Yard\u0131mc\u0131s\u0131 ve D\u0131\u015fi\u015fleri Bakan\u0131 Behgjet Pacolli, Kosova Kamu Y\u00f6netimi Bakan\u0131 Mahir Ya\u011fc\u0131lar, B\u00f6lgesel Kalk\u0131nma Bakan\u0131 Rasim Demiri, Kosova Meclisi Ba\u015fkan Yard\u0131mc\u0131s\u0131 M\u00fcfera \u015einik, milletvekili Fikrim Damka ile Kosova Meclisi\u2019nin di\u011fer milletvekilleri, Kosova \u0130slam Birli\u011fi Ba\u015fkan\u0131 Naim Trnava, T\u00fcrk Temsil Heyet Ba\u015fkan\u0131 Albay Numan Ba\u015f, T\u0130KA, Yunus Emre ve T\u00fcrkiye\u2019nin Kosova\u2019daki kurum ile kurulu\u015f ile Kosova\u2019n\u0131n kurum ile kurulu\u015f temsilcileri kat\u0131ld\u0131.<\/p>\n<p>Anma program\u0131, 15 Temmuz \u015eehitleri ad\u0131na sayg\u0131 duru\u015fu ve T\u00fcrkiye ile Kosova Milli Mar\u015flar\u0131n\u0131n okunmas\u0131yla ba\u015flad\u0131. Ard\u0131ndan bir konu\u015fma yapan T\u00fcrkiye\u2019nin Pri\u015ftine B\u00fcy\u00fckel\u00e7isi \u00c7a\u011fr\u0131 Sakar, t\u0131pk\u0131 DEA\u015e ve El Kaide gibi \u00e7arp\u0131k ve sapk\u0131n bir din anlay\u0131\u015f\u0131yla k\u00fcresel boyutta iktidar ve hakimiyet pe\u015finde ko\u015fan 160 \u00fclkeye yay\u0131lm\u0131\u015f 25 ile 50 milyar dolar kayna\u011fa sahip bir ter\u00f6r \u00f6rg\u00fct\u00fc olan FET\u00d6\u2019n\u00fcn, 3 y\u0131ld\u0131r s\u00fcrd\u00fcr\u00fclen titiz \u00e7al\u0131\u015fmalar sonucunda T\u00fcrkiye\u2019de ana omurgas\u0131n\u0131 kaybetti\u011fini belirtti. Bu nedenle aralar\u0131nda Kosova\u2019n\u0131n da bulundu\u011fu di\u011fer \u00fclkelerdeki okullar\u0131, yurtlar\u0131, hastaneleri, sivil toplum ve medya kurulu\u015flar\u0131ndan olu\u015fan gizli ter\u00f6r yap\u0131lanmas\u0131yla ayakta kalmaya, T\u00fcrkiye\u2019yi k\u00f6t\u00fcleyerek d\u0131\u015f \u00fclkelerde tutunmaya \u00e7al\u0131\u015ft\u0131\u011f\u0131n\u0131 kaydeden B\u00fcy\u00fckel\u00e7i Sakar, \u201cGelinen a\u015famada var oldu\u011fu t\u00fcm \u00fclkeler i\u00e7in ciddi bir tehdidi olu\u015fturmay\u0131 s\u00fcrd\u00fcren FET\u00d6 yap\u0131lar\u0131yla m\u00fccadele edilmesi, daha fazla \u00f6nem ta\u015f\u0131maktad\u0131r. E\u011fitim hareketi maskesi arkas\u0131nda gizlenmi\u015f kirli ve sinsi bir yap\u0131lanma olan FET\u00d6 ter\u00f6r \u00f6rg\u00fct\u00fcn\u00fcn arz etti\u011fi tehdide kar\u015f\u0131 ba\u015fta Kosova olmak \u00fczere t\u00fcm dostlar\u0131m\u0131z\u0131 uyarmay\u0131 bir g\u00f6rev biliyoruz. Bu uyar\u0131m\u0131z\u0131n dikkatte al\u0131nd\u0131\u011f\u0131n\u0131 FET\u00d6 ter\u00f6r \u00f6rg\u00fct\u00fcn ger\u00e7ek kirli y\u00fcz\u00fcn\u00fcn giderek daha fazla anla\u015f\u0131lmaya ba\u015fland\u0131\u011f\u0131n\u0131 \u00e7e\u015fitli \u00fclkeler ve uluslararas\u0131 \u00f6rg\u00fctlerin FET\u00d6\u2019y\u00fc ter\u00f6r \u00f6rg\u00fct\u00fc ilan etmeye y\u00f6neldi\u011fini memnuniyetle g\u00f6r\u00fcyoruz\u201d ifadelerini kulland\u0131.<\/p>\n<p>B\u00fcy\u00fckel\u00e7i \u00c7a\u011fr\u0131 Sakar, dost ve karde\u015f \u00fclkelerden FET\u00d6 ter\u00f6r \u00f6rg\u00fct\u00fcyle m\u00fccadelede T\u00fcrkiye ile dayan\u0131\u015fmalar\u0131n\u0131 s\u00fcrd\u00fcrmelerini ve bu y\u00f6nde somut ad\u0131mlar atmaya devam etmelerini beklediklerini vurgulad\u0131.<\/p>\n<p>Kosova Kamu Y\u00f6netimi Bakan\u0131 Mahir Ya\u011fc\u0131lar da 15 Temmuz 2016 tarihinin, T\u00fcrkiye\u2019de karanl\u0131k bir gecenin oldu\u011fu, d\u00fcnya tarih sayfalar\u0131nda anti demokrasi olaylar\u0131n\u0131n cereyan etti\u011fi bir gece olarak yer edece\u011fini ve 16 Temmuz 2016\u2019n\u0131n erken saatlerinin, bir destan do\u011fu\u015fu, demokrasinin zaferi, halk iradesinin her \u015feyden \u00fcst\u00fcn oldu\u011funun kan\u0131tland\u0131\u011f\u0131 saatlerin, bir gecenin, bir tarihin oldu\u011funu belirtti. Ya\u011fc\u0131lar, \u201cBiz Kosoval\u0131lar ve \u00f6zellikle Kosoval\u0131 T\u00fcrkler olarak tavr\u0131m\u0131z\u0131 demokrasiden yana koymu\u015fuz, darbeye hay\u0131r demi\u015f, T\u00fcrk H\u00fck\u00fcmetini ve se\u00e7imle iktidara gelmi\u015f Cumhurba\u015fkan\u0131 ve t\u00fcm kurumlar\u0131 desteklemi\u015f ve her zaman destekleyece\u011fiz\u201d dedi.<\/p>\n<p>Kosova Meclis Ba\u015fkan Yard\u0131mc\u0131s\u0131 M\u00fcfera \u015einik, T\u00fcrkiye\u2019deki karde\u015flerimizin topra\u011f\u0131n her kar\u0131\u015f\u0131 \u015fehit kan\u0131yla sulan\u0131p vatanda\u015f olarak benimsenmi\u015f Anadolu\u2019nun tek bir par\u00e7as\u0131na dahi zarar gelmemesi i\u00e7in kendilerini tanklar\u0131n \u00f6n\u00fcne atmalar\u0131 ve kur\u015funlara ge\u00e7it vermemeleri, T\u00fcrkiye d\u0131\u015f\u0131nda ya\u015fayan ve kalbi T\u00fcrkiye ile atan insanlara cesaret verdi\u011fini s\u00f6yledi. \u015einik, FET\u00d6 ter\u00f6r \u00f6rg\u00fct\u00fcn\u00fcn yerle\u015fti\u011fi her \u00fclkenin yapmas\u0131 gerekti\u011fi gibi Kosova\u2019n\u0131n da \u00f6nce kendi g\u00fcvenli\u011fini sa\u011flamak ve halk\u0131n\u0131n huzurunu s\u00fcrd\u00fcrmek ve ayn\u0131 zamanda T\u00fcrkiye Cumhuriyeti\u2019nin sundu\u011fu kar\u015f\u0131l\u0131ks\u0131z desteklere kar\u015f\u0131n kay\u0131ts\u0131z kalmamak i\u00e7in s\u00f6z konusu ter\u00f6r \u00f6rg\u00fct\u00fcne yatakl\u0131k yapan kurumlar\u0131 kapatmas\u0131 ve ter\u00f6re kar\u015f\u0131 m\u00fccadelede dost ve karde\u015f T\u00fcrkiye\u2019nin yan\u0131nda yer almas\u0131n\u0131n gerekli oldu\u011funa vurgu yapt\u0131.<\/p>\n<p>Kosova Meclisi milletvekili Fikrim Damka da FET\u00d6 ter\u00f6r \u00f6rg\u00fct\u00fcn\u00fcn sadece T\u00fcrkiye de\u011fil, sadece b\u00f6lge de\u011fil ama t\u00fcm d\u00fcnyaya ne kadar tehdit olu\u015fturdu\u011funu a\u00e7\u0131k bir \u015fekilde ortada oldu\u011funu belirterek, FET\u00d6 ter\u00f6r \u00f6rg\u00fct\u00fcne kar\u015f\u0131 amans\u0131z m\u00fccadele vermesi gerekti\u011fini kaydetti. Damka, herkesin dikkatli olmas\u0131 gerekti\u011fini hat\u0131rlatarak, Kosova h\u00fck\u00fcmeti\u2019nin de yak\u0131n bir zaman da bu y\u00f6nde somut ad\u0131mlar atmas\u0131n\u0131 beklediklerini s\u00f6yledi.<\/p>\n","protected":false},"excerpt":{"rendered":"<p>15 TEMMUZ HA\u0130N DARBE G\u0130R\u0130\u015e\u0130M\u0130N\u0130N \u00c7\u00d6KERT\u0130LMES\u0130N\u0130N 3\u2019\u00dcNC\u00dc YILD\u00d6N\u00dcM\u00dc DOLAYISIYLA T\u00dcRK\u0130YE\u2019N\u0130N PR\u0130\u015eT\u0130NE B\u00dcY\u00dcKEL\u00c7\u0130L\u0130\u011e\u0130NDE ANMA PROGRAMI D\u00dcZENLEND\u0130.<\/p>\n","protected":false},"author":1,"featured_media":182373,"comment_status":"closed","ping_status":"open","sticky":false,"template":"","format":"standard","meta":{"jetpack_post_was_ever_published":false,"_jetpack_newsletter_access":"","_jetpack_dont_email_post_to_subs":false,"_jetpack_newsletter_tier_id":0,"_jetpack_memberships_contains_paywalled_content":false,"_jetpack_memberships_contains_paid_content":false,"footnotes":"","jetpack_publicize_message":"","jetpack_publicize_feature_enabled":true,"jetpack_social_post_already_shared":true,"jetpack_social_options":{"image_generator_settings":{"template":"highway","default_image_id":0,"font":"","enabled":false},"version":2}},"categories":[10],"tags":[10306,5348,1999,1148],"class_list":["post-182372","post","type-post","status-publish","format-standard","has-post-thumbnail","hentry","category-dunya","tag-anma","tag-kosovada","tag-programi","tag-temmuz"],"jetpack_publicize_connections":[],"jetpack_featured_media_url":"https:\/\/i0.wp.com\/www.tvturk.com\/wp-content\/uploads\/2019\/07\/kosovada-15-temmuz-anma-programi_30b6420.jpg?fit=1000%2C750","jetpack_sharing_enabled":true,"jetpack_shortlink":"https:\/\/wp.me\/paKIfm-Lru","_links":{"self":[{"href":"http:\/\/www.tvturk.com\/index.php\/wp-json\/wp\/v2\/posts\/182372","targetHints":{"allow":["GET"]}}],"collection":[{"href":"http:\/\/www.tvturk.com\/index.php\/wp-json\/wp\/v2\/posts"}],"about":[{"href":"http:\/\/www.tvturk.com\/index.php\/wp-json\/wp\/v2\/types\/post"}],"author":[{"embeddable":true,"href":"http:\/\/www.tvturk.com\/index.php\/wp-json\/wp\/v2\/users\/1"}],"replies":[{"embeddable":true,"href":"http:\/\/www.tvturk.com\/index.php\/wp-json\/wp\/v2\/comments?post=182372"}],"version-history":[{"count":0,"href":"http:\/\/www.tvturk.com\/index.php\/wp-json\/wp\/v2\/posts\/182372\/revisions"}],"wp:featuredmedia":[{"embeddable":true,"href":"http:\/\/www.tvturk.com\/index.php\/wp-json\/wp\/v2\/media\/182373"}],"wp:attachment":[{"href":"http:\/\/www.tvturk.com\/index.php\/wp-json\/wp\/v2\/media?parent=182372"}],"wp:term":[{"taxonomy":"category","embeddable":true,"href":"http:\/\/www.tvturk.com\/index.php\/wp-json\/wp\/v2\/categories?post=182372"},{"taxonomy":"post_tag","embeddable":true,"href":"http:\/\/www.tvturk.com\/index.php\/wp-json\/wp\/v2\/tags?post=182372"}],"curies":[{"name":"wp","href":"https:\/\/api.w.org\/{rel}","templated":true}]}}