{"id":182376,"date":"2019-07-15T19:01:46","date_gmt":"2019-07-15T16:01:46","guid":{"rendered":"http:\/\/www.tvturk.com\/index.php\/15-temmuz-sehitleri-anma-programi-icin-ataturk-havalimaninda-hazirliklar-tamamlandi\/"},"modified":"2019-07-15T19:01:46","modified_gmt":"2019-07-15T16:01:46","slug":"15-temmuz-sehitleri-anma-programi-icin-ataturk-havalimaninda-hazirliklar-tamamlandi","status":"publish","type":"post","link":"http:\/\/www.tvturk.com\/index.php\/15-temmuz-sehitleri-anma-programi-icin-ataturk-havalimaninda-hazirliklar-tamamlandi\/","title":{"rendered":"15 Temmuz \u015fehitleri anma program\u0131 i\u00e7in Atat\u00fcrk Havaliman\u0131\u2019nda haz\u0131rl\u0131klar tamamland\u0131"},"content":{"rendered":"<p>15 Temmuz hain darbe giri\u015fiminin 3\u2019\u00fcnc\u00fc y\u0131ld\u00f6n\u00fcm\u00fc dolay\u0131s\u0131yla yap\u0131lacak anma t\u00f6reni i\u00e7in Atat\u00fcrk Havaliman\u0131\u2019nda haz\u0131rl\u0131klar tamamland\u0131. Vatanda\u015flar yo\u011fun g\u00fcvenlik \u00f6nlemi e\u015fli\u011finde t\u00f6renin yap\u0131laca\u011f\u0131 alana al\u0131nmaya ba\u015fland\u0131.<\/p>\n<p>15 Temmuz Hain darbe giri\u015fiminin 3\u2019\u00fcnc\u00fc y\u0131ld\u00f6n\u00fcm\u00fcnde darbeci askerlere kar\u015f\u0131 koyduklar\u0131 esnada \u015fehit olan &#8220;15 Temmuz \u015eehitleri&#8221; an\u0131s\u0131na Atat\u00fcrk Havaliman\u0131\u2019nda d\u00fczenlenen program i\u00e7in haz\u0131rl\u0131klar tamamland\u0131. Cumhurba\u015fkan\u0131 Recep Tayyip Erdo\u011fan\u2019\u0131n kat\u0131l\u0131m\u0131yla ger\u00e7ekle\u015fecek olan anma t\u00f6reni i\u00e7in alana dev bir platform kuruldu. Polis ekiplerince t\u00f6renin yap\u0131laca\u011f\u0131 alanda geni\u015f \u00e7apl\u0131 g\u00fcvenlik \u00f6nlemi al\u0131nd\u0131. Haz\u0131rl\u0131klar\u0131n tamamlanmas\u0131n\u0131n ard\u0131ndan vatanda\u015flar kontroll\u00fc bir \u015fekilde alana al\u0131nmaya ba\u015fland\u0131.<\/p>\n<p>15 Temmuz Hain darbe giri\u015fimi s\u0131ras\u0131nda hasar g\u00f6ren ara\u00e7lar\u0131n da t\u00f6ren alan\u0131na getirildi\u011fi g\u00f6r\u00fcld\u00fc.<\/p>\n","protected":false},"excerpt":{"rendered":"<p>15 TEMMUZ HA\u0130N DARBE G\u0130R\u0130\u015e\u0130M\u0130N\u0130N 3\u2019\u00dcNC\u00dc YILD\u00d6N\u00dcM\u00dc DOLAYISIYLA YAPILACAK ANMA T\u00d6REN\u0130 \u0130\u00c7\u0130N ATAT\u00dcRK HAVAL\u0130MANI&#8217;NDA HAZIRLIKLAR TAMAMLANDI. VATANDA\u015eLAR YO\u011eUN G\u00dcVENL\u0130K \u00d6NLEM\u0130 E\u015eL\u0130\u011e\u0130NDE T\u00d6REN\u0130N YAPILACA\u011eI ALANA ALINMAYA BA\u015eLANDI.<\/p>\n","protected":false},"author":1,"featured_media":182377,"comment_status":"closed","ping_status":"open","sticky":false,"template":"","format":"standard","meta":{"jetpack_post_was_ever_published":false,"_jetpack_newsletter_access":"","_jetpack_dont_email_post_to_subs":false,"_jetpack_newsletter_tier_id":0,"_jetpack_memberships_contains_paywalled_content":false,"_jetpack_memberships_contains_paid_content":false,"footnotes":"","jetpack_publicize_message":"","jetpack_publicize_feature_enabled":true,"jetpack_social_post_already_shared":true,"jetpack_social_options":{"image_generator_settings":{"template":"highway","default_image_id":0,"font":"","enabled":false},"version":2}},"categories":[1],"tags":[10306,381,6033,3384,44,1999,9758,693,1148],"class_list":["post-182376","post","type-post","status-publish","format-standard","has-post-thumbnail","hentry","category-genel","tag-anma","tag-ataturk","tag-havalimaninda","tag-hazirliklar","tag-icin","tag-programi","tag-sehitleri","tag-tamamlandi","tag-temmuz"],"jetpack_publicize_connections":[],"jetpack_featured_media_url":"https:\/\/i0.wp.com\/www.tvturk.com\/wp-content\/uploads\/2019\/07\/15-temmuz-sehitleri-anma-programi-icin-ataturk-havalimaninda-hazirliklar-tamamlandi_6372cfd.jpg?fit=1000%2C686","jetpack_sharing_enabled":true,"jetpack_shortlink":"https:\/\/wp.me\/paKIfm-Lry","_links":{"self":[{"href":"http:\/\/www.tvturk.com\/index.php\/wp-json\/wp\/v2\/posts\/182376","targetHints":{"allow":["GET"]}}],"collection":[{"href":"http:\/\/www.tvturk.com\/index.php\/wp-json\/wp\/v2\/posts"}],"about":[{"href":"http:\/\/www.tvturk.com\/index.php\/wp-json\/wp\/v2\/types\/post"}],"author":[{"embeddable":true,"href":"http:\/\/www.tvturk.com\/index.php\/wp-json\/wp\/v2\/users\/1"}],"replies":[{"embeddable":true,"href":"http:\/\/www.tvturk.com\/index.php\/wp-json\/wp\/v2\/comments?post=182376"}],"version-history":[{"count":0,"href":"http:\/\/www.tvturk.com\/index.php\/wp-json\/wp\/v2\/posts\/182376\/revisions"}],"wp:featuredmedia":[{"embeddable":true,"href":"http:\/\/www.tvturk.com\/index.php\/wp-json\/wp\/v2\/media\/182377"}],"wp:attachment":[{"href":"http:\/\/www.tvturk.com\/index.php\/wp-json\/wp\/v2\/media?parent=182376"}],"wp:term":[{"taxonomy":"category","embeddable":true,"href":"http:\/\/www.tvturk.com\/index.php\/wp-json\/wp\/v2\/categories?post=182376"},{"taxonomy":"post_tag","embeddable":true,"href":"http:\/\/www.tvturk.com\/index.php\/wp-json\/wp\/v2\/tags?post=182376"}],"curies":[{"name":"wp","href":"https:\/\/api.w.org\/{rel}","templated":true}]}}