{"id":182386,"date":"2019-07-15T20:01:26","date_gmt":"2019-07-15T17:01:26","guid":{"rendered":"http:\/\/www.tvturk.com\/index.php\/kibrista-15-temmuz-sehitleri-anildi\/"},"modified":"2019-07-15T20:01:26","modified_gmt":"2019-07-15T17:01:26","slug":"kibrista-15-temmuz-sehitleri-anildi","status":"publish","type":"post","link":"http:\/\/www.tvturk.com\/index.php\/kibrista-15-temmuz-sehitleri-anildi\/","title":{"rendered":"K\u0131br\u0131s\u2019ta 15 Temmuz \u015fehitleri an\u0131ld\u0131"},"content":{"rendered":"<p>KKTC\u2019nin ba\u015fkenti Lefko\u015fa\u2019da 15 Temmuz Demokrasi ve Milli Birlik G\u00fcn\u00fc dolays\u0131yla d\u00fczenlenen programlarla \u015fehitler an\u0131ld\u0131.<\/p>\n<p>Kuzey K\u0131br\u0131s T\u00fcrk Cumhuriyeti\u2019nde (KKTC) darbe giri\u015fiminin 3\u2019nci y\u0131l d\u00f6n\u00fcm\u00fc dolay\u0131s\u0131yla ba\u015fkent Lefko\u015fa\u2019daki \u015eehitler An\u0131t\u0131\u2019nda anma t\u00f6reni d\u00fczenlendi. T\u00f6rende an\u0131ta \u00e7elenk sunulmas\u0131n\u0131n ard\u0131ndan sayg\u0131 duru\u015fu ve \u0130stiklal Mar\u015f\u0131 e\u015fli\u011finde bayraklar g\u00f6ndere \u00e7ekildi. T\u00f6rene KKTC Meclis Ba\u015fkan Vekili Zorlu T\u00f6re, Ba\u015fbakan Ersin Tatar, T\u00fcrkiye\u2019nin Lefko\u015fa B\u00fcy\u00fckel\u00e7isi Ali Murat Ba\u015f\u00e7eri, KTBK Komutan\u0131 T\u00fcmgeneral Y\u0131lmaz Y\u0131ld\u0131r\u0131m, GKK Tu\u011fgeneral Tevfik Algan, GKK Yard\u0131mc\u0131s\u0131 Tu\u011fgeneral Cemal Volkan,  28. T\u00fcmen Komutan\u0131 Tu\u011fgeneral Mahmut Altun, 39. T\u00fcmen Komutan\u0131 Tu\u011fgeneral Co\u015fkun Kaya, baz\u0131 bakanlar, sivil toplum \u00f6rg\u00fct\u00fc temsilcileri ve vatanda\u015flar kat\u0131ld\u0131.<\/p>\n<p>Ba\u015f\u00e7eri t\u00f6rende yapt\u0131\u011f\u0131 konu\u015fmas\u0131nda, gururla s\u00f6yledikleri \u0130stiklal Mar\u015f\u0131\u2019n\u0131n ilk kelimesi \u201cKorkma\u201dy\u0131 15 Temmuz 2016 gecesi T\u00fcrk milletinin hayk\u0131rd\u0131\u011f\u0131n\u0131 vurgulayarak, \u201cBug\u00fcn o menfur darbe giri\u015fiminin ard\u0131ndan milletin cesur direni\u015fi sayesinde demokrasimize ve devletimize kar\u015f\u0131 yap\u0131lan sald\u0131r\u0131n\u0131n \u00fc\u00e7\u00fcnc\u00fc y\u0131ld\u00f6n\u00fcm\u00fcnde aziz \u015fehitleri anmak gazilere bir kez daha \u015f\u00fckranlar\u0131m\u0131z\u0131 sunmak i\u00e7in buraday\u0131z\u201d dedi.<\/p>\n<p>251 vatanda\u015f\u0131n \u015fehit oldu\u011fu 2 binden fazla vatanda\u015f\u0131n yaraland\u0131\u011f\u0131 15 Temmuz darbe te\u015febb\u00fcs\u00fcnde sald\u0131r\u0131y\u0131 ger\u00e7ekle\u015ftirenlerin sergiledi\u011fi vah\u015fetin ve hainli\u011fin benzerinin tarihte g\u00f6r\u00fclmedi\u011fini s\u00f6yleyen Ba\u015f\u00e7eri, \u201cCumhurba\u015fkan\u0131m\u0131z\u0131n ge\u00e7en y\u0131l da vurgulad\u0131\u011f\u0131 gibi 15 Temmuz\u2019da bizler hem derin bir kederi hem de b\u00fcy\u00fck bir gururu ayn\u0131 anda y\u00fcre\u011fimizde ya\u015f\u0131yoruz\u201d ifadesini kulland\u0131.<\/p>\n<p>Ba\u015f\u00e7eri, bir tarafta 251 vatanda\u015f\u0131 bir gecede kaybetmenin h\u00fczn\u00fcn\u00fc tekrar ya\u015farken di\u011fer taraftan da d\u00fcnyada az rastlanan bir direni\u015fe imza atman\u0131n gururunu ya\u015fad\u0131klar\u0131n\u0131 vurgulad\u0131.<\/p>\n<p>Ordu ve polis de darbe giri\u015fimini engelledi<\/p>\n<p>Ba\u015f\u00e7eri, TSK\u2019n\u0131n \u00e7o\u011funlu\u011funu olu\u015fturan ve darbe te\u015febb\u00fcs\u00fcne kat\u0131lmayan ordunun ger\u00e7ek askerlerinin varl\u0131\u011f\u0131n\u0131n ve emniyet te\u015fkilat\u0131n\u0131n kahraman mensuplar\u0131n\u0131n m\u00fccadelesinin de \u015f\u00fcphesiz bu darbe giri\u015fiminin engellenmesinde \u00f6nemli bir rol oynad\u0131\u011f\u0131n\u0131 belirtti. Ba\u015f\u00e7eri, hi\u00e7 teredd\u00fct etmeden can\u0131 pahas\u0131na ald\u0131\u011f\u0131 emri yerine getiren \u015eehit \u00d6mer Halisdemir\u2019i de bir kez daha rahmetle anarak, \u201c82 milyon vatan evlad\u0131 15 Temmuz 2016\u2019da oldu\u011fu gibi bundan sonra da vatan\u0131n\u0131n istikbaline g\u00f6z dikenlere asla m\u00fcsaade etmeyecektir\u201d dedi.<\/p>\n<p>Kendilerinin g\u00f6revinin de bu ger\u00e7e\u011fin unutulmamas\u0131 ve her daim hat\u0131rlanmas\u0131n\u0131 sa\u011flamak oldu\u011funu belirten Ba\u015f\u00e7eri, 15 Temmuz Demokrasi \u015fehitlerini bir kez daha rahmet ve minnetle anarak gazileri de \u015f\u00fckranla selamlad\u0131.<\/p>\n","protected":false},"excerpt":{"rendered":"<p>KKTC\u2019N\u0130N BA\u015eKENT\u0130 LEFKO\u015eA&#8217;DA 15 TEMMUZ DEMOKRAS\u0130 VE M\u0130LL\u0130 B\u0130RL\u0130K G\u00dcN\u00dc DOLAYSIYLA D\u00dcZENLENEN PROGRAMLARLA \u015eEH\u0130TLER ANILDI.<\/p>\n","protected":false},"author":1,"featured_media":182387,"comment_status":"closed","ping_status":"open","sticky":false,"template":"","format":"standard","meta":{"jetpack_post_was_ever_published":false,"_jetpack_newsletter_access":"","_jetpack_dont_email_post_to_subs":false,"_jetpack_newsletter_tier_id":0,"_jetpack_memberships_contains_paywalled_content":false,"_jetpack_memberships_contains_paid_content":false,"footnotes":"","jetpack_publicize_message":"","jetpack_publicize_feature_enabled":true,"jetpack_social_post_already_shared":true,"jetpack_social_options":{"image_generator_settings":{"template":"highway","default_image_id":0,"font":"","enabled":false},"version":2}},"categories":[10],"tags":[241,737,9758,1148],"class_list":["post-182386","post","type-post","status-publish","format-standard","has-post-thumbnail","hentry","category-dunya","tag-anildi","tag-kibrista","tag-sehitleri","tag-temmuz"],"jetpack_publicize_connections":[],"jetpack_featured_media_url":"https:\/\/i0.wp.com\/www.tvturk.com\/wp-content\/uploads\/2019\/07\/kibrista-15-temmuz-sehitleri-anildi_db5e033.jpg?fit=1000%2C666","jetpack_sharing_enabled":true,"jetpack_shortlink":"https:\/\/wp.me\/paKIfm-LrI","_links":{"self":[{"href":"http:\/\/www.tvturk.com\/index.php\/wp-json\/wp\/v2\/posts\/182386","targetHints":{"allow":["GET"]}}],"collection":[{"href":"http:\/\/www.tvturk.com\/index.php\/wp-json\/wp\/v2\/posts"}],"about":[{"href":"http:\/\/www.tvturk.com\/index.php\/wp-json\/wp\/v2\/types\/post"}],"author":[{"embeddable":true,"href":"http:\/\/www.tvturk.com\/index.php\/wp-json\/wp\/v2\/users\/1"}],"replies":[{"embeddable":true,"href":"http:\/\/www.tvturk.com\/index.php\/wp-json\/wp\/v2\/comments?post=182386"}],"version-history":[{"count":0,"href":"http:\/\/www.tvturk.com\/index.php\/wp-json\/wp\/v2\/posts\/182386\/revisions"}],"wp:featuredmedia":[{"embeddable":true,"href":"http:\/\/www.tvturk.com\/index.php\/wp-json\/wp\/v2\/media\/182387"}],"wp:attachment":[{"href":"http:\/\/www.tvturk.com\/index.php\/wp-json\/wp\/v2\/media?parent=182386"}],"wp:term":[{"taxonomy":"category","embeddable":true,"href":"http:\/\/www.tvturk.com\/index.php\/wp-json\/wp\/v2\/categories?post=182386"},{"taxonomy":"post_tag","embeddable":true,"href":"http:\/\/www.tvturk.com\/index.php\/wp-json\/wp\/v2\/tags?post=182386"}],"curies":[{"name":"wp","href":"https:\/\/api.w.org\/{rel}","templated":true}]}}