{"id":182394,"date":"2019-07-15T20:16:34","date_gmt":"2019-07-15T17:16:34","guid":{"rendered":"http:\/\/www.tvturk.com\/index.php\/anadolujetten-15-temmuza-ozel-ucak\/"},"modified":"2019-07-15T20:16:34","modified_gmt":"2019-07-15T17:16:34","slug":"anadolujetten-15-temmuza-ozel-ucak","status":"publish","type":"post","link":"http:\/\/www.tvturk.com\/index.php\/anadolujetten-15-temmuza-ozel-ucak\/","title":{"rendered":"AnadoluJet\u2019ten 15 Temmuz\u2019a \u00f6zel u\u00e7ak"},"content":{"rendered":"<p>T\u00fcrk Hava Yollar\u0131 (THY) alt markas\u0131 olan AnadoluJet, 15 Temmuz Demokrasi ve Milli Birlik g\u00fcn\u00fc nedeniyle filosunda bulunan bir u\u00e7a\u011fa 15 Temmuz logosu giydirdi.<\/p>\n<p>T\u00fcrk Hava Yollar\u0131 (THY) alt markas\u0131 olan AnadoluJet, 15 Temmuz Demokrasi ve Milli Birlik g\u00fcn\u00fc nedeniyle filosunda bulunan bir u\u00e7a\u011fa 15 Temmuz logosu giydirdi. Konuyla ilgili olarak THY Bas\u0131n M\u00fc\u015favirli\u011fi\u2019nden yap\u0131lan yaz\u0131l\u0131 a\u00e7\u0131klamada, &#8220;Alt markam\u0131z AnadoluJet\u2019in filosunda bulunan TC-JFT tescilli Boeing 737-800 tipi u\u00e7a\u011f\u0131m\u0131za, 15 Temmuz logosu ile sticker giydirmesi yap\u0131lm\u0131\u015ft\u0131r. Cumhurba\u015fkanl\u0131\u011f\u0131 \u0130leti\u015fim Ba\u015fkan\u0131 Fahrettin Altun taraf\u0131ndan Twitter\u2019da payla\u015f\u0131lan video ise i\u00e7 hat u\u00e7u\u015flar\u0131m\u0131zda, u\u00e7ak i\u00e7i ekranlar\u0131m\u0131zda g\u00f6sterilecektir&#8221; denildi.<\/p>\n","protected":false},"excerpt":{"rendered":"<p>T\u00dcRK HAVA YOLLARI (THY) ALT MARKASI OLAN ANADOLUJET, 15 TEMMUZ DEMOKRAS\u0130 VE M\u0130LL\u0130 B\u0130RL\u0130K G\u00dcN\u00dc NEDEN\u0130YLE F\u0130LOSUNDA BULUNAN B\u0130R U\u00c7A\u011eA 15 TEMMUZ LOGOSU G\u0130YD\u0130RD\u0130.<\/p>\n","protected":false},"author":1,"featured_media":182395,"comment_status":"closed","ping_status":"open","sticky":false,"template":"","format":"standard","meta":{"jetpack_post_was_ever_published":false,"_jetpack_newsletter_access":"","_jetpack_dont_email_post_to_subs":false,"_jetpack_newsletter_tier_id":0,"_jetpack_memberships_contains_paywalled_content":false,"_jetpack_memberships_contains_paid_content":false,"footnotes":"","jetpack_publicize_message":"","jetpack_publicize_feature_enabled":true,"jetpack_social_post_already_shared":true,"jetpack_social_options":{"image_generator_settings":{"template":"highway","default_image_id":0,"font":"","enabled":false},"version":2}},"categories":[1],"tags":[1073,45031,30685,1911],"class_list":["post-182394","post","type-post","status-publish","format-standard","has-post-thumbnail","hentry","category-genel","tag-ozel","tag-anadolujetten","tag-temmuza","tag-ucak"],"jetpack_publicize_connections":[],"jetpack_featured_media_url":"https:\/\/i0.wp.com\/www.tvturk.com\/wp-content\/uploads\/2019\/07\/anadolujetten-15-temmuza-ozel-ucak_0a95947.jpg?fit=1000%2C750","jetpack_sharing_enabled":true,"jetpack_shortlink":"https:\/\/wp.me\/paKIfm-LrQ","_links":{"self":[{"href":"http:\/\/www.tvturk.com\/index.php\/wp-json\/wp\/v2\/posts\/182394","targetHints":{"allow":["GET"]}}],"collection":[{"href":"http:\/\/www.tvturk.com\/index.php\/wp-json\/wp\/v2\/posts"}],"about":[{"href":"http:\/\/www.tvturk.com\/index.php\/wp-json\/wp\/v2\/types\/post"}],"author":[{"embeddable":true,"href":"http:\/\/www.tvturk.com\/index.php\/wp-json\/wp\/v2\/users\/1"}],"replies":[{"embeddable":true,"href":"http:\/\/www.tvturk.com\/index.php\/wp-json\/wp\/v2\/comments?post=182394"}],"version-history":[{"count":0,"href":"http:\/\/www.tvturk.com\/index.php\/wp-json\/wp\/v2\/posts\/182394\/revisions"}],"wp:featuredmedia":[{"embeddable":true,"href":"http:\/\/www.tvturk.com\/index.php\/wp-json\/wp\/v2\/media\/182395"}],"wp:attachment":[{"href":"http:\/\/www.tvturk.com\/index.php\/wp-json\/wp\/v2\/media?parent=182394"}],"wp:term":[{"taxonomy":"category","embeddable":true,"href":"http:\/\/www.tvturk.com\/index.php\/wp-json\/wp\/v2\/categories?post=182394"},{"taxonomy":"post_tag","embeddable":true,"href":"http:\/\/www.tvturk.com\/index.php\/wp-json\/wp\/v2\/tags?post=182394"}],"curies":[{"name":"wp","href":"https:\/\/api.w.org\/{rel}","templated":true}]}}