{"id":182406,"date":"2019-07-15T21:01:50","date_gmt":"2019-07-15T18:01:50","guid":{"rendered":"http:\/\/www.tvturk.com\/index.php\/bursada-binlerce-kisi-tek-yurek-oldu\/"},"modified":"2019-07-15T21:01:50","modified_gmt":"2019-07-15T18:01:50","slug":"bursada-binlerce-kisi-tek-yurek-oldu","status":"publish","type":"post","link":"http:\/\/www.tvturk.com\/index.php\/bursada-binlerce-kisi-tek-yurek-oldu\/","title":{"rendered":"Bursa\u2019da binlerce ki\u015fi tek y\u00fcrek oldu"},"content":{"rendered":"<p>Bursa\u2019da binlerce ki\u015fi ellerinde T\u00fcrk Bayraklar\u0131 Mehter Tak\u0131m\u0131\u2019n\u0131n kahramanl\u0131k t\u00fcrk\u00fcleri e\u015fli\u011finde Bayrak ve Demokrasi Y\u00fcr\u00fcy\u00fc\u015f\u00fc\u2019nde bulu\u015ftu. Bursa protokol\u00fc Atat\u00fcrk An\u0131t\u0131\u2019ndan 15 Temmuz Demokrasi Meydan\u0131\u2019na mehter mar\u015flar\u0131 e\u015fli\u011finde vatanda\u015flarla birlikte y\u00fcr\u00fcd\u00fc. Bursa B\u00fcy\u00fck\u015fehir Belediye Ba\u015fkan\u0131 Alinur Akta\u015f, milletin istikbali ve istiklali i\u00e7in \u015fehadete y\u00fcr\u00fcd\u00fc\u011f\u00fcn\u00fc hat\u0131rlatarak, &#8220;Bursa o gece darbenin \u015fifrelerinin \u00e7\u00f6z\u00fclmesinde kritik rol oynad\u0131&#8221; dedi.<\/p>\n<p>Hain darbe giri\u015fiminin 3. y\u0131l d\u00f6n\u00fcm\u00fcnde Bursal\u0131lar, \u2018Bayrak ve Demokrasi Y\u00fcr\u00fcy\u00fc\u015f\u00fc\u2019nde tek y\u00fcrek oldu. Mehter tak\u0131m\u0131 \u00e7ald\u0131\u011f\u0131 mar\u015flarla, binlerce ki\u015fiye duygulu anlar ya\u015fatt\u0131.<\/p>\n<p>15 Temmuz\u2019u unutmamak ve \u015fehitleri anmak maksad\u0131yla \u2018Bayrak ve Demokrasi Y\u00fcr\u00fcy\u00fc\u015f\u00fc\u2019ne Bursa Valisi Yakup Canbolat, Bursa B\u00fcy\u00fck\u015fehir Belediye Ba\u015fkan\u0131 Alinur Akta\u015f, Ak Parti \u0130l Ba\u015fkan\u0131 Ayhan Salman, protokol \u00fcyeleri, sivil toplum \u00f6rg\u00fct\u00fc temsilcileri ve vatanda\u015flar kat\u0131ld\u0131.<\/p>\n<p>Heykel Atat\u00fcrk An\u0131t\u0131 \u00f6n\u00fcnde toplanan binlerce vatanda\u015f, ellerinde bayraklarla FET\u00d6 ter\u00f6r \u00f6rg\u00fct\u00fcn\u00fc lanetledi. Mehter tak\u0131m\u0131 e\u015fli\u011finde y\u00fcr\u00fcy\u00fc\u015fe ge\u00e7en kalabal\u0131k, \u0130n\u00f6n\u00fc ve Cumhuriyet Caddesi\u2019nden ge\u00e7erek 15 Temmuz Demokrasi Meydan\u0131\u2019na geldi. Mehter tak\u0131m\u0131n\u0131n \u00e7ald\u0131\u011f\u0131 mar\u015flara e\u015flik eden binler, kimi zaman duygu dolu anlar ya\u015fad\u0131. Merakl\u0131 vatanda\u015flar ise Mehter Tak\u0131m\u0131 ve y\u00fcr\u00fcy\u00fc\u015f yapanlar\u0131 cep telefonlar\u0131yla kaydederek co\u015fkuya ortak oldu.<\/p>\n<p>Hain darbe giri\u015fimde \u015fehit olan 251 ki\u015fiyi rahmetle ve minnetle and\u0131\u011f\u0131n\u0131 ifade eden Bursa B\u00fcy\u00fck\u015fehir Belediye Ba\u015fkan\u0131 Alinur Akta\u015f, &#8220;B\u00f6yle kanl\u0131 bir geceyi in\u015fallah bir daha ya\u015famay\u0131z. Bu milletin devletin okullar\u0131nda okumu\u015f, bu devletten r\u00fctbe alm\u0131\u015f FET\u00d6 ter\u00f6r \u00f6rg\u00fct\u00fc mensubu ki\u015filer taraf\u0131ndan yap\u0131lan bu darbe kalk\u0131\u015fmas\u0131 hamdolsun milletimizin basiretli ve ferasetli duru\u015fuyla sonland\u0131. 15 Temmuz\u2019u anmak ve o bilinci diri tutmak bizler i\u00e7in \u00e7ok \u00f6nemli. Kad\u0131n\u0131yla erke\u011fiyle, genciyle ya\u015fl\u0131s\u0131yla, farkl\u0131 parti mensubu vatansever herkes bu meydanlardad\u0131r. Mehter e\u015fli\u011finde y\u00fcr\u00fcy\u00fc\u015flerimizi ger\u00e7ekle\u015ftirdik. Askerinden polisine, jandarmas\u0131ndan b\u00fcrokratlar\u0131na kadar herkes kol kola alanlara indi&#8221; dedi.<\/p>\n<p>Bursa\u2019n\u0131n darbenin \u015fifrelerinin \u00e7\u00f6z\u00fclmesinde kritik rol oynad\u0131\u011f\u0131na temas eden Ba\u015fkan Akta\u015f, &#8220;Belki bursa\u2019da bir yaral\u0131, gazi veya \u015fehit olmad\u0131. Ama stratejik planlar\u0131n merkezi Bursa\u2019yd\u0131. Bursa\u2019da o gece ele ge\u00e7irilen belgeler T\u00fcrkiye \u00e7ap\u0131nda ses getirdi ve hain darbecilerin de\u015fifresini sa\u011flad\u0131. O gece b\u00fcy\u00fcklerimizin basiretli duru\u015fu, Cumhurba\u015fkan\u0131 Recep Tayyip Erdo\u011fan\u2019\u0131n i\u015faret etti\u011fi anlaml\u0131 duru\u015f, 30 g\u00fcn s\u00fcren n\u00f6betler bizi bug\u00fcnlere getirdi. Bursa\u2019ya ve T\u00fcrkiye\u2019ye sahip \u00e7\u0131kan herkese \u00e7ok te\u015fekk\u00fcr ediyorum&#8221; diye konu\u015ftu.<\/p>\n<p>Y\u00fcr\u00fcy\u00fc\u015f \u00f6ncesi Bursa Tayyare K\u00fclt\u00fcr Merkezi\u2019nde de 15 Temmuz 2016 tarihine ait foto\u011fraf sergisi vatanda\u015flar\u0131n be\u011fenisine sunuldu.<\/p>\n","protected":false},"excerpt":{"rendered":"<p>Y\u00dcR\u00dcY\u00dc\u015e \u00d6NCES\u0130 BURSA TAYYARE K\u00dcLT\u00dcR MERKEZ\u0130&#8217;NDE DE 15 TEMMUZ 2016 TAR\u0130H\u0130NE A\u0130T FOTO\u011eRAF SERG\u0130S\u0130 VATANDA\u015eLARIN BE\u011eEN\u0130S\u0130NE SUNULDU.<\/p>\n","protected":false},"author":1,"featured_media":182407,"comment_status":"closed","ping_status":"open","sticky":false,"template":"","format":"standard","meta":{"jetpack_post_was_ever_published":false,"_jetpack_newsletter_access":"","_jetpack_dont_email_post_to_subs":false,"_jetpack_newsletter_tier_id":0,"_jetpack_memberships_contains_paywalled_content":false,"_jetpack_memberships_contains_paid_content":false,"footnotes":"","jetpack_publicize_message":"","jetpack_publicize_feature_enabled":true,"jetpack_social_post_already_shared":true,"jetpack_social_options":{"image_generator_settings":{"template":"highway","default_image_id":0,"font":"","enabled":false},"version":2}},"categories":[1],"tags":[3818,1032,1012,77,366,367],"class_list":["post-182406","post","type-post","status-publish","format-standard","has-post-thumbnail","hentry","category-genel","tag-binlerce","tag-bursada","tag-kisi","tag-oldu","tag-tek","tag-yurek"],"jetpack_publicize_connections":[],"jetpack_featured_media_url":"https:\/\/i0.wp.com\/www.tvturk.com\/wp-content\/uploads\/2019\/07\/bursada-binlerce-kisi-tek-yurek-oldu_8950313.jpg?fit=1000%2C666","jetpack_sharing_enabled":true,"jetpack_shortlink":"https:\/\/wp.me\/paKIfm-Ls2","_links":{"self":[{"href":"http:\/\/www.tvturk.com\/index.php\/wp-json\/wp\/v2\/posts\/182406","targetHints":{"allow":["GET"]}}],"collection":[{"href":"http:\/\/www.tvturk.com\/index.php\/wp-json\/wp\/v2\/posts"}],"about":[{"href":"http:\/\/www.tvturk.com\/index.php\/wp-json\/wp\/v2\/types\/post"}],"author":[{"embeddable":true,"href":"http:\/\/www.tvturk.com\/index.php\/wp-json\/wp\/v2\/users\/1"}],"replies":[{"embeddable":true,"href":"http:\/\/www.tvturk.com\/index.php\/wp-json\/wp\/v2\/comments?post=182406"}],"version-history":[{"count":0,"href":"http:\/\/www.tvturk.com\/index.php\/wp-json\/wp\/v2\/posts\/182406\/revisions"}],"wp:featuredmedia":[{"embeddable":true,"href":"http:\/\/www.tvturk.com\/index.php\/wp-json\/wp\/v2\/media\/182407"}],"wp:attachment":[{"href":"http:\/\/www.tvturk.com\/index.php\/wp-json\/wp\/v2\/media?parent=182406"}],"wp:term":[{"taxonomy":"category","embeddable":true,"href":"http:\/\/www.tvturk.com\/index.php\/wp-json\/wp\/v2\/categories?post=182406"},{"taxonomy":"post_tag","embeddable":true,"href":"http:\/\/www.tvturk.com\/index.php\/wp-json\/wp\/v2\/tags?post=182406"}],"curies":[{"name":"wp","href":"https:\/\/api.w.org\/{rel}","templated":true}]}}