{"id":182454,"date":"2019-07-15T23:32:01","date_gmt":"2019-07-15T20:32:01","guid":{"rendered":"http:\/\/www.tvturk.com\/index.php\/15-temmuzda-vatandaslar-meydanlara-akin-etti\/"},"modified":"2019-07-15T23:32:01","modified_gmt":"2019-07-15T20:32:01","slug":"15-temmuzda-vatandaslar-meydanlara-akin-etti","status":"publish","type":"post","link":"http:\/\/www.tvturk.com\/index.php\/15-temmuzda-vatandaslar-meydanlara-akin-etti\/","title":{"rendered":"15 Temmuz\u2019da vatanda\u015flar meydanlara ak\u0131n etti"},"content":{"rendered":"<p>T\u00fcm yurt genelinde oldu\u011fu gibi Yozgat\u2019ta da 15 Temmuz Demokrasi ve Milli Birlik G\u00fcn\u00fc Anma etkinlikleri kapsam\u0131nda binlerce vatanda\u015f Cumhuriyet Meydan\u0131\u2019na ak\u0131n etti.<\/p>\n<p>Program \u00f6ncesi Yozgat Polis Meslek E\u011fitim Merkezi \u00f6\u011frencileri Lise Caddesi boyunca ellerinde T\u00fcrk bayraklar\u0131 ile slogan atarak Cumhuriyet Meydan\u0131\u2019na geldi. 15 Temmuz \u015eehitleri Anma, Demokrasi ve Milli Birlik G\u00fcn\u00fc\u2019n\u00fcn 3. y\u0131l d\u00f6n\u00fcm\u00fc dolay\u0131s\u0131yla binlerce vatanda\u015f meydanlar\u0131 T\u00fcrk bayraklar\u0131yla donatt\u0131. Program \u0130stiklal Mar\u015f\u0131 ve Kur\u2019an-\u0131 Kerim okunmas\u0131yla ba\u015flad\u0131. Cumhuriyet Meydan\u0131\u2019nda toplanan vatanda\u015flar, haz\u0131rlanan k\u0131sa tan\u0131t\u0131m videosuyla dev ekrandan 15 Temmuz gecesi \u0130stanbul\u2019da ve Ankara\u2019da ya\u015fananlar\u0131 izledi. 15 Temmuz konulu \u015fiir, resim ve kompozisyon yar\u0131\u015fmas\u0131nda dereceye girenlere \u00f6d\u00fclleri verildi. Yozgat G\u00fczel Sanatlar Lisesi M\u00fczik Korosu ve Yozgat Polis Meslek E\u011fitim Merkezi \u00f6\u011frencileri taraf\u0131ndan oratoryo g\u00f6sterisi sergilendi.<\/p>\n<p>15 Temmuz g\u00fcn\u00fc ya\u015fanan hain darbe giri\u015fimini unutmayacaklar\u0131n\u0131 ve unutturmayacaklar\u0131n\u0131 s\u00f6yleyen Arzu Y\u00f6nel, \u201c15 Temmuz ger\u00e7ekten \u00e7ok ac\u0131 bir geceydi ben o g\u00fcn Ankara\u2019dayd\u0131m. Darbeyi tam anlam\u0131yla ya\u015fad\u0131k. Ger\u00e7ekten Allah hi\u00e7bir \u00fclkeye, millete b\u00f6yle ac\u0131 bir g\u00fcn ya\u015fatmas\u0131n. O g\u00fcn ya\u015fad\u0131\u011f\u0131m\u0131z korkuyu, endi\u015feyi bug\u00fcn hat\u0131rlad\u0131k\u00e7a hala t\u00fcylerim diken diken oluyor. T\u00fcm bu k\u00f6t\u00fc niyetli hain giri\u015fimlere kar\u015f\u0131 millet olarak hep bir arada olmam\u0131z gerekiyor. Hi\u00e7bir \u015fekilde birbirimizle ayr\u0131\u015fmadan kenetlenerek bir b\u00fct\u00fcn olarak T\u00fcrkiye Cumhuriyeti i\u00e7inde karde\u015f\u00e7e ya\u015famam\u0131z gerekiyor. Allah bir daha ya\u015fatmas\u0131n. 15 Temmuz\u2019u unutmayaca\u011f\u0131z, unutturmayaca\u011f\u0131z\u201d dedi.<\/p>\n<p>\u00d6mer K\u00f6seo\u011flu ise \u201c15 Temmuz i\u00e7in bu vatan\u0131n b\u00f6l\u00fcnmeyece\u011fini ve hainlere ge\u00e7it verilmeyece\u011fini bu millet g\u00f6sterdi. Kesinlikle bizden sonraki nesillere de bunlar\u0131 hat\u0131rlataca\u011f\u0131z, bu vatan hi\u00e7bir zaman sahipsiz kalmayacak. 15 Temmuz\u2019u kimseye unutturmayaca\u011f\u0131z\u201d \u015feklinde konu\u015ftu.<\/p>\n<p>Harun Tokg\u00f6z\u2019de &#8220;15 Temmuz\u2019da halk\u0131m\u0131z kazand\u0131, milletimiz kazand\u0131. Bu hain darbecilere her zamanki gibi bu millet g\u00fcc\u00fcn\u00fc g\u00f6sterdi. Bundan sonra da hi\u00e7bir \u015fey yapamayacaklar. 15 Temmuz\u2019u unutmayaca\u011f\u0131z, sonuna  kadar ya\u015fayaca\u011f\u0131z. Bug\u00fcnde meydanlara geldik. Her zamanda buralarda olaca\u011f\u0131z\u201d ifadelerini kulland\u0131.<\/p>\n<p>Program 00.13\u2019te t\u00fcm camilerde verilen sela ile sona erdi.<\/p>\n","protected":false},"excerpt":{"rendered":"<p>T\u00dcM YURT GENEL\u0130NDE OLDU\u011eU G\u0130B\u0130 YOZGAT\u2019TA DA 15 TEMMUZ DEMOKRAS\u0130 VE M\u0130LL\u0130 B\u0130RL\u0130K G\u00dcN\u00dc ANMA ETK\u0130NL\u0130KLER\u0130 KAPSAMINDA B\u0130NLERCE VATANDA\u015e CUMHUR\u0130YET MEYDANI\u2019NA AKIN ETT\u0130.<\/p>\n","protected":false},"author":1,"featured_media":182455,"comment_status":"closed","ping_status":"open","sticky":false,"template":"","format":"standard","meta":{"jetpack_post_was_ever_published":false,"_jetpack_newsletter_access":"","_jetpack_dont_email_post_to_subs":false,"_jetpack_newsletter_tier_id":0,"_jetpack_memberships_contains_paywalled_content":false,"_jetpack_memberships_contains_paid_content":false,"footnotes":"","jetpack_publicize_message":"","jetpack_publicize_feature_enabled":true,"jetpack_social_post_already_shared":true,"jetpack_social_options":{"image_generator_settings":{"template":"highway","default_image_id":0,"font":"","enabled":false},"version":2}},"categories":[1],"tags":[328,207,24174,18783,2344],"class_list":["post-182454","post","type-post","status-publish","format-standard","has-post-thumbnail","hentry","category-genel","tag-akin","tag-etti","tag-meydanlara","tag-temmuzda","tag-vatandaslar"],"jetpack_publicize_connections":[],"jetpack_featured_media_url":"https:\/\/i0.wp.com\/www.tvturk.com\/wp-content\/uploads\/2019\/07\/15-temmuzda-vatandaslar-meydanlara-akin-etti_d07f20b.jpg?fit=1000%2C666","jetpack_sharing_enabled":true,"jetpack_shortlink":"https:\/\/wp.me\/paKIfm-LsO","_links":{"self":[{"href":"http:\/\/www.tvturk.com\/index.php\/wp-json\/wp\/v2\/posts\/182454","targetHints":{"allow":["GET"]}}],"collection":[{"href":"http:\/\/www.tvturk.com\/index.php\/wp-json\/wp\/v2\/posts"}],"about":[{"href":"http:\/\/www.tvturk.com\/index.php\/wp-json\/wp\/v2\/types\/post"}],"author":[{"embeddable":true,"href":"http:\/\/www.tvturk.com\/index.php\/wp-json\/wp\/v2\/users\/1"}],"replies":[{"embeddable":true,"href":"http:\/\/www.tvturk.com\/index.php\/wp-json\/wp\/v2\/comments?post=182454"}],"version-history":[{"count":0,"href":"http:\/\/www.tvturk.com\/index.php\/wp-json\/wp\/v2\/posts\/182454\/revisions"}],"wp:featuredmedia":[{"embeddable":true,"href":"http:\/\/www.tvturk.com\/index.php\/wp-json\/wp\/v2\/media\/182455"}],"wp:attachment":[{"href":"http:\/\/www.tvturk.com\/index.php\/wp-json\/wp\/v2\/media?parent=182454"}],"wp:term":[{"taxonomy":"category","embeddable":true,"href":"http:\/\/www.tvturk.com\/index.php\/wp-json\/wp\/v2\/categories?post=182454"},{"taxonomy":"post_tag","embeddable":true,"href":"http:\/\/www.tvturk.com\/index.php\/wp-json\/wp\/v2\/tags?post=182454"}],"curies":[{"name":"wp","href":"https:\/\/api.w.org\/{rel}","templated":true}]}}