{"id":182462,"date":"2019-07-15T23:46:38","date_gmt":"2019-07-15T20:46:38","guid":{"rendered":"http:\/\/www.tvturk.com\/index.php\/hafiza-15-temmuz-muzesi-ilk-kez-goruntulendi\/"},"modified":"2019-07-15T23:46:38","modified_gmt":"2019-07-15T20:46:38","slug":"hafiza-15-temmuz-muzesi-ilk-kez-goruntulendi","status":"publish","type":"post","link":"http:\/\/www.tvturk.com\/index.php\/hafiza-15-temmuz-muzesi-ilk-kez-goruntulendi\/","title":{"rendered":"\u201cHaf\u0131za 15 Temmuz M\u00fczesi\u201d ilk kez g\u00f6r\u00fcnt\u00fclendi"},"content":{"rendered":"<p>Cumhurba\u015fkan\u0131 Recep Tayyip Erdo\u011fan taraf\u0131ndan a\u00e7\u0131l\u0131\u015f\u0131 yap\u0131lan Haf\u0131za 15 Temmuz M\u00fczesi ilk kez g\u00f6r\u00fcnt\u00fclendi. 15 Temmuz hain darbe giri\u015fiminin y\u0131l d\u00f6n\u00fcm\u00fcnde a\u00e7\u0131lan m\u00fczede \u015fehit \u00d6mer Halisdemir\u2019in \u00f6zel harekat beresi ve kamas\u0131 ile \u015fehitlere ait \u00e7ok say\u0131da e\u015fya sergileniyor.<\/p>\n<p>Yap\u0131m\u0131na yakla\u015f\u0131k 1,5 y\u0131l \u00f6nce ba\u015flanan &#8220;Haf\u0131za 15 Temmuz&#8221; m\u00fczesinin yap\u0131m\u0131 tamamland\u0131. M\u00fczenin a\u00e7\u0131l\u0131\u015f\u0131n\u0131 Cumhurba\u015fkan\u0131 Recep Tayyip Erdo\u011fan yapt\u0131.  M\u00fcze alan\u0131n\u0131n bin 500 metrekare oldu\u011fu belirtilirken, yakla\u015f\u0131k 200 metrekarelik de bir mescit bulunuyor. M\u00fczenin \u00e7evresinde ise 11 bin metrekarelik ye\u015fil alan olu\u015fturuldu. M\u00fczede darbe giri\u015fimi gecesi g\u00f6sterilen direni\u015f t\u00fcm y\u00f6nleriyle anlat\u0131l\u0131yor. M\u00fczede dev ekranda 15 Temmuz gecesini anlatan belgeselin yan\u0131 s\u0131ra tank\u0131n \u00fczerinden ge\u00e7ti\u011fi otomobil, \u015fehitlerin ki\u015fisel e\u015fyalar\u0131, \u00d6mer Halisdemir\u2019e ait \u00d6zel Harekat beresi ve kamas\u0131 ile 15 Temmuz gecesi \u00e7ekilmi\u015f g\u00f6r\u00fcnt\u00fcler yer al\u0131yor. M\u00fczede ayr\u0131ca d\u00fcnya darbeler tarihi, s\u00f6m\u00fcrgecilik tarihi ile ilgili bilgi verilecek b\u00f6l\u00fcmler de bulunuyor.<\/p>\n","protected":false},"excerpt":{"rendered":"<p>CUMHURBA\u015eKANI RECEP TAYY\u0130P ERDO\u011eAN TARAFINDAN A\u00c7ILI\u015eI YAPILAN HAFIZA 15 TEMMUZ M\u00dcZES\u0130 \u0130LK KEZ G\u00d6R\u00dcNT\u00dcLEND\u0130. 15 TEMMUZ HA\u0130N DARBE G\u0130R\u0130\u015e\u0130M\u0130N\u0130N YIL D\u00d6N\u00dcM\u00dcNDE A\u00c7ILAN M\u00dcZEDE \u015eEH\u0130T \u00d6MER HAL\u0130SDEM\u0130R\u2019\u0130N \u00d6ZEL HAREKAT BERES\u0130 VE KAMASI \u0130LE \u015eEH\u0130TLERE A\u0130T \u00c7OK SAYIDA E\u015eYA SERG\u0130LEN\u0130YOR.<\/p>\n","protected":false},"author":1,"featured_media":182463,"comment_status":"closed","ping_status":"open","sticky":false,"template":"","format":"standard","meta":{"jetpack_post_was_ever_published":false,"_jetpack_newsletter_access":"","_jetpack_dont_email_post_to_subs":false,"_jetpack_newsletter_tier_id":0,"_jetpack_memberships_contains_paywalled_content":false,"_jetpack_memberships_contains_paid_content":false,"footnotes":"","jetpack_publicize_message":"","jetpack_publicize_feature_enabled":true,"jetpack_social_post_already_shared":true,"jetpack_social_options":{"image_generator_settings":{"template":"highway","default_image_id":0,"font":"","enabled":false},"version":2}},"categories":[1],"tags":[3388,44932,37,1497,802,1148],"class_list":["post-182462","post","type-post","status-publish","format-standard","has-post-thumbnail","hentry","category-genel","tag-goruntulendi","tag-hafiza","tag-ilk","tag-kez","tag-muzesi","tag-temmuz"],"jetpack_publicize_connections":[],"jetpack_featured_media_url":"https:\/\/i0.wp.com\/www.tvturk.com\/wp-content\/uploads\/2019\/07\/hafiza-15-temmuz-muzesi-ilk-kez-goruntulendi_0c97d09.jpg?fit=1000%2C562","jetpack_sharing_enabled":true,"jetpack_shortlink":"https:\/\/wp.me\/paKIfm-LsW","_links":{"self":[{"href":"http:\/\/www.tvturk.com\/index.php\/wp-json\/wp\/v2\/posts\/182462","targetHints":{"allow":["GET"]}}],"collection":[{"href":"http:\/\/www.tvturk.com\/index.php\/wp-json\/wp\/v2\/posts"}],"about":[{"href":"http:\/\/www.tvturk.com\/index.php\/wp-json\/wp\/v2\/types\/post"}],"author":[{"embeddable":true,"href":"http:\/\/www.tvturk.com\/index.php\/wp-json\/wp\/v2\/users\/1"}],"replies":[{"embeddable":true,"href":"http:\/\/www.tvturk.com\/index.php\/wp-json\/wp\/v2\/comments?post=182462"}],"version-history":[{"count":0,"href":"http:\/\/www.tvturk.com\/index.php\/wp-json\/wp\/v2\/posts\/182462\/revisions"}],"wp:featuredmedia":[{"embeddable":true,"href":"http:\/\/www.tvturk.com\/index.php\/wp-json\/wp\/v2\/media\/182463"}],"wp:attachment":[{"href":"http:\/\/www.tvturk.com\/index.php\/wp-json\/wp\/v2\/media?parent=182462"}],"wp:term":[{"taxonomy":"category","embeddable":true,"href":"http:\/\/www.tvturk.com\/index.php\/wp-json\/wp\/v2\/categories?post=182462"},{"taxonomy":"post_tag","embeddable":true,"href":"http:\/\/www.tvturk.com\/index.php\/wp-json\/wp\/v2\/tags?post=182462"}],"curies":[{"name":"wp","href":"https:\/\/api.w.org\/{rel}","templated":true}]}}