{"id":182468,"date":"2019-07-16T00:01:59","date_gmt":"2019-07-15T21:01:59","guid":{"rendered":"http:\/\/www.tvturk.com\/index.php\/istanbul-buyuksehir-belediyesi-onunde-15-temmuz-anildi\/"},"modified":"2019-07-16T00:01:59","modified_gmt":"2019-07-15T21:01:59","slug":"istanbul-buyuksehir-belediyesi-onunde-15-temmuz-anildi","status":"publish","type":"post","link":"http:\/\/www.tvturk.com\/index.php\/istanbul-buyuksehir-belediyesi-onunde-15-temmuz-anildi\/","title":{"rendered":"\u0130stanbul B\u00fcy\u00fck\u015fehir Belediyesi \u00f6n\u00fcnde 15 Temmuz an\u0131ld\u0131"},"content":{"rendered":"<p>Darbe giri\u015fimi s\u0131ras\u0131nda \u0130stanbul B\u00fcy\u00fck\u015fehir Belediyesi (\u0130BB) \u00f6n\u00fcnde \u015fehit d\u00fc\u015fen 13 ki\u015fi, d\u00fczenlenen t\u00f6renle an\u0131ld\u0131. Belediye binas\u0131 \u00f6n\u00fcnde d\u00fczenlenen t\u00f6rende konu\u015fan B\u00fcy\u00fck\u015fehir Belediye Ba\u015fkan\u0131 Ekrem \u0130mamo\u011flu, \u201c\u0130stanbul B\u00fcy\u00fck\u015fehir Belediyesindeki 13 \u015fehidimizle birlikte t\u00fcm \u015fehitlerimizin ruhlar\u0131 \u015fad olsun\u201d dedi.<\/p>\n<p>15 Temmuz darbe giri\u015fiminde \u0130stanbul B\u00fcy\u00fck\u015fehir Belediyesi \u00f6n\u00fcnde \u015fehit d\u00fc\u015fen 13 ki\u015fi d\u00fczenlenen t\u00f6renle an\u0131ld\u0131. T\u00f6rene B\u00fcy\u00fck\u015fehir Belediye Ba\u015fkan\u0131 Ekrem \u0130mamo\u011flu, il\u00e7e belediye ba\u015fkanlar\u0131, belediye meclis \u00fcyeleri, gaziler ve \u015fehit yak\u0131nlar\u0131 kat\u0131ld\u0131. \u0130stiklal Mar\u015f\u0131\u2019n\u0131n okunmas\u0131 ile ba\u015flayan programda Kur\u2019an-\u0131 Kerim okundu.<\/p>\n<p>G\u00fcn\u00fcn anlam ve \u00f6nemine binaen bir konu\u015fma yapan \u0130mamo\u011flu, \u201cGer\u00e7ekten 15 Temmuz demokrasimize ve milli birli\u011fimize s\u0131k\u0131ca sar\u0131lma, millet iradesini yok sayman\u0131n her t\u00fcrl\u00fcs\u00fcne kar\u015f\u0131 koyma kararl\u0131l\u0131\u011f\u0131m\u0131z\u0131 y\u00fcksek sesle, hem de en \u00fcst iradeyle ilan etme g\u00fcn\u00fcd\u00fcr. 15 Temmuz hakimiyetin kay\u0131ts\u0131z \u015farts\u0131z millete ait oldu\u011fu ger\u00e7e\u011fini, Gazi Meclisimizin \u00f6nemini ve de\u011ferini hat\u0131rlama ve her zaman hi\u00e7 unutturmadan hat\u0131rlatma g\u00fcn\u00fcd\u00fcr. \u00dclkemizi 15 Temmuz\u2019a ta\u015f\u0131yan ko\u015fullar\u0131 d\u00fcr\u00fcst\u00e7e analiz etmek ve bir daha b\u00f6ylesi al\u00e7akl\u0131klar\u0131n ya\u015fanmamas\u0131 i\u00e7in gerekli \u015fartlar\u0131 olu\u015fturman\u0131n \u00f6n\u00fcm\u00fczdeki en \u00f6nemli g\u00f6revlerinden biri oldu\u011funu asla unutmamak demektir\u201d dedi.<\/p>\n<p>\u201cHi\u00e7bir g\u00fc\u00e7 milletin iradesinin \u00fcst\u00fcnde de\u011fildir\u201d<\/p>\n<p>Ba\u015fkan \u0130mamo\u011flu, \u201cUnutmayal\u0131m ki 15 Temmuz hain darbecilerinin devlet i\u00e7erisinde bir vir\u00fcs gibi yay\u0131lmalar\u0131 uzun y\u0131llar boyunca ve bu konuda yap\u0131lan say\u0131s\u0131z uyar\u0131lara ra\u011fmen ger\u00e7ekle\u015fmi\u015ftir. Bu konuda uyar\u0131lar yapanlar\u0131n hakaretlere u\u011frad\u0131klar\u0131na, cezaland\u0131r\u0131ld\u0131klar\u0131na ve bu u\u011furda ne yaz\u0131k ki hayatlar\u0131n\u0131 yitirdiklerine hep birlikte millet\u00e7e tan\u0131k olduk. Su\u00e7lular\u0131 bir yana b\u0131rak\u0131p onu a\u00e7\u0131\u011fa \u00e7\u0131karanlarla u\u011fra\u015fmak bir devletin, bir toplumun ya\u015fayabilece\u011fi en ac\u0131, en korkun\u00e7 ak\u0131l tutulmalar\u0131ndan biridir. Ama ne yaz\u0131k ki ya\u015fad\u0131k. Biz yak\u0131n ge\u00e7mi\u015fte bunu ya\u015fad\u0131k ve maalesef ya\u015fad\u0131klar\u0131m\u0131zdan yeterince ders ald\u0131\u011f\u0131m\u0131z\u0131 s\u00f6yleyemeyiz. Herkesi, her kesimi kolayca su\u00e7lu, d\u00fc\u015fman, ter\u00f6rist ilan etmeye dayal\u0131 siyaset dilinin gerek ger\u00e7ek su\u00e7lu, d\u00fc\u015fman ve ter\u00f6ristlerin su\u00e7unu \u00f6rtmekten ba\u015fka bir i\u015fe yaramad\u0131\u011f\u0131 anla\u015f\u0131lmal\u0131d\u0131r. \u0130stanbulumuzun en k\u0131ymetli kurumlar\u0131ndan \u0130BB\u2019nin \u00f6n\u00fcnde 13 \u00e7al\u0131\u015fan\u0131n\u0131 \u015fehit vermi\u015f kurumun ba\u015fkan\u0131 olarak bir kez daha diyorum ki hi\u00e7bir g\u00fc\u00e7 milletin iradesinin \u00fcst\u00fcnde de\u011fildir ve olamaz\u201d ifadelerini kulland\u0131.<\/p>\n<p>15 Temmuz\u2019un kahramanlar\u0131na sevgi, sayg\u0131 ve \u015f\u00fckran duygular\u0131n\u0131n eksilmeyece\u011fini s\u00f6yleyen \u0130mamo\u011flu, \u201cOnlar\u0131n y\u00fcksek karakterlerinden, o b\u00fcy\u00fck kahramanl\u0131klar\u0131ndan feyz alaca\u011f\u0131z. Sizlerin kahramanl\u0131klar\u0131 ve bu gazi meclisimizin \u00f6n\u00fcnde hayatlar\u0131n\u0131 kaybeden t\u00fcm \u015fehitlerimizle birlikte rahmet ve minnetle an\u0131yorum. Gazilerimize sa\u011fl\u0131k ve esenlik diliyorum. Umuyorum ki milletimiz hi\u00e7bir zaman bir daha b\u00f6yle bir hain sald\u0131r\u0131yla kar\u015f\u0131la\u015fmaz ve buna d\u00f6n\u00fck t\u00fcm haz\u0131rl\u0131klara kar\u015f\u0131 uyan\u0131k ve i\u00e7 d\u0131\u015f faaliyetlere f\u0131rsat vermeyiz. Bu manada hepimiz sorumluyuz. T\u00fcm vatanda\u015flar\u0131m\u0131z, kamu y\u00f6neticileri, herkes, her an\u0131nda en uyan\u0131k \u015fekilde s\u00fcrece dahil devletin duru\u015funu, varl\u0131\u011f\u0131n\u0131 ve milletimizin birli\u011fini korumakla mesul oldu\u011funu unutmamal\u0131d\u0131r. \u015eehitlerimize rahmet, gazilerimize sa\u011fl\u0131k diyorum\u201d dedi.<\/p>\n<p>Konu\u015fmas\u0131n\u0131n ard\u0131ndan \u0130mamo\u011flu ve beraberindekiler, belediye binas\u0131 \u00f6n\u00fcndeki \u015fehitlerin foto\u011fraflar\u0131n\u0131n oldu\u011fu panonun \u00f6n\u00fcne karanfiller b\u0131rakarak, \u015fehitler i\u00e7in dualar okundu. Daha sonra belediye binas\u0131nda \u015fehit ve gazi yak\u0131nlar\u0131 i\u00e7in kokteyl verildi. Kokteylde 15 Temmuz \u015fehitlerinin yak\u0131nlar\u0131, ge\u00e7en \u00fc\u00e7 y\u0131l\u0131n ard\u0131ndan hem h\u00fcz\u00fcn, hem ac\u0131 hem de gurur ya\u015fad\u0131klar\u0131n\u0131 dile getirdiler.<\/p>\n<p>\u00d6te yandan anma t\u00f6renleri kapsam\u0131nda \u015fehitler i\u00e7in \u015eehzadeba\u015f\u0131 Camii\u2019nde de mevlit okutuldu.<\/p>\n","protected":false},"excerpt":{"rendered":"<p>ANMANIN ARDINDAN BELED\u0130YE B\u0130NASINDA \u015eEH\u0130T VE GAZ\u0130 YAKINLARI \u0130\u00c7\u0130N YEMEK VER\u0130LD\u0130<\/p>\n","protected":false},"author":1,"featured_media":182469,"comment_status":"closed","ping_status":"open","sticky":false,"template":"","format":"standard","meta":{"jetpack_post_was_ever_published":false,"_jetpack_newsletter_access":"","_jetpack_dont_email_post_to_subs":false,"_jetpack_newsletter_tier_id":0,"_jetpack_memberships_contains_paywalled_content":false,"_jetpack_memberships_contains_paid_content":false,"footnotes":"","jetpack_publicize_message":"","jetpack_publicize_feature_enabled":true,"jetpack_social_post_already_shared":true,"jetpack_social_options":{"image_generator_settings":{"template":"highway","default_image_id":0,"font":"","enabled":false},"version":2}},"categories":[1],"tags":[241,383,191,730,3565,1148],"class_list":["post-182468","post","type-post","status-publish","format-standard","has-post-thumbnail","hentry","category-genel","tag-anildi","tag-belediyesi","tag-buyuksehir","tag-istanbul","tag-onunde","tag-temmuz"],"jetpack_publicize_connections":[],"jetpack_featured_media_url":"https:\/\/i0.wp.com\/www.tvturk.com\/wp-content\/uploads\/2019\/07\/istanbul-buyuksehir-belediyesi-onunde-15-temmuz-anildi_97b01ea.jpg?fit=1000%2C666","jetpack_sharing_enabled":true,"jetpack_shortlink":"https:\/\/wp.me\/paKIfm-Lt2","_links":{"self":[{"href":"http:\/\/www.tvturk.com\/index.php\/wp-json\/wp\/v2\/posts\/182468","targetHints":{"allow":["GET"]}}],"collection":[{"href":"http:\/\/www.tvturk.com\/index.php\/wp-json\/wp\/v2\/posts"}],"about":[{"href":"http:\/\/www.tvturk.com\/index.php\/wp-json\/wp\/v2\/types\/post"}],"author":[{"embeddable":true,"href":"http:\/\/www.tvturk.com\/index.php\/wp-json\/wp\/v2\/users\/1"}],"replies":[{"embeddable":true,"href":"http:\/\/www.tvturk.com\/index.php\/wp-json\/wp\/v2\/comments?post=182468"}],"version-history":[{"count":0,"href":"http:\/\/www.tvturk.com\/index.php\/wp-json\/wp\/v2\/posts\/182468\/revisions"}],"wp:featuredmedia":[{"embeddable":true,"href":"http:\/\/www.tvturk.com\/index.php\/wp-json\/wp\/v2\/media\/182469"}],"wp:attachment":[{"href":"http:\/\/www.tvturk.com\/index.php\/wp-json\/wp\/v2\/media?parent=182468"}],"wp:term":[{"taxonomy":"category","embeddable":true,"href":"http:\/\/www.tvturk.com\/index.php\/wp-json\/wp\/v2\/categories?post=182468"},{"taxonomy":"post_tag","embeddable":true,"href":"http:\/\/www.tvturk.com\/index.php\/wp-json\/wp\/v2\/tags?post=182468"}],"curies":[{"name":"wp","href":"https:\/\/api.w.org\/{rel}","templated":true}]}}