{"id":182474,"date":"2019-07-16T00:16:29","date_gmt":"2019-07-15T21:16:29","guid":{"rendered":"http:\/\/www.tvturk.com\/index.php\/binler-vatan-nobeti-icin-meydanlara-akin-etti\/"},"modified":"2019-07-16T00:16:29","modified_gmt":"2019-07-15T21:16:29","slug":"binler-vatan-nobeti-icin-meydanlara-akin-etti","status":"publish","type":"post","link":"http:\/\/www.tvturk.com\/index.php\/binler-vatan-nobeti-icin-meydanlara-akin-etti\/","title":{"rendered":"Binler \u2018Vatan N\u00f6beti\u2019 i\u00e7in meydanlara ak\u0131n etti"},"content":{"rendered":"<p>Kocaeli\u2019de 15 Temmuz darbe giri\u015fiminin y\u0131l d\u00f6n\u00fcm\u00fcnde binler, \u2018Vatan N\u00f6beti\u2019 i\u00e7in meydanlara ak\u0131n etti. Anma program\u0131nda 251 imam hatip \u00f6\u011frencisinin 251 \u015fehide atfen gururland\u0131ran koreografi havadan g\u00f6r\u00fcnt\u00fclendi.<\/p>\n<p>Kocaeli\u2019de binler, 15 Temmuz 2016 Tarihine FET\u00d6\/PDY silahl\u0131 ter\u00f6r \u00f6rg\u00fct\u00fc taraf\u0131ndan ger\u00e7ekle\u015ftirilen hain darbe giri\u015fiminin y\u0131ld\u00f6n\u00fcm\u00fcnde meydanlara ak\u0131n etti. Kocaeli B\u00fcy\u00fck\u015fehir Belediyesi\u2019nin Kocaeli Valili\u011fi, \u00d6NDER \u0130mam Hatipliler Derne\u011fi ile ortakla\u015fa 15 Temmuz hain darbe giri\u015fiminin 3\u2019\u00fcnc\u00fc y\u0131l d\u00f6n\u00fcm\u00fcnde Milli \u0130rade Meydan\u0131\u2019nda ger\u00e7ekle\u015ftirdi\u011fi \u2018Vatan N\u00f6beti Devam Ediyor\u2019 program\u0131na Kocaelililer ak\u0131n etti. Genci, ya\u015fl\u0131s\u0131 binlerce vatanda\u015f alanda Milli \u0130rade ve Demokrasi N\u00f6beti tutarken, Ey\u00fcp Sultan \u0130mam Hatip Haf\u0131zl\u0131k Proje Ortaokulu, \u0130zmit \u0130mam Hatip Lisesi, Necip Faz\u0131l K\u0131sak\u00fcrek \u0130mam Hatip Lisesi\u2019nden 251 \u00f6\u011frenci, 15 Temmuz\u2019da \u015fehit olan 15 \u015fehide atfen sahnede olu\u015fturduklar\u0131 koreografilerle b\u00fcy\u00fck be\u011feni ald\u0131.<\/p>\n<p>Binlerce vatanda\u015f meydan\u0131 doldurdu<\/p>\n<p>\u2018Vatan N\u00f6beti Devam Ediyor\u2019 program\u0131na Kocaeli Valisi H\u00fcseyin Aksoy, Kocaeli B\u00fcy\u00fck\u015fehir Belediyesi Ba\u015fkan\u0131 Do\u00e7. Dr. Tahir B\u00fcy\u00fckak\u0131n, B\u00fcy\u00fck\u015fehir Belediyesi Genel Sekreteri Balamir G\u00fcndo\u011fdu, AK Parti \u0130l Ba\u015fkan\u0131 Mehmet Ellibe\u015f ile MHP \u0130l Ba\u015fkan\u0131 Ayd\u0131n \u00dcnl\u00fc, il\u00e7e belediye ba\u015fkanlar\u0131, Donanma Komutan\u0131  Koramiral Erc\u00fcment Tatl\u0131o\u011flu, Garnizon Komutan\u0131 T\u00fcmamiral Kadir Y\u0131ld\u0131z, \u0130l Emniyet M\u00fcd\u00fcr\u00fc Necati Denizci, KO\u00dc Rekt\u00f6r\u00fc Sadettin H\u00fclag\u00fc, Kocaeli M\u00fcft\u00fcs\u00fc Sinan Cihan, \u015fehit aileleri, gaziler, siyasi parti ve sivil toplum kurulu\u015flar\u0131n\u0131n temsilcileri ile binlerce vatanda\u015f kat\u0131ld\u0131.<\/p>\n<p>\u201cSelam olsun o gece tanklara kar\u015f\u0131 duranlara\u201d<\/p>\n<p>Programda konu\u015fan Kocaeli B\u00fcy\u00fck\u015fehir Belediye Ba\u015fkan\u0131 Tahir B\u00fcy\u00fckak\u0131n, \u201cBu milletin evlatlar\u0131n\u0131 kand\u0131rd\u0131lar. \u0130kiy\u00fczl\u00fc davrand\u0131lar. Hedeflerine ula\u015fabilmek i\u00e7in bu milletin evlatlar\u0131n\u0131n zihinlerini infial ettiler. Bu devletin kademelerini ele ge\u00e7irebilmek i\u00e7in sinsice planlar\u0131n\u0131 devreye soktular. 3 y\u0131l \u00f6nce bug\u00fcn hain bir kalk\u0131\u015fmayla, hain darbe giri\u015fimi ile milletimize kast etmeye \u00e7al\u0131\u015ft\u0131lar. Milletimizin evlatlar\u0131na kastettiler, milletimizin meclisini bombalad\u0131lar. Milletimizin bu devleti korumas\u0131 i\u00e7in, d\u00fc\u015fmanlara kar\u015f\u0131 yurdu savunmas\u0131 i\u00e7in verdi\u011fi silahlar\u0131 ac\u0131mas\u0131zca bu milletin evlatlar\u0131na do\u011frulttular. G\u00f6zlerini kan b\u00fcr\u00fcm\u00fc\u015ft\u00fc. Bu millete d\u00fc\u015fmanl\u0131klar\u0131n\u0131 kan olarak kustular, bomba olarak \u00fczerimize ya\u011fd\u0131rd\u0131lar. Ama bu milletin evlatlar\u0131, tarihin di\u011fer d\u00f6nemlerinde oldu\u011fu gibi, \u00c7anakkale\u2019de oldu\u011fu gibi, Malazgirt\u2019te oldu\u011fu gibi 15 Temmuz\u2019da da hain darbe giri\u015fimine kar\u015f\u0131 g\u00f6\u011fs\u00fcn\u00fc siper etmekten uzak kalmad\u0131. Selam olsun o gece tanklara kar\u015f\u0131 duranlara, selam olsun bombalara kar\u015f\u0131 duranlara\u201d dedi.<\/p>\n<p>\u201cHain darbe giri\u015fimi h\u00fcsrana u\u011frat\u0131lm\u0131\u015ft\u0131r\u201d<\/p>\n<p>Kocaeli Valisi H\u00fcseyin Aksoy ise, \u201cAsla unutmayaca\u011f\u0131m\u0131z ve unutturmayaca\u011f\u0131m\u0131z 15 Temmuz hain darbe giri\u015fimi, \u00fclkesine, devletine, demokrasisine, anayasal d\u00fczenine ve \u00f6zg\u00fcrl\u00fc\u011f\u00fcne ba\u011fl\u0131l\u0131\u011f\u0131n\u0131, ayd\u0131nl\u0131k bir gelecek idealinden asla taviz vermeyece\u011fini t\u00fcm d\u00fcnyaya hayk\u0131ran asil milletimizin yazd\u0131\u011f\u0131 kahramanl\u0131k destan\u0131 ile h\u00fcsrana u\u011frat\u0131lm\u0131\u015ft\u0131r. Rengini \u015fehitlerimizin kan\u0131ndan alan ay-y\u0131ld\u0131zl\u0131 bayra\u011f\u0131m\u0131z\u0131n g\u00f6lgesi alt\u0131nda sonsuza kadar h\u00fcr ve ba\u011f\u0131ms\u0131z ya\u015famaya ant i\u00e7mi\u015f olan aziz milletimiz,  15 Temmuz gecesi yurdun d\u00f6rt bir k\u00f6\u015fesinde milli birlik ve beraberlik i\u00e7erisinde, karde\u015flik ruhuyla, b\u00fcy\u00fck bir inan\u00e7, azim ve kararl\u0131l\u0131kla gece boyunca tank\u0131n, t\u00fcfe\u011fin, topun, u\u00e7a\u011f\u0131n, helikopterin kar\u015f\u0131s\u0131na iman\u0131yla, inanc\u0131yla, y\u00fcre\u011fiyle kendini siper ederek, darbe te\u015febb\u00fcs\u00fcnde bulunanlar\u0131n hedeflerine ula\u015fmalar\u0131n\u0131 engellemi\u015ftir\u201d diye konu\u015ftu.<\/p>\n<p>251 \u00f6\u011frenciden gururland\u0131ran koreografi<\/p>\n<p>Yap\u0131lan konu\u015fmalar\u0131n ard\u0131ndan farkl\u0131 imam hatip okullar\u0131nda e\u011fitim g\u00f6ren 251 \u00f6\u011frenci, hain darbe giri\u015fimi s\u0131ras\u0131nda \u015fehit d\u00fc\u015fen 251 \u015fehide atfen, koreografi olu\u015fturdu. Sahneye \u00e7\u0131kan \u00f6\u011frenciler, \u00f6nce bedenleri ile \u2018\u015eehitler vatan\u0131\u2019 yazd\u0131, daha sonra ise ay-y\u0131ld\u0131zl\u0131 T\u00fcrk bayra\u011f\u0131 koreografisi olu\u015fturdu. Vatanda\u015flardan b\u00fcy\u00fck alk\u0131\u015f toplayan o anlar havadan g\u00f6r\u00fcnt\u00fclendi. Program \u00f6\u011frencilerin dualar okumas\u0131n\u0131n ard\u0131ndan U\u011fur I\u015f\u0131lak konseri ile devam etti.<\/p>\n","protected":false},"excerpt":{"rendered":"<p>KOCAEL\u0130\u2019DE 15 TEMMUZ DARBE G\u0130R\u0130\u015e\u0130M\u0130N\u0130N YIL D\u00d6N\u00dcM\u00dcNDE B\u0130NLER, \u2018VATAN N\u00d6BET\u0130\u2019 \u0130\u00c7\u0130N MEYDANLARA AKIN ETT\u0130. ANMA PROGRAMINDA 251 \u0130MAM HAT\u0130P \u00d6\u011eRENC\u0130S\u0130N\u0130N 251 \u015eEH\u0130DE ATFEN GURURLANDIRAN KOREOGRAF\u0130 HAVADAN G\u00d6R\u00dcNT\u00dcLEND\u0130.<\/p>\n","protected":false},"author":1,"featured_media":182475,"comment_status":"closed","ping_status":"open","sticky":false,"template":"","format":"standard","meta":{"jetpack_post_was_ever_published":false,"_jetpack_newsletter_access":"","_jetpack_dont_email_post_to_subs":false,"_jetpack_newsletter_tier_id":0,"_jetpack_memberships_contains_paywalled_content":false,"_jetpack_memberships_contains_paid_content":false,"footnotes":"","jetpack_publicize_message":"","jetpack_publicize_feature_enabled":true,"jetpack_social_post_already_shared":true,"jetpack_social_options":{"image_generator_settings":{"template":"highway","default_image_id":0,"font":"","enabled":false},"version":2}},"categories":[1],"tags":[328,8482,207,44,24174,27263,4708],"class_list":["post-182474","post","type-post","status-publish","format-standard","has-post-thumbnail","hentry","category-genel","tag-akin","tag-binler","tag-etti","tag-icin","tag-meydanlara","tag-nobeti","tag-vatan"],"jetpack_publicize_connections":[],"jetpack_featured_media_url":"https:\/\/i0.wp.com\/www.tvturk.com\/wp-content\/uploads\/2019\/07\/binler-vatan-nobeti-icin-meydanlara-akin-etti_e96fcc4.jpg?fit=1000%2C625","jetpack_sharing_enabled":true,"jetpack_shortlink":"https:\/\/wp.me\/paKIfm-Lt8","_links":{"self":[{"href":"http:\/\/www.tvturk.com\/index.php\/wp-json\/wp\/v2\/posts\/182474","targetHints":{"allow":["GET"]}}],"collection":[{"href":"http:\/\/www.tvturk.com\/index.php\/wp-json\/wp\/v2\/posts"}],"about":[{"href":"http:\/\/www.tvturk.com\/index.php\/wp-json\/wp\/v2\/types\/post"}],"author":[{"embeddable":true,"href":"http:\/\/www.tvturk.com\/index.php\/wp-json\/wp\/v2\/users\/1"}],"replies":[{"embeddable":true,"href":"http:\/\/www.tvturk.com\/index.php\/wp-json\/wp\/v2\/comments?post=182474"}],"version-history":[{"count":0,"href":"http:\/\/www.tvturk.com\/index.php\/wp-json\/wp\/v2\/posts\/182474\/revisions"}],"wp:featuredmedia":[{"embeddable":true,"href":"http:\/\/www.tvturk.com\/index.php\/wp-json\/wp\/v2\/media\/182475"}],"wp:attachment":[{"href":"http:\/\/www.tvturk.com\/index.php\/wp-json\/wp\/v2\/media?parent=182474"}],"wp:term":[{"taxonomy":"category","embeddable":true,"href":"http:\/\/www.tvturk.com\/index.php\/wp-json\/wp\/v2\/categories?post=182474"},{"taxonomy":"post_tag","embeddable":true,"href":"http:\/\/www.tvturk.com\/index.php\/wp-json\/wp\/v2\/tags?post=182474"}],"curies":[{"name":"wp","href":"https:\/\/api.w.org\/{rel}","templated":true}]}}