{"id":182478,"date":"2019-07-16T00:31:48","date_gmt":"2019-07-15T21:31:48","guid":{"rendered":"http:\/\/www.tvturk.com\/index.php\/kahramanmarasta-15-temmuz-coskusu\/"},"modified":"2019-07-16T00:31:48","modified_gmt":"2019-07-15T21:31:48","slug":"kahramanmarasta-15-temmuz-coskusu","status":"publish","type":"post","link":"http:\/\/www.tvturk.com\/index.php\/kahramanmarasta-15-temmuz-coskusu\/","title":{"rendered":"Kahramanmara\u015f\u2019ta 15 Temmuz co\u015fkusu"},"content":{"rendered":"<p>Kahramanmara\u015f\u2019ta 15 Temmuz Demokrasi ve Milli Birlik G\u00fcn\u00fc d\u00fczenlenen \u00e7e\u015fitli etkinliklerle kutland\u0131.<\/p>\n<p>Kentte g\u00fcn boyu ger\u00e7ekle\u015fen programlar ak\u015fam kortej y\u00fcr\u00fcy\u00fc\u015f\u00fc ile ba\u015flad\u0131. M\u00fcft\u00fcl\u00fck Meydan\u0131\u2019ndan Demokrasi Meydan\u0131\u2019na kadar vatanda\u015flar \u015fehitler an\u0131s\u0131na y\u00fcr\u00fcy\u00fc\u015f d\u00fczenledi. D\u00fczenlenen etkinliklerde Kur\u2019an-\u0131 Kerim tilaveti, \u015fiir dinletisi, \u00e7e\u015fitli ezgi ve ilahilerle milli birlik g\u00fcn\u00fc kutland\u0131. Ellerindeki T\u00fcrk bayraklar\u0131yla 15 Temmuz hain darbe giri\u015fiminin y\u0131l d\u00f6n\u00fcm\u00fcndeki programa kat\u0131lan vatanda\u015flar, \u015fehitler an\u0131s\u0131na yap\u0131lan duaya hep birlikte \u2018amin\u2019 dedi.<\/p>\n<p>Kahramanmara\u015f B\u00fcy\u00fck\u015fehir Belediye Ba\u015fkan\u0131 Hayrettin G\u00fcng\u00f6r ve Kahramanmara\u015f Valisi Vahdettin \u00d6zkan\u2019\u0131n konu\u015fmalar\u0131n\u0131n ard\u0131ndan, Cumhurba\u015fkanl\u0131\u011f\u0131 \u0130leti\u015fim Ba\u015fkanl\u0131\u011f\u0131 taraf\u0131ndan haz\u0131rlanan 15 Temmuz k\u0131sa filmi izletildi. Mehterandan sonra yap\u0131lan \u00e7e\u015fitli etkinliklerle program sona erdi.<\/p>\n<p>Programda konu\u015fma yapan Kahramanmara\u015f B\u00fcy\u00fck\u015fehir Belediye Ba\u015fkan\u0131 Hayrettin G\u00fcng\u00f6r, \u2019\u2019\u00d6ncelikle bu vatan topraklar\u0131 i\u00e7in can\u0131n\u0131 feda eden b\u00fct\u00fcn \u015fehitlerimiz ile 15 Temmuz direni\u015finde teredd\u00fct etmeden can\u0131n\u0131 ortaya koyan \u015fehitlerimizi rahmet ve \u015f\u00fckranla an\u0131yorum. Vatan\u0131, milleti ve t\u00fcm mukaddesat\u0131n\u0131 muhafaza etmek i\u00e7in g\u00f6\u011fs\u00fcn\u00fc siper eden t\u00fcm gazilerimize de ayn\u0131 \u015fekilde minnettarl\u0131\u011f\u0131m\u0131z\u0131 ifade etmek istiyorum. \u00dc\u00e7 y\u0131l \u00f6nce bu g\u00fcn, o karanl\u0131k gecede, bir taraftan FET\u00d6 ve mensubu asker k\u0131l\u0131kl\u0131 ter\u00f6ristlerin ihanetine; di\u011fer yandan liderinin \u00e7a\u011fr\u0131s\u0131 ile saatler i\u00e7erisinde bir Milletinin kaderini de\u011fi\u015ftiren \u015fanl\u0131 direni\u015fe \u015fahit olduk\u2019\u2019 dedi.<\/p>\n<p>Demokrasi Meydan\u0131\u2019nda d\u00fczenlenen programa, Vali Vahdettin \u00d6zkan, B\u00fcy\u00fck\u015fehir Belediye Ba\u015fkan\u0131 Hayrettin G\u00fcng\u00f6r\u2019\u00fcn yan\u0131 s\u0131ra, siyasi parti il ve il\u00e7e ba\u015fkanlar\u0131, il\u00e7e belediye ba\u015fkanlar\u0131, kurum m\u00fcd\u00fcrleri ve vatanda\u015flar kat\u0131ld\u0131.<\/p>\n","protected":false},"excerpt":{"rendered":"<p>KAHRAMANMARA\u015e\u2019TA 15 TEMMUZ DEMOKRAS\u0130 VE M\u0130LL\u0130 B\u0130RL\u0130K G\u00dcN\u00dc D\u00dcZENLENEN \u00c7E\u015e\u0130TL\u0130 ETK\u0130NL\u0130KLERLE KUTLANDI<\/p>\n","protected":false},"author":1,"featured_media":182479,"comment_status":"closed","ping_status":"open","sticky":false,"template":"","format":"standard","meta":{"jetpack_post_was_ever_published":false,"_jetpack_newsletter_access":"","_jetpack_dont_email_post_to_subs":false,"_jetpack_newsletter_tier_id":0,"_jetpack_memberships_contains_paywalled_content":false,"_jetpack_memberships_contains_paid_content":false,"footnotes":"","jetpack_publicize_message":"","jetpack_publicize_feature_enabled":true,"jetpack_social_post_already_shared":true,"jetpack_social_options":{"image_generator_settings":{"template":"highway","default_image_id":0,"font":"","enabled":false},"version":2}},"categories":[1],"tags":[6596,4496,1148],"class_list":["post-182478","post","type-post","status-publish","format-standard","has-post-thumbnail","hentry","category-genel","tag-coskusu","tag-kahramanmarasta","tag-temmuz"],"jetpack_publicize_connections":[],"jetpack_featured_media_url":"https:\/\/i0.wp.com\/www.tvturk.com\/wp-content\/uploads\/2019\/07\/kahramanmarasta-15-temmuz-coskusu_3d99628.jpg?fit=1000%2C666","jetpack_sharing_enabled":true,"jetpack_shortlink":"https:\/\/wp.me\/paKIfm-Ltc","_links":{"self":[{"href":"http:\/\/www.tvturk.com\/index.php\/wp-json\/wp\/v2\/posts\/182478","targetHints":{"allow":["GET"]}}],"collection":[{"href":"http:\/\/www.tvturk.com\/index.php\/wp-json\/wp\/v2\/posts"}],"about":[{"href":"http:\/\/www.tvturk.com\/index.php\/wp-json\/wp\/v2\/types\/post"}],"author":[{"embeddable":true,"href":"http:\/\/www.tvturk.com\/index.php\/wp-json\/wp\/v2\/users\/1"}],"replies":[{"embeddable":true,"href":"http:\/\/www.tvturk.com\/index.php\/wp-json\/wp\/v2\/comments?post=182478"}],"version-history":[{"count":0,"href":"http:\/\/www.tvturk.com\/index.php\/wp-json\/wp\/v2\/posts\/182478\/revisions"}],"wp:featuredmedia":[{"embeddable":true,"href":"http:\/\/www.tvturk.com\/index.php\/wp-json\/wp\/v2\/media\/182479"}],"wp:attachment":[{"href":"http:\/\/www.tvturk.com\/index.php\/wp-json\/wp\/v2\/media?parent=182478"}],"wp:term":[{"taxonomy":"category","embeddable":true,"href":"http:\/\/www.tvturk.com\/index.php\/wp-json\/wp\/v2\/categories?post=182478"},{"taxonomy":"post_tag","embeddable":true,"href":"http:\/\/www.tvturk.com\/index.php\/wp-json\/wp\/v2\/tags?post=182478"}],"curies":[{"name":"wp","href":"https:\/\/api.w.org\/{rel}","templated":true}]}}