{"id":182488,"date":"2019-07-16T01:01:50","date_gmt":"2019-07-15T22:01:50","guid":{"rendered":"http:\/\/www.tvturk.com\/index.php\/3-yil-once-demokrasi-nobetinde-tanisip-evlenen-cift-nobette-yerini-aldi\/"},"modified":"2019-07-16T01:01:50","modified_gmt":"2019-07-15T22:01:50","slug":"3-yil-once-demokrasi-nobetinde-tanisip-evlenen-cift-nobette-yerini-aldi","status":"publish","type":"post","link":"http:\/\/www.tvturk.com\/index.php\/3-yil-once-demokrasi-nobetinde-tanisip-evlenen-cift-nobette-yerini-aldi\/","title":{"rendered":"3 y\u0131l \u00f6nce demokrasi n\u00f6betinde tan\u0131\u015f\u0131p evlenen \u00e7ift, n\u00f6bette yerini ald\u0131"},"content":{"rendered":"<p>Bart\u0131n\u2019da 15 Temmuz 2016 y\u0131l\u0131nda FET\u00d6\u2019c\u00fc ter\u00f6ristler taraf\u0131ndan ger\u00e7ekle\u015ftirilmek istenen darbe giri\u015fimi s\u0131ras\u0131nda tutulan demokrasi n\u00f6betinde tan\u0131\u015f\u0131p evlenen \u00e7ift, bu y\u0131lda alandaki yerini ald\u0131.<\/p>\n<p>Bart\u0131n\u2019da ya\u015fayan Harun ve Fatma Ayta\u00e7 \u00e7ifti, 15 Temmuz 2016 y\u0131l\u0131nda T\u00fcrk Silahl\u0131 Kuvvetlerine s\u0131zan FET\u00d6\u2019c\u00fc ter\u00f6ristler taraf\u0131ndan ger\u00e7ekle\u015ftirilmek istenen darbe giri\u015fimi s\u0131ras\u0131nda Cumhurba\u015fkan\u0131 Recep Tayip Erdo\u011fan\u2019\u0131n \u00e7a\u011fr\u0131s\u0131 \u00fczerine Cumhuriyet Meydan\u0131\u2019nda, n\u00f6bette tan\u0131\u015f\u0131p d\u00fcnya evine girdi. 29 g\u00fcn boyunca tutulan n\u00f6betlerde konu\u015fup anla\u015f\u0131p d\u00fcnya evine giren \u00e7ift, bu y\u0131lda 15 Temmuz Demokrasi ve Milli Birlik G\u00fcn\u00fc etkinlikleri kapsam\u0131nda d\u00fczenlenen demokrasi n\u00f6betinde 3 y\u0131l \u00f6ncede birlikte sallad\u0131\u011f\u0131 bayraklar\u0131yla yerlerini ald\u0131.<\/p>\n<p>Asl\u0131nda kom\u015fu olduklar\u0131n\u0131 ve demokrasi n\u00f6betleri s\u0131ras\u0131nda konu\u015fmaya ba\u015flad\u0131klar\u0131n\u0131 belirten Harun Ayta\u00e7, \u201cAsl\u0131nda kom\u015fuyuz. Ama konu\u015fmu\u015flu\u011fumuz yoktu. 15 Temmuz ak\u015fam\u0131 Cumhuriyet Meydan\u0131\u2019nda konu\u015ftuk ve 29 g\u00fcn boyunca n\u00f6betlere gidip, geldik. Daha sonra da evlendik. O g\u00fcnden bu yana her y\u0131l demokrasi n\u00f6betlerine kat\u0131l\u0131yoruz. Kat\u0131lmaya da devam edece\u011fiz\u201d dedi.<\/p>\n<p>Di\u011fer yandan kapal\u0131 pazar yerinde d\u00fczenlenen demokrasi n\u00f6betine Bart\u0131n Valisi Sinan G\u00fcner, AK Parti Bart\u0131n Milletvekili Y\u0131lmaz Tun\u00e7, Bart\u0131n Belediye Ba\u015fkan\u0131 Cemal Ak\u0131n, Bart\u0131n Garnizon Komutan\u0131 Deniz Albay Mustafa \u00c7al\u0131\u015fkan, kurumlar\u0131n\u0131n temsilcileri ve \u00e7ok say\u0131da vatanda\u015f kat\u0131ld\u0131. Yakla\u015f\u0131k 4 saat tutulan n\u00f6bette darbe giri\u015fimlerine tepki g\u00f6sterilirken, darbeye direnirken hayatlar\u0131n\u0131 kaybeden 252 \u015fehit dualarla an\u0131ld\u0131.<\/p>\n","protected":false},"excerpt":{"rendered":"<p>BARTIN\u2019DA 15 TEMMUZ 2016 YILINDA FET\u00d6\u2019C\u00dc TER\u00d6R\u0130STLER TARAFINDAN GER\u00c7EKLE\u015eT\u0130R\u0130LMEK \u0130STENEN DARBE G\u0130R\u0130\u015e\u0130M\u0130 SIRASINDA TUTULAN DEMOKRAS\u0130 N\u00d6BET\u0130NDE TANI\u015eIP EVLENEN \u00c7\u0130FT, BU YILDA ALANDAK\u0130 YER\u0130N\u0130 ALDI.<\/p>\n","protected":false},"author":1,"featured_media":182489,"comment_status":"closed","ping_status":"open","sticky":false,"template":"","format":"standard","meta":{"jetpack_post_was_ever_published":false,"_jetpack_newsletter_access":"","_jetpack_dont_email_post_to_subs":false,"_jetpack_newsletter_tier_id":0,"_jetpack_memberships_contains_paywalled_content":false,"_jetpack_memberships_contains_paid_content":false,"footnotes":"","jetpack_publicize_message":"","jetpack_publicize_feature_enabled":true,"jetpack_social_post_already_shared":true,"jetpack_social_options":{"image_generator_settings":{"template":"highway","default_image_id":0,"font":"","enabled":false},"version":2}},"categories":[1],"tags":[1075,5552,15622,30141,38995,45044,232,23593,1469,231],"class_list":["post-182488","post","type-post","status-publish","format-standard","has-post-thumbnail","hentry","category-genel","tag-aldi","tag-cift","tag-demokrasi","tag-evlenen","tag-nobetinde","tag-nobette","tag-once","tag-tanisip","tag-yerini","tag-yil"],"jetpack_publicize_connections":[],"jetpack_featured_media_url":"https:\/\/i0.wp.com\/www.tvturk.com\/wp-content\/uploads\/2019\/07\/3-yil-once-demokrasi-nobetinde-tanisip-evlenen-cift-nobette-yerini-aldi_974ed59.jpg?fit=1000%2C562","jetpack_sharing_enabled":true,"jetpack_shortlink":"https:\/\/wp.me\/paKIfm-Ltm","_links":{"self":[{"href":"http:\/\/www.tvturk.com\/index.php\/wp-json\/wp\/v2\/posts\/182488","targetHints":{"allow":["GET"]}}],"collection":[{"href":"http:\/\/www.tvturk.com\/index.php\/wp-json\/wp\/v2\/posts"}],"about":[{"href":"http:\/\/www.tvturk.com\/index.php\/wp-json\/wp\/v2\/types\/post"}],"author":[{"embeddable":true,"href":"http:\/\/www.tvturk.com\/index.php\/wp-json\/wp\/v2\/users\/1"}],"replies":[{"embeddable":true,"href":"http:\/\/www.tvturk.com\/index.php\/wp-json\/wp\/v2\/comments?post=182488"}],"version-history":[{"count":0,"href":"http:\/\/www.tvturk.com\/index.php\/wp-json\/wp\/v2\/posts\/182488\/revisions"}],"wp:featuredmedia":[{"embeddable":true,"href":"http:\/\/www.tvturk.com\/index.php\/wp-json\/wp\/v2\/media\/182489"}],"wp:attachment":[{"href":"http:\/\/www.tvturk.com\/index.php\/wp-json\/wp\/v2\/media?parent=182488"}],"wp:term":[{"taxonomy":"category","embeddable":true,"href":"http:\/\/www.tvturk.com\/index.php\/wp-json\/wp\/v2\/categories?post=182488"},{"taxonomy":"post_tag","embeddable":true,"href":"http:\/\/www.tvturk.com\/index.php\/wp-json\/wp\/v2\/tags?post=182488"}],"curies":[{"name":"wp","href":"https:\/\/api.w.org\/{rel}","templated":true}]}}