{"id":182584,"date":"2019-07-16T10:31:54","date_gmt":"2019-07-16T07:31:54","guid":{"rendered":"http:\/\/www.tvturk.com\/index.php\/ogrenciler-omer-halisdemirin-sehit-edildigi-anlari-canlandirdi\/"},"modified":"2019-07-16T10:31:54","modified_gmt":"2019-07-16T07:31:54","slug":"ogrenciler-omer-halisdemirin-sehit-edildigi-anlari-canlandirdi","status":"publish","type":"post","link":"http:\/\/www.tvturk.com\/index.php\/ogrenciler-omer-halisdemirin-sehit-edildigi-anlari-canlandirdi\/","title":{"rendered":"\u00d6\u011frenciler \u00d6mer Halisdemir\u2019in \u015fehit edildi\u011fi anlar\u0131 canland\u0131rd\u0131"},"content":{"rendered":"<p>Kumluca Kaymakaml\u0131\u011f\u0131n\u0131n koordinesinde \u015eehit \u00d6mer Halisdemir \u0130mam Hatip Ortaokulu taraf\u0131ndan Demokrasi ve Millik Birlik G\u00fcn\u00fc etkinlikleri d\u00fczenlendi. Gecede \u00f6\u011frenciler, \u00d6mer Halisdemir\u2019in \u015fehit olu\u015funu canland\u0131ran k\u0131sa bir tiyatro g\u00f6sterisi sergiledi.<\/p>\n<p>Cumhuriyet Meydan\u0131nda d\u00fczenlenen etkinliklere, K\u0131r\u0131kkale Vali Yard\u0131mc\u0131s\u0131 Muammer K\u00f6ken, Kumluca Kaymakam\u0131 Hakk\u0131 Uzun, Kumluca Belediye Ba\u015fkan\u0131 Mustafa K\u00f6leo\u011flu, Cumhuriyet Ba\u015fsavc\u0131 Vekili O\u011fuzhan Karata\u015f, daire amirleri, siyasi parti temsilcileri, sivil toplum \u00f6rg\u00fctlerinin temsilcileri, muhtarlar ve \u00e7ok say\u0131da vatanda\u015f kat\u0131ld\u0131.<\/p>\n<p>Program sayg\u0131 duru\u015fu ve istiklal mar\u015f\u0131n\u0131n okunmas\u0131 ile ba\u015flad\u0131. Kuran-\u0131 Kerim tilaveti ve \u0130l\u00e7e Milli E\u011fitim M\u00fcd\u00fcr\u00fc Mehmet Ali Girgin\u2019in g\u00fcn\u00fcn anlam ve \u00f6nemini belirten konu\u015fmas\u0131 ile devam etti. \u0130l\u00e7e M\u00fcft\u00fcl\u00fc\u011f\u00fcne ba\u011fl\u0131 imam hatipler taraf\u0131ndan kaside ve ilahiler okundu. \u015eehit \u00d6mer Halisdemir \u0130mam Hatip Ortaokulu \u00f6\u011frencileri taraf\u0131ndan \u015fiirler ve 15 Temmuz mar\u015flar\u0131 okundu. \u015eehit \u00d6mer Halisdemir \u0130mam Hatip Ortaokulu \u00f6\u011frencileri taraf\u0131ndan \u00d6mer Halisdemir\u2019in \u015fehit olu\u015funu canland\u0131ran k\u0131sa bir tiyatro g\u00f6sterisi yap\u0131ld\u0131. \u0130l\u00e7e M\u00fcft\u00fcs\u00fc Hac\u0131 Kahraman\u2019\u0131n yapm\u0131\u015f oldu\u011fu dua ile program sona erdi.<\/p>\n","protected":false},"excerpt":{"rendered":"<p>KUMLUCA KAYMAKAMLI\u011eININ KOORD\u0130NES\u0130NDE \u015eEH\u0130T \u00d6MER HAL\u0130SDEM\u0130R \u0130MAM HAT\u0130P ORTAOKULU TARAFINDAN DEMOKRAS\u0130 VE M\u0130LL\u0130K B\u0130RL\u0130K G\u00dcN\u00dc ETK\u0130NL\u0130KLER\u0130 D\u00dcZENLEND\u0130. GECEDE \u00d6\u011eRENC\u0130LER,  \u00d6MER HAL\u0130SDEM\u0130R\u2019\u0130N \u015eEH\u0130T OLU\u015eUNU CANLANDIRAN KISA B\u0130R T\u0130YATRO G\u00d6STER\u0130S\u0130 SERG\u0130LED\u0130.<\/p>\n","protected":false},"author":1,"featured_media":182585,"comment_status":"closed","ping_status":"open","sticky":false,"template":"","format":"standard","meta":{"jetpack_post_was_ever_published":false,"_jetpack_newsletter_access":"","_jetpack_dont_email_post_to_subs":false,"_jetpack_newsletter_tier_id":0,"_jetpack_memberships_contains_paywalled_content":false,"_jetpack_memberships_contains_paid_content":false,"footnotes":"","jetpack_publicize_message":"","jetpack_publicize_feature_enabled":true,"jetpack_social_post_already_shared":true,"jetpack_social_options":{"image_generator_settings":{"template":"highway","default_image_id":0,"font":"","enabled":false},"version":2}},"categories":[1],"tags":[10060,45028,18516,37944,1293,1040,237],"class_list":["post-182584","post","type-post","status-publish","format-standard","has-post-thumbnail","hentry","category-genel","tag-anlari","tag-canlandirdi","tag-edildigi","tag-halisdemirin","tag-ogrenciler","tag-omer","tag-sehit"],"jetpack_publicize_connections":[],"jetpack_featured_media_url":"https:\/\/i0.wp.com\/www.tvturk.com\/wp-content\/uploads\/2019\/07\/ogrenciler-omer-halisdemirin-sehit-edildigi-anlari-canlandirdi_21db4f6.jpg?fit=1000%2C666","jetpack_sharing_enabled":true,"jetpack_shortlink":"https:\/\/wp.me\/paKIfm-LuU","_links":{"self":[{"href":"http:\/\/www.tvturk.com\/index.php\/wp-json\/wp\/v2\/posts\/182584","targetHints":{"allow":["GET"]}}],"collection":[{"href":"http:\/\/www.tvturk.com\/index.php\/wp-json\/wp\/v2\/posts"}],"about":[{"href":"http:\/\/www.tvturk.com\/index.php\/wp-json\/wp\/v2\/types\/post"}],"author":[{"embeddable":true,"href":"http:\/\/www.tvturk.com\/index.php\/wp-json\/wp\/v2\/users\/1"}],"replies":[{"embeddable":true,"href":"http:\/\/www.tvturk.com\/index.php\/wp-json\/wp\/v2\/comments?post=182584"}],"version-history":[{"count":0,"href":"http:\/\/www.tvturk.com\/index.php\/wp-json\/wp\/v2\/posts\/182584\/revisions"}],"wp:featuredmedia":[{"embeddable":true,"href":"http:\/\/www.tvturk.com\/index.php\/wp-json\/wp\/v2\/media\/182585"}],"wp:attachment":[{"href":"http:\/\/www.tvturk.com\/index.php\/wp-json\/wp\/v2\/media?parent=182584"}],"wp:term":[{"taxonomy":"category","embeddable":true,"href":"http:\/\/www.tvturk.com\/index.php\/wp-json\/wp\/v2\/categories?post=182584"},{"taxonomy":"post_tag","embeddable":true,"href":"http:\/\/www.tvturk.com\/index.php\/wp-json\/wp\/v2\/tags?post=182584"}],"curies":[{"name":"wp","href":"https:\/\/api.w.org\/{rel}","templated":true}]}}