{"id":182594,"date":"2019-07-16T10:46:40","date_gmt":"2019-07-16T07:46:40","guid":{"rendered":"http:\/\/www.tvturk.com\/index.php\/diyarbakirda-baglamali-nakliye\/"},"modified":"2019-07-16T10:46:40","modified_gmt":"2019-07-16T07:46:40","slug":"diyarbakirda-baglamali-nakliye","status":"publish","type":"post","link":"http:\/\/www.tvturk.com\/index.php\/diyarbakirda-baglamali-nakliye\/","title":{"rendered":"Diyarbak\u0131r\u2019da \u2018ba\u011flamal\u0131\u2019 nakliye"},"content":{"rendered":"<p>Diyarbak\u0131r\u2019da ev e\u015fyas\u0131 ta\u015f\u0131yan kamyonetin arkas\u0131nda ba\u011flama \u00e7alan \u015fah\u0131s, g\u00f6renleri hayrete d\u00fc\u015f\u00fcrd\u00fc.<\/p>\n<p>Merkez Kayap\u0131nar il\u00e7esi Eski Hal kav\u015fa\u011f\u0131nda seyir halindeki kamyonetin kasas\u0131na yerle\u015ftirilen e\u015fyalar\u0131n \u00fczerine oturan iki ki\u015fi, hi\u00e7bir \u00f6nlem almadan yolculuk yapt\u0131. Kamyonet hareket ederken d\u00fc\u015fme tehlikesine ra\u011fmen yolculuklar\u0131n\u0131 s\u00fcrd\u00fcren iki ki\u015fiden biri, kamyonetin arkas\u0131nda ba\u011flama \u00e7al\u0131p \u015fark\u0131 s\u00f6yledi.<\/p>\n<p>Ya\u015fanan ilgin\u00e7 an, ba\u015fka bir ara\u00e7ta yolculuk yapan vatanda\u015f taraf\u0131ndan g\u00f6r\u00fcnt\u00fclendi.<\/p>\n","protected":false},"excerpt":{"rendered":"<p>KAMYONET KASASINDA BA\u011eLAMALI YOLCULUK KAMERAYA YANSIDI<\/p>\n","protected":false},"author":1,"featured_media":182595,"comment_status":"closed","ping_status":"open","sticky":false,"template":"","format":"standard","meta":{"jetpack_post_was_ever_published":false,"_jetpack_newsletter_access":"","_jetpack_dont_email_post_to_subs":false,"_jetpack_newsletter_tier_id":0,"_jetpack_memberships_contains_paywalled_content":false,"_jetpack_memberships_contains_paid_content":false,"footnotes":"","jetpack_publicize_message":"","jetpack_publicize_feature_enabled":true,"jetpack_social_post_already_shared":true,"jetpack_social_options":{"image_generator_settings":{"template":"highway","default_image_id":0,"font":"","enabled":false},"version":2}},"categories":[1],"tags":[45067,62,31266],"class_list":["post-182594","post","type-post","status-publish","format-standard","has-post-thumbnail","hentry","category-genel","tag-baglamali","tag-diyarbakirda","tag-nakliye"],"jetpack_publicize_connections":[],"jetpack_featured_media_url":"https:\/\/i0.wp.com\/www.tvturk.com\/wp-content\/uploads\/2019\/07\/diyarbakirda-baglamali-nakliye_a75f4ce.jpg?fit=476%2C568","jetpack_sharing_enabled":true,"jetpack_shortlink":"https:\/\/wp.me\/paKIfm-Lv4","_links":{"self":[{"href":"http:\/\/www.tvturk.com\/index.php\/wp-json\/wp\/v2\/posts\/182594","targetHints":{"allow":["GET"]}}],"collection":[{"href":"http:\/\/www.tvturk.com\/index.php\/wp-json\/wp\/v2\/posts"}],"about":[{"href":"http:\/\/www.tvturk.com\/index.php\/wp-json\/wp\/v2\/types\/post"}],"author":[{"embeddable":true,"href":"http:\/\/www.tvturk.com\/index.php\/wp-json\/wp\/v2\/users\/1"}],"replies":[{"embeddable":true,"href":"http:\/\/www.tvturk.com\/index.php\/wp-json\/wp\/v2\/comments?post=182594"}],"version-history":[{"count":0,"href":"http:\/\/www.tvturk.com\/index.php\/wp-json\/wp\/v2\/posts\/182594\/revisions"}],"wp:featuredmedia":[{"embeddable":true,"href":"http:\/\/www.tvturk.com\/index.php\/wp-json\/wp\/v2\/media\/182595"}],"wp:attachment":[{"href":"http:\/\/www.tvturk.com\/index.php\/wp-json\/wp\/v2\/media?parent=182594"}],"wp:term":[{"taxonomy":"category","embeddable":true,"href":"http:\/\/www.tvturk.com\/index.php\/wp-json\/wp\/v2\/categories?post=182594"},{"taxonomy":"post_tag","embeddable":true,"href":"http:\/\/www.tvturk.com\/index.php\/wp-json\/wp\/v2\/tags?post=182594"}],"curies":[{"name":"wp","href":"https:\/\/api.w.org\/{rel}","templated":true}]}}