{"id":182666,"date":"2019-07-16T12:02:19","date_gmt":"2019-07-16T09:02:19","guid":{"rendered":"http:\/\/www.tvturk.com\/index.php\/karsiyakanin-sampiyonluk-yasadigi-ipekciinin-parkeleri-karsiyakada\/"},"modified":"2019-07-16T12:02:19","modified_gmt":"2019-07-16T09:02:19","slug":"karsiyakanin-sampiyonluk-yasadigi-ipekciinin-parkeleri-karsiyakada","status":"publish","type":"post","link":"http:\/\/www.tvturk.com\/index.php\/karsiyakanin-sampiyonluk-yasadigi-ipekciinin-parkeleri-karsiyakada\/","title":{"rendered":"Kar\u015f\u0131yaka\u2019n\u0131n \u015fampiyonluk ya\u015fad\u0131\u011f\u0131 \u0130pek\u00e7i\u2019inin parkeleri Kar\u015f\u0131yaka\u2019da!"},"content":{"rendered":"<p>P\u0131nar Kar\u015f\u0131yaka\u2019n\u0131n ma\u00e7lar\u0131n\u0131 oynad\u0131\u011f\u0131 Mustafa Kemal Atat\u00fcrk Spor Salonu\u2019na, ye\u015fil-k\u0131rm\u0131z\u0131l\u0131lar\u0131n son \u015fampiyonlu\u011funu ya\u015fad\u0131\u011f\u0131 Abdi \u0130pek\u00e7i Spor Salonu\u2019nun parkeleri yerle\u015ftirildi.<\/p>\n<p>Kar\u015f\u0131yaka Spor Kul\u00fcb\u00fc y\u00f6netimi ile Kar\u015f\u0131yaka Belediyesi\u2019nin ortakla\u015fa y\u00fcr\u00fctt\u00fc\u011f\u00fc \u00e7al\u0131\u015fma sonucunda P\u0131nar Kar\u015f\u0131yaka\u2019n\u0131n 2015 y\u0131l\u0131nda lig \u015fampiyonlu\u011fu ya\u015fad\u0131\u011f\u0131 Abdi \u0130pek\u00e7i Spor Salonu\u2019nun parkeleri Kul\u00fcp Ba\u015fkan\u0131 Turgay B\u00fcy\u00fckkarc\u0131\u2019n\u0131n katk\u0131lar\u0131yla hi\u00e7bir bedel \u00f6denmeden Mustafa Kemal Atat\u00fcrk Kar\u015f\u0131yaka Spor Salonu zeminine yerle\u015ftirildi. 2005 y\u0131l\u0131nda ev sahipli\u011fi yap\u0131lan \u00dcniversite Oyunlar\u0131 s\u0131ras\u0131nda in\u015fa edilen salonda 14 y\u0131l boyunca kullan\u0131lan parkeler s\u00f6k\u00fclerek yenileri monte edildi. Yeni sezon \u00f6ncesi tak\u0131m\u0131n ba\u015f\u0131na son \u015fampiyonlukta imzas\u0131 olan Antren\u00f6r Ufuk Sar\u0131ca\u2019y\u0131 getiren ve taraftarlar\u0131 yeniden havaya sokan P\u0131nar Kar\u015f\u0131yaka, piyasa de\u011feri yakla\u015f\u0131k 2 milyon lira olan parkeleri hi\u00e7bir bedel \u00f6demeden al\u0131p montaj\u0131n\u0131 tamamlad\u0131. Kar\u015f\u0131yaka Belediye Ba\u015fkan\u0131 Cemil Tugay ile el ele vererek salonu sezon \u00f6ncesi yeni bir g\u00f6r\u00fcn\u00fcme kavu\u015fturmaya \u00e7al\u0131\u015ft\u0131klar\u0131n\u0131 belirten KSK Ba\u015fkan\u0131 Turgay B\u00fcy\u00fckkarc\u0131, \u201cBelediyemizle birlikte salonu ba\u015ftan yarat\u0131yoruz. Belediye Ba\u015fkan\u0131m\u0131z Cemil Tugay salonun t\u00fcm eksiklerinin tamamlanaca\u011f\u0131n\u0131, kul\u00fcb\u00fcn hizmetinde olan salonu tekrar yeni ba\u015ftan m\u00fckemmel hale getireceklerini bizlere s\u00f6yledi. Kul\u00fcp ve belediye el ele verince \u00f6n\u00fcm\u00fczde hi\u00e7bir g\u00fc\u00e7 duramaz. Cemil Tugay\u2019a kul\u00fcb\u00fcm ve kendim ad\u0131na \u00e7ok te\u015fekk\u00fcr ediyorum\u201d dedi.<\/p>\n","protected":false},"excerpt":{"rendered":"<p>PINAR KAR\u015eIYAKA\u2019NIN 2015 YILINDA L\u0130G \u015eAMP\u0130YONLU\u011eU YA\u015eADI\u011eI ABD\u0130 \u0130PEK\u00c7\u0130 SPOR SALONU\u2019NUN PARKELER\u0130 KUL\u00dcP BA\u015eKANI TURGAY B\u00dcY\u00dcKKARCI\u2019NIN K\u0130\u015e\u0130SEL \u00c7ABALARIYLA H\u0130\u00c7B\u0130R BEDEL \u00d6DENMEDEN MUSTAFA KEMAL ATAT\u00dcRK KAR\u015eIYAKA SPOR SALONU ZEM\u0130N\u0130NE YERLE\u015eT\u0130R\u0130LD\u0130.<\/p>\n","protected":false},"author":1,"featured_media":182667,"comment_status":"closed","ping_status":"open","sticky":false,"template":"","format":"standard","meta":{"jetpack_post_was_ever_published":false,"_jetpack_newsletter_access":"","_jetpack_dont_email_post_to_subs":false,"_jetpack_newsletter_tier_id":0,"_jetpack_memberships_contains_paywalled_content":false,"_jetpack_memberships_contains_paid_content":false,"footnotes":"","jetpack_publicize_message":"","jetpack_publicize_feature_enabled":true,"jetpack_social_post_already_shared":true,"jetpack_social_options":{"image_generator_settings":{"template":"highway","default_image_id":0,"font":"","enabled":false},"version":2}},"categories":[657],"tags":[45087,8186,35821,45088,4694,9095],"class_list":["post-182666","post","type-post","status-publish","format-standard","has-post-thumbnail","hentry","category-spor","tag-ipekciinin","tag-karsiyakada","tag-karsiyakanin","tag-parkeleri","tag-sampiyonluk","tag-yasadigi"],"jetpack_publicize_connections":[],"jetpack_featured_media_url":"https:\/\/i0.wp.com\/www.tvturk.com\/wp-content\/uploads\/2019\/07\/karsiyakanin-sampiyonluk-yasadigi-ipekciinin-parkeleri-karsiyakada_3bb002a.jpg?fit=750%2C1000","jetpack_sharing_enabled":true,"jetpack_shortlink":"https:\/\/wp.me\/paKIfm-Lwe","_links":{"self":[{"href":"http:\/\/www.tvturk.com\/index.php\/wp-json\/wp\/v2\/posts\/182666","targetHints":{"allow":["GET"]}}],"collection":[{"href":"http:\/\/www.tvturk.com\/index.php\/wp-json\/wp\/v2\/posts"}],"about":[{"href":"http:\/\/www.tvturk.com\/index.php\/wp-json\/wp\/v2\/types\/post"}],"author":[{"embeddable":true,"href":"http:\/\/www.tvturk.com\/index.php\/wp-json\/wp\/v2\/users\/1"}],"replies":[{"embeddable":true,"href":"http:\/\/www.tvturk.com\/index.php\/wp-json\/wp\/v2\/comments?post=182666"}],"version-history":[{"count":0,"href":"http:\/\/www.tvturk.com\/index.php\/wp-json\/wp\/v2\/posts\/182666\/revisions"}],"wp:featuredmedia":[{"embeddable":true,"href":"http:\/\/www.tvturk.com\/index.php\/wp-json\/wp\/v2\/media\/182667"}],"wp:attachment":[{"href":"http:\/\/www.tvturk.com\/index.php\/wp-json\/wp\/v2\/media?parent=182666"}],"wp:term":[{"taxonomy":"category","embeddable":true,"href":"http:\/\/www.tvturk.com\/index.php\/wp-json\/wp\/v2\/categories?post=182666"},{"taxonomy":"post_tag","embeddable":true,"href":"http:\/\/www.tvturk.com\/index.php\/wp-json\/wp\/v2\/tags?post=182666"}],"curies":[{"name":"wp","href":"https:\/\/api.w.org\/{rel}","templated":true}]}}