{"id":182672,"date":"2019-07-16T12:16:31","date_gmt":"2019-07-16T09:16:31","guid":{"rendered":"http:\/\/www.tvturk.com\/index.php\/hz-suleyman-camiindeki-kutsal-sancak-teror-olaylarindan-dolayi-gaziantepe-gonderilmis\/"},"modified":"2019-07-16T12:16:31","modified_gmt":"2019-07-16T09:16:31","slug":"hz-suleyman-camiindeki-kutsal-sancak-teror-olaylarindan-dolayi-gaziantepe-gonderilmis","status":"publish","type":"post","link":"http:\/\/www.tvturk.com\/index.php\/hz-suleyman-camiindeki-kutsal-sancak-teror-olaylarindan-dolayi-gaziantepe-gonderilmis\/","title":{"rendered":"Hz. S\u00fcleyman Camii\u2019ndeki kutsal sancak, ter\u00f6r olaylar\u0131ndan dolay\u0131 Gaziantep\u2019e g\u00f6nderilmi\u015f"},"content":{"rendered":"<p>Diyarbak\u0131r\u2019da Hz. S\u00fcleyman Camii\u2019ndeki sahabe t\u00fcrbelerinin yan\u0131 ba\u015f\u0131nda bulunan ve Halid Bin Velid\u2019in o\u011flu Hz. S\u00fcleyman komutas\u0131ndaki \u0130slam ordular\u0131n\u0131 temsil eden kutsal sanca\u011f\u0131n \u00e7al\u0131nma ihtimaline kar\u015f\u0131 koruma ama\u00e7l\u0131 Gaziantep\u2019teki bir m\u00fczeye g\u00f6nderildi\u011fi \u00f6\u011frenildi. Vak\u0131flar B\u00f6lge M\u00fcd\u00fcr\u00fc Metin Evsen, s\u00f6z konusu sanca\u011f\u0131n ter\u00f6r olaylar\u0131 nedeniyle 2 A\u011fustos 2012 tarihinde Gaziantep Mevlevihane Vak\u0131f M\u00fczesi\u2019ne teslim edildi\u011fini, Diyarbak\u0131r\u2019da Vak\u0131flar B\u00f6lge M\u00fcd\u00fcrl\u00fc\u011f\u00fc\u2019ne ait m\u00fcze a\u00e7\u0131lmas\u0131 halinde kentte sergilenece\u011fini s\u00f6yledi.<\/p>\n<p>Diyarbak\u0131r\u2019da Hazreti S\u00fcleyman Camii\u2019nde sahabe t\u00fcrbelerinin yan\u0131 ba\u015f\u0131nda bulunan ve Halid Bin Velid\u2019in o\u011flu Hz. S\u00fcleyman komutas\u0131ndaki \u0130slam ordular\u0131n\u0131 temsil eden kutsal sancak, ter\u00f6r olaylar\u0131 nedeniyle zarar g\u00f6rmemesi ve \u00e7al\u0131nabilme ihtimali g\u00f6z \u00f6n\u00fcne al\u0131narak koruma ama\u00e7l\u0131 Gaziantep\u2019e g\u00f6nderildi\u011fi iddia edildi. Vak\u0131flar B\u00f6lge M\u00fcd\u00fcr\u00fc Metin Evsen, s\u00f6z konusu sanca\u011f\u0131n 13 A\u011fustos 2010 tarihinde ba\u015flanan restorasyon \u00e7al\u0131\u015fmalar\u0131 sonras\u0131 2 A\u011fustos 2012 tarihinde Gaziantep Mevlevihane Vak\u0131f M\u00fczesi\u2019ne teslim edildi\u011fini do\u011frulad\u0131.<\/p>\n<p>&#8220;Sancak, Gaziantep Mevlevihane Vak\u0131f M\u00fczesi\u2019nde&#8221;<\/p>\n<p>Konu ile ilgili \u0130hlas Haber Ajans\u0131 (\u0130HA) muhabirine a\u00e7\u0131klamalarda bulunan Evsen, m\u00fclkiyeti Sultan S\u00fcleyman Vakf\u0131\u2019na ait Hz. S\u00fcleyman Camii\u2019nde bulunan teberr\u00fckat e\u015fya vasf\u0131ndaki sanca\u011f\u0131n, b\u00fcnyelerindeki uzman elemanlar\u0131nca yeniden yap\u0131lan tespitte eserin muhafazas\u0131n\u0131n uygun ko\u015fullarda ve h\u0131rs\u0131zl\u0131k olaylar\u0131na kar\u015f\u0131 g\u00fcvenilir olmad\u0131klar\u0131 kanaatine var\u0131ld\u0131\u011f\u0131n\u0131 s\u00f6yledi. Evsen &#8220;Vak\u0131flar Genel M\u00fcd\u00fcrl\u00fc\u011f\u00fc\u2019n\u00fcn 4 Nisan 2012 tarih ve 7399 say\u0131l\u0131 talimatlar\u0131na istinaden B\u00f6lge M\u00fcd\u00fcrl\u00fc\u011f\u00fcm\u00fcze en yak\u0131n Gaziantep Mevlevihane Vak\u0131f M\u00fczesi\u2019ne gerekli tedbirler al\u0131narak 2 A\u011fustos 2012 tarihinde teslim edilmi\u015ftir. Mezkur sancak H. 1225-1235 tarihli olup ipek malzemeden dokunmu\u015ftur. \u0130ddia edildi\u011fi gibi Diyarbak\u0131r fethinde kullan\u0131lan sancak de\u011fildir. B\u00f6lge M\u00fcd\u00fcrl\u00fc\u011f\u00fcm\u00fcze ba\u011fl\u0131 Vak\u0131f M\u00fczesi a\u00e7\u0131lmas\u0131 halinde, Gaziantep Mevlevihane Vak\u0131f M\u00fczesi\u2019nden teslim al\u0131narak sergilenecektir&#8221; dedi.<\/p>\n<p>\u0130ngiltere\u2019ye ka\u00e7\u0131r\u0131lan \u00e7inilerin getirilmesi i\u00e7in \u00e7al\u0131\u015fma ba\u015flat\u0131ld\u0131<\/p>\n<p>2015 y\u0131l\u0131nda b\u00f6lgede \u00e7ok ciddi olaylar\u0131n, ter\u00f6r sald\u0131r\u0131lar\u0131n\u0131n oldu\u011funu belirten Evsen, konu\u015fmas\u0131na \u015f\u00f6yle devam etti:<\/p>\n<p>&#8220;Her \u015fey de bir hay\u0131r var diyoruz. \u0130yi ki o d\u00f6nem Gaziantep\u2019e g\u00f6ndermi\u015fiz. E\u011fer sancak burada olmu\u015f olsayd\u0131, bir \u00e7ok camimiz harap edildi. Bunlar\u0131n ba\u015f\u0131nda Kur\u015funlu Cami var. Ter\u00f6r olaylar\u0131 s\u0131ras\u0131ndan 23 eserimiz zarar g\u00f6rd\u00fc orada. Bunlar\u0131n i\u00e7erisinde camiler, kiliseler, hanlar ve evler \u00e7ok b\u00fcy\u00fck bir zarar g\u00f6rd\u00fc. Bunlar\u0131n hepsinin restorasyonlar\u0131n\u0131 biz ger\u00e7ekle\u015ftirdik ve bitirdik. \u0130yi ki o d\u00f6nem biz sanca\u011f\u0131 Gaziantep Mevlevihane Vak\u0131f M\u00fczesi\u2019ne g\u00f6ndermi\u015fiz. O d\u00f6nemde biliyorsunuz Hz. S\u00fcleyman Cami i\u00e7erisinde \u00e7ok \u00f6nemli ve paha bi\u00e7ilmez \u00e7iniler vard\u0131, o \u00e7inilerde h\u0131rs\u0131zl\u0131k olaylar\u0131 sonucunda \u00e7al\u0131nd\u0131 ve \u0130ngiltere\u2019de bir yerde bulundu. Onlar\u0131n iadesi ile ilgili giri\u015fimler ba\u015flat\u0131ld\u0131. \u0130n\u015fallah onlarda en k\u0131sa zamanda gelir ve ayn\u0131 yerlerine montaj\u0131 yap\u0131l\u0131r. Ter\u00f6r olaylar\u0131 g\u00fcvenlik problemini de beraberinde getiriyor. Bunlar\u0131n korunmas\u0131n\u0131 da s\u0131k\u0131nt\u0131 haline getiriyor. Genel m\u00fcd\u00fcrl\u00fc\u011f\u00fcm\u00fcz\u00fcn ald\u0131\u011f\u0131 karar en do\u011fru karard\u0131 ve biz burada o karar\u0131 uygulad\u0131k.\u201d<\/p>\n","protected":false},"excerpt":{"rendered":"<p>D\u0130YARBAKIR\u2019DA HZ. S\u00dcLEYMAN CAM\u0130\u0130\u2019NDEK\u0130 SAHABE T\u00dcRBELER\u0130N\u0130N YANI BA\u015eINDA BULUNAN VE HAL\u0130D B\u0130N VEL\u0130D\u2019\u0130N O\u011eLU HZ. S\u00dcLEYMAN KOMUTASINDAK\u0130 \u0130SLAM ORDULARINI TEMS\u0130L EDEN KUTSAL SANCA\u011eIN \u00c7ALINMA \u0130HT\u0130MAL\u0130NE KAR\u015eI KORUMA AMA\u00c7LI GAZ\u0130ANTEP\u2019TEK\u0130 B\u0130R M\u00dcZEYE G\u00d6NDER\u0130LD\u0130\u011e\u0130 \u00d6\u011eREN\u0130LD\u0130.<\/p>\n","protected":false},"author":1,"featured_media":182673,"comment_status":"closed","ping_status":"open","sticky":false,"template":"","format":"standard","meta":{"jetpack_post_was_ever_published":false,"_jetpack_newsletter_access":"","_jetpack_dont_email_post_to_subs":false,"_jetpack_newsletter_tier_id":0,"_jetpack_memberships_contains_paywalled_content":false,"_jetpack_memberships_contains_paid_content":false,"footnotes":"","jetpack_publicize_message":"","jetpack_publicize_feature_enabled":true,"jetpack_social_post_already_shared":true,"jetpack_social_options":{"image_generator_settings":{"template":"highway","default_image_id":0,"font":"","enabled":false},"version":2}},"categories":[1],"tags":[45090,7221,4092,45092,5298,16841,45091,909,9519,3990],"class_list":["post-182672","post","type-post","status-publish","format-standard","has-post-thumbnail","hentry","category-genel","tag-camiindeki","tag-dolayi","tag-gaziantepe","tag-gonderilmis","tag-hz","tag-kutsal","tag-olaylarindan","tag-sancak","tag-suleyman","tag-teror"],"jetpack_publicize_connections":[],"jetpack_featured_media_url":"https:\/\/i0.wp.com\/www.tvturk.com\/wp-content\/uploads\/2019\/07\/hz-suleyman-camiindeki-kutsal-sancak-teror-olaylarindan-dolayi-gaziantepe-gonderilmis_cfdf599.jpg?fit=1000%2C527","jetpack_sharing_enabled":true,"jetpack_shortlink":"https:\/\/wp.me\/paKIfm-Lwk","_links":{"self":[{"href":"http:\/\/www.tvturk.com\/index.php\/wp-json\/wp\/v2\/posts\/182672","targetHints":{"allow":["GET"]}}],"collection":[{"href":"http:\/\/www.tvturk.com\/index.php\/wp-json\/wp\/v2\/posts"}],"about":[{"href":"http:\/\/www.tvturk.com\/index.php\/wp-json\/wp\/v2\/types\/post"}],"author":[{"embeddable":true,"href":"http:\/\/www.tvturk.com\/index.php\/wp-json\/wp\/v2\/users\/1"}],"replies":[{"embeddable":true,"href":"http:\/\/www.tvturk.com\/index.php\/wp-json\/wp\/v2\/comments?post=182672"}],"version-history":[{"count":0,"href":"http:\/\/www.tvturk.com\/index.php\/wp-json\/wp\/v2\/posts\/182672\/revisions"}],"wp:featuredmedia":[{"embeddable":true,"href":"http:\/\/www.tvturk.com\/index.php\/wp-json\/wp\/v2\/media\/182673"}],"wp:attachment":[{"href":"http:\/\/www.tvturk.com\/index.php\/wp-json\/wp\/v2\/media?parent=182672"}],"wp:term":[{"taxonomy":"category","embeddable":true,"href":"http:\/\/www.tvturk.com\/index.php\/wp-json\/wp\/v2\/categories?post=182672"},{"taxonomy":"post_tag","embeddable":true,"href":"http:\/\/www.tvturk.com\/index.php\/wp-json\/wp\/v2\/tags?post=182672"}],"curies":[{"name":"wp","href":"https:\/\/api.w.org\/{rel}","templated":true}]}}