{"id":182680,"date":"2019-07-16T12:17:15","date_gmt":"2019-07-16T09:17:15","guid":{"rendered":"http:\/\/www.tvturk.com\/index.php\/15-temmuz-icin-yelken-yarislari-duzenlendi\/"},"modified":"2019-07-16T12:17:15","modified_gmt":"2019-07-16T09:17:15","slug":"15-temmuz-icin-yelken-yarislari-duzenlendi","status":"publish","type":"post","link":"http:\/\/www.tvturk.com\/index.php\/15-temmuz-icin-yelken-yarislari-duzenlendi\/","title":{"rendered":"15 Temmuz i\u00e7in yelken yar\u0131\u015flar\u0131 d\u00fczenlendi"},"content":{"rendered":"<p>15 Temmuz  Demokrasi ve Milli Birlik G\u00fcn\u00fc kapsam\u0131nda Tekirda\u011f Yelken \u0130htisas Kul\u00fcb\u00fcnce  yelken yar\u0131\u015flar\u0131 d\u00fczenlendi.<\/p>\n<p>15 Temmuz  Demokrasi ve Milli Birlik G\u00fcn\u00fc kapsam\u0131nda Tekirda\u011f Yelken \u0130htisas Kul\u00fcb\u00fcnce mini yelken yar\u0131\u015flar\u0131 d\u00fczenlendi.  Tekirda\u011f Yelken \u0130htisas Kul\u00fcb\u00fc taraf\u0131ndan ger\u00e7ekle\u015ftirilen Demokrasi ve Milli Birlik G\u00fcn\u00fc Kupas\u0131\u2019nda sporcular k\u0131yas\u0131ya yar\u0131\u015ft\u0131. Yar\u0131\u015fmada ba\u015far\u0131l\u0131 olan sporcular, ger\u00e7ekle\u015ftirilen \u00f6d\u00fcl t\u00f6reninde madalyalar\u0131n\u0131 co\u015fkuyla ald\u0131lar.<\/p>\n<p>D\u00fczenlenen Madalya T\u00f6reninde Tekirda\u011f Yelken \u0130htisas Kul\u00fcb\u00fc yetkilileri ve Tekirda\u011f Gen\u00e7lik Spor\u2019da \u015eube M\u00fcd\u00fcr\u00fc Abdulkerim Kasap sporculara madalyalar\u0131n\u0131 da\u011f\u0131tt\u0131.<\/p>\n<p>Tekirda\u011f Yelken \u0130htisas Kul\u00fcb\u00fc taraf\u0131ndan yap\u0131lan a\u00e7\u0131klamada, \u201cBa\u015far\u0131l\u0131 olan sporcular\u0131m\u0131z\u0131 tebrik ederken, 15 Temmuz 2016 \u2019da ya\u015fad\u0131\u011f\u0131m\u0131z menfur darbe giri\u015fiminde hayat\u0131n\u0131 kaybetmi\u015f \u015fehitlerimize Allah\u2019tan rahmet diler, Demokrasi ve Milli Birlik G\u00fcn\u00fcn\u00fc i\u00e7tenlikle kutlar\u0131z\u201d denildi.<\/p>\n","protected":false},"excerpt":{"rendered":"<p>15 TEMMUZ  DEMOKRAS\u0130 VE M\u0130LL\u0130 B\u0130RL\u0130K G\u00dcN\u00dc KAPSAMINDA TEK\u0130RDA\u011e YELKEN \u0130HT\u0130SAS KUL\u00dcB\u00dcNCE  YELKEN YARI\u015eLARI D\u00dcZENLEND\u0130.<\/p>\n","protected":false},"author":1,"featured_media":182681,"comment_status":"closed","ping_status":"open","sticky":false,"template":"","format":"standard","meta":{"jetpack_post_was_ever_published":false,"_jetpack_newsletter_access":"","_jetpack_dont_email_post_to_subs":false,"_jetpack_newsletter_tier_id":0,"_jetpack_memberships_contains_paywalled_content":false,"_jetpack_memberships_contains_paid_content":false,"footnotes":"","jetpack_publicize_message":"","jetpack_publicize_feature_enabled":true,"jetpack_social_post_already_shared":true,"jetpack_social_options":{"image_generator_settings":{"template":"highway","default_image_id":0,"font":"","enabled":false},"version":2}},"categories":[657],"tags":[2202,44,1148,14841,30722],"class_list":["post-182680","post","type-post","status-publish","format-standard","has-post-thumbnail","hentry","category-spor","tag-duzenlendi","tag-icin","tag-temmuz","tag-yarislari","tag-yelken"],"jetpack_publicize_connections":[],"jetpack_featured_media_url":"https:\/\/i0.wp.com\/www.tvturk.com\/wp-content\/uploads\/2019\/07\/15-temmuz-icin-yelken-yarislari-duzenlendi_ba34439.jpg?fit=1000%2C546","jetpack_sharing_enabled":true,"jetpack_shortlink":"https:\/\/wp.me\/paKIfm-Lws","_links":{"self":[{"href":"http:\/\/www.tvturk.com\/index.php\/wp-json\/wp\/v2\/posts\/182680","targetHints":{"allow":["GET"]}}],"collection":[{"href":"http:\/\/www.tvturk.com\/index.php\/wp-json\/wp\/v2\/posts"}],"about":[{"href":"http:\/\/www.tvturk.com\/index.php\/wp-json\/wp\/v2\/types\/post"}],"author":[{"embeddable":true,"href":"http:\/\/www.tvturk.com\/index.php\/wp-json\/wp\/v2\/users\/1"}],"replies":[{"embeddable":true,"href":"http:\/\/www.tvturk.com\/index.php\/wp-json\/wp\/v2\/comments?post=182680"}],"version-history":[{"count":0,"href":"http:\/\/www.tvturk.com\/index.php\/wp-json\/wp\/v2\/posts\/182680\/revisions"}],"wp:featuredmedia":[{"embeddable":true,"href":"http:\/\/www.tvturk.com\/index.php\/wp-json\/wp\/v2\/media\/182681"}],"wp:attachment":[{"href":"http:\/\/www.tvturk.com\/index.php\/wp-json\/wp\/v2\/media?parent=182680"}],"wp:term":[{"taxonomy":"category","embeddable":true,"href":"http:\/\/www.tvturk.com\/index.php\/wp-json\/wp\/v2\/categories?post=182680"},{"taxonomy":"post_tag","embeddable":true,"href":"http:\/\/www.tvturk.com\/index.php\/wp-json\/wp\/v2\/tags?post=182680"}],"curies":[{"name":"wp","href":"https:\/\/api.w.org\/{rel}","templated":true}]}}