{"id":182682,"date":"2019-07-16T12:17:27","date_gmt":"2019-07-16T09:17:27","guid":{"rendered":"http:\/\/www.tvturk.com\/index.php\/safranboluda-bisiklet-festivali-etkinligi-hazirliklari-basladi\/"},"modified":"2019-07-16T12:17:27","modified_gmt":"2019-07-16T09:17:27","slug":"safranboluda-bisiklet-festivali-etkinligi-hazirliklari-basladi","status":"publish","type":"post","link":"http:\/\/www.tvturk.com\/index.php\/safranboluda-bisiklet-festivali-etkinligi-hazirliklari-basladi\/","title":{"rendered":"Safranbolu\u2019da bisiklet festivali etkinli\u011fi haz\u0131rl\u0131klar\u0131 ba\u015flad\u0131"},"content":{"rendered":"<p>3 y\u0131l \u00f6nce kurulan Karab\u00fck Bisiklet Derne\u011fi (KARB\u0130SDER) ilk kez bisiklet festivali d\u00fczenleyecek.<\/p>\n<p>KARB\u0130SDER Ba\u015fkan\u0131 Kenan Aydo\u011fdu, Safranbolu\u2019nun UNESCO\u2019ya kabul\u00fcn\u00fcn 25. Y\u0131l dolay\u0131s\u0131yla \u2018D\u00fcnya Miras Kenti Safranbolu\u2019 temas\u0131yla 29 A\u011fustos &#8211; 1 Eyl\u00fcl tarihlerinde aras\u0131nda yap\u0131lacak festivalin ba\u015fvurular\u0131n\u0131n devam etti\u011fini s\u00f6yledi.<\/p>\n<p>Aydo\u011fdu, 2016 y\u0131l\u0131ndan bu yana dernekle\u015ferek faaliyetlerini Karab\u00fck Bisiklet Derne\u011fi olarak y\u00fcr\u00fcten Karab\u00fck\u2019te \u00e7e\u015fitli g\u00f6revlerde bulunan 60 bisiklet\u00e7i olarak etkinlikleri y\u00fcr\u00fctt\u00fcklerini ifade ederek, \u201cBisiklet g\u00fcn\u00fcm\u00fcz\u00fcn y\u00fckselen trendi. D\u00fcnyan\u0131n bir\u00e7ok yerinde \u00e7ok ge\u00e7mi\u015f y\u0131llardan beri bir ula\u015f\u0131m arac\u0131 olarak kullan\u0131lan bir karayolu ta\u015f\u0131t\u0131 asl\u0131nda. Bisikletin bir\u00e7ok kullan\u0131m alan\u0131 var; spor, gezi, e\u011flence ve ayn\u0131 zamanda ula\u015f\u0131m olarak kullan\u0131l\u0131yor. \u00dclkemizde de son y\u0131llarda bisiklet k\u00fclt\u00fcr\u00fc yava\u015f yava\u015f yerle\u015fmeye ba\u015flad\u0131. \u0130limizde ve b\u00f6lgemizde bisiklet k\u00fclt\u00fcr\u00fc yayg\u0131nla\u015fmas\u0131 i\u00e7in biz de faaliyetlerimizi aral\u0131ks\u0131z s\u00fcrd\u00fcr\u00fcyoruz. \u00c7e\u015fitli illerde bisiklet festivalleri yap\u0131l\u0131yor ve biz bunlara da i\u015ftirak ediyoruz. Ancak ilimizde bug\u00fcne kadar b\u00f6yle bir etkinlik yap\u0131lmad\u0131 ve bir festivalde Karab\u00fck\u2019te yapal\u0131m diye d\u00fc\u015f\u00fcnd\u00fck. Karab\u00fck\u2019\u00fcm\u00fcz\u00fcn ba\u015fta Safranbolu olmak \u00fczere \u00e7ok k\u0131ymetli yerleri ve il\u00e7eleri var. Bizde her y\u0131l bir tema belirleyerek bu g\u00fczellikleri hem bisiklet s\u00fcrerek hem de turizmin tan\u0131t\u0131lmas\u0131 ad\u0131na b\u00f6yle bir etkinlik yapal\u0131m dedik ve bu kapsamda ilk festivalimizi Safranbolu\u2019da yapaca\u011f\u0131z. UNESCE D\u00fcnya Miras Listesine giri\u015finin 25 y\u0131l\u0131 kutlan\u0131yor ve buradan yola \u00e7\u0131karak \u2018D\u00fcnya Miras Kenti Safranbolu\u2019 temas\u0131 ile 29 A\u011fustos &#8211; 1 Eyl\u00fcl aras\u0131nda ilk festivalimizi yapaca\u011f\u0131z\u201d dedi.<\/p>\n<p>Ba\u015fkan Aydo\u011fdu, 4 g\u00fcn s\u00fcrecek olan festival kapsam\u0131nda 2 ana rota belirlediklerini de kaydederek, \u201cRotam\u0131z\u0131n birincisi Safranbolu\u2019nun turizm ve k\u00fclt\u00fcrel g\u00fczelliklerini tan\u0131tmak i\u00e7in olacak ve 60 kilometrelik bir rota. Co\u011frafi zorluklar\u0131 olan bir rota ama kat\u0131l\u0131mc\u0131lar bunu ba\u015far\u0131 ile tamamlayacakt\u0131r. \u0130kinci rotam\u0131z ise tamamen do\u011fal g\u00fczelliklere ay\u0131rd\u0131k. Son g\u00fcn ise Safranbolu\u2019da k\u00fclt\u00fcrel bir gezi yapaca\u011f\u0131z. \u015euanda \u00f6n kay\u0131tlar\u0131 almaya devam ediyoruz. 19 Temmuz son ba\u015fvuru ama bunu Temmuz ay\u0131 sonuna kadar uzatmay\u0131 planl\u0131yoruz. Ancak Festival tarihinden en az 1 ay \u00f6nce kesin kat\u0131l\u0131mc\u0131 listesini almam\u0131z gerekiyor ki buna g\u00f6re haz\u0131rl\u0131klar yapaca\u011f\u0131z. Etkinli\u011fimize kat\u0131lmak isteyen bisiklet tutkunlar\u0131n\u0131 Safranbolu\u2019ya beklerken, ba\u015fvurular\u0131 ise derne\u011fimizin \u2018www.karbisder.org\u2019 adresinden yapabilir.\u201d diye konu\u015ftu.<\/p>\n<p>Kenan Aydo\u011fdu, ama\u00e7lar\u0131n\u0131n bisikletin trafikte kanunlarla tan\u0131nm\u0131\u015f, haklar\u0131 olan bir ta\u015f\u0131t oldu\u011funu, bisikletin spor amac\u0131 ile kullan\u0131labildi\u011fi gibi gezi ve e\u011flence amac\u0131n\u0131n yan\u0131nda ula\u015f\u0131m ama\u00e7l\u0131 kullan\u0131ld\u0131\u011f\u0131 k\u00fclt\u00fcr\u00fcn\u00fc yerle\u015ftirmek istediklerini de s\u00f6zlerine ekledi.<\/p>\n","protected":false},"excerpt":{"rendered":"<p>KARB\u0130SDER BA\u015eKANI KENAN AYDO\u011eDU, SAFRANBOLU\u2019NUN UNESCO\u2019YA KABUL\u00dcN\u00dcN 25. YIL DOLAYISIYLA \u2018D\u00dcNYA M\u0130RAS KENT\u0130 SAFRANBOLU\u2019 TEMASIYLA 29 A\u011eUSTOS &#8211; 1 EYL\u00dcL TAR\u0130HLER\u0130NDE ARASINDA YAPILACAK FEST\u0130VAL\u0130N BA\u015eVURULARININ DEVAM ETT\u0130\u011e\u0130N\u0130 S\u00d6YLED\u0130.<\/p>\n","protected":false},"author":1,"featured_media":182683,"comment_status":"closed","ping_status":"open","sticky":false,"template":"","format":"standard","meta":{"jetpack_post_was_ever_published":false,"_jetpack_newsletter_access":"","_jetpack_dont_email_post_to_subs":false,"_jetpack_newsletter_tier_id":0,"_jetpack_memberships_contains_paywalled_content":false,"_jetpack_memberships_contains_paid_content":false,"footnotes":"","jetpack_publicize_message":"","jetpack_publicize_feature_enabled":true,"jetpack_social_post_already_shared":true,"jetpack_social_options":{"image_generator_settings":{"template":"highway","default_image_id":0,"font":"","enabled":false},"version":2}},"categories":[656],"tags":[55,449,69,3400,3026,10382],"class_list":["post-182682","post","type-post","status-publish","format-standard","has-post-thumbnail","hentry","category-kultur-sanat","tag-basladi","tag-bisiklet","tag-etkinligi","tag-festivali","tag-hazirliklari","tag-safranboluda"],"jetpack_publicize_connections":[],"jetpack_featured_media_url":"https:\/\/i0.wp.com\/www.tvturk.com\/wp-content\/uploads\/2019\/07\/safranboluda-bisiklet-festivali-etkinligi-hazirliklari-basladi_5f58e35.jpg?fit=1000%2C562","jetpack_sharing_enabled":true,"jetpack_shortlink":"https:\/\/wp.me\/paKIfm-Lwu","_links":{"self":[{"href":"http:\/\/www.tvturk.com\/index.php\/wp-json\/wp\/v2\/posts\/182682","targetHints":{"allow":["GET"]}}],"collection":[{"href":"http:\/\/www.tvturk.com\/index.php\/wp-json\/wp\/v2\/posts"}],"about":[{"href":"http:\/\/www.tvturk.com\/index.php\/wp-json\/wp\/v2\/types\/post"}],"author":[{"embeddable":true,"href":"http:\/\/www.tvturk.com\/index.php\/wp-json\/wp\/v2\/users\/1"}],"replies":[{"embeddable":true,"href":"http:\/\/www.tvturk.com\/index.php\/wp-json\/wp\/v2\/comments?post=182682"}],"version-history":[{"count":0,"href":"http:\/\/www.tvturk.com\/index.php\/wp-json\/wp\/v2\/posts\/182682\/revisions"}],"wp:featuredmedia":[{"embeddable":true,"href":"http:\/\/www.tvturk.com\/index.php\/wp-json\/wp\/v2\/media\/182683"}],"wp:attachment":[{"href":"http:\/\/www.tvturk.com\/index.php\/wp-json\/wp\/v2\/media?parent=182682"}],"wp:term":[{"taxonomy":"category","embeddable":true,"href":"http:\/\/www.tvturk.com\/index.php\/wp-json\/wp\/v2\/categories?post=182682"},{"taxonomy":"post_tag","embeddable":true,"href":"http:\/\/www.tvturk.com\/index.php\/wp-json\/wp\/v2\/tags?post=182682"}],"curies":[{"name":"wp","href":"https:\/\/api.w.org\/{rel}","templated":true}]}}