{"id":182690,"date":"2019-07-16T12:31:54","date_gmt":"2019-07-16T09:31:54","guid":{"rendered":"http:\/\/www.tvturk.com\/index.php\/nakliyeye-belediye-eli-degdi\/"},"modified":"2019-07-16T12:31:54","modified_gmt":"2019-07-16T09:31:54","slug":"nakliyeye-belediye-eli-degdi","status":"publish","type":"post","link":"http:\/\/www.tvturk.com\/index.php\/nakliyeye-belediye-eli-degdi\/","title":{"rendered":"Nakliyeye belediye eli de\u011fdi"},"content":{"rendered":"<p>Eski\u015fehir\u2019de, evlerine koltuk ta\u015f\u0131mak i\u00e7in belediyenin \u00e7\u00f6p konteynerini kullanan iki gen\u00e7, sosyal medyada g\u00fcl\u00fcmseten g\u00f6r\u00fcnt\u00fcler olu\u015fturdu.<\/p>\n<p>Eski\u015fehir\u2019de iki gen\u00e7 ald\u0131klar\u0131 koltu\u011fu ta\u015f\u0131mak i\u00e7in ilgin\u00e7 bir y\u00f6nteme ba\u015fvurdu. Gen\u00e7ler, nakliye i\u00e7in Odunpazar\u0131 Belediyesi\u2019ne ait tekerlekli \u00e7\u00f6p konteynerini kulland\u0131. Hakan Y\u0131lmaz ve Ahmet \u00d6zdemir isimli gen\u00e7ler, ta\u015f\u0131ma esnas\u0131nda \u00e7ektirdikleri foto\u011frafta ise, belediyenin twitter hesab\u0131n\u0131 etiketleyerek \u201cTe\u015fekk\u00fcrler\u201d \u015feklinde payla\u015f\u0131mda bulunurken, Odunpazar\u0131 Belediyesi\u2019nin resmi twitter hesab\u0131ndan yan\u0131t gecikmedi. Gen\u00e7lerin foto\u011frafl\u0131 \u201cTe\u015fekk\u00fcrler\u201d payla\u015f\u0131m\u0131na, Odunpazar\u0131 Belediyesi de \u201c\u0130\u015finiz bitti\u011finde yerine koyarsan\u0131z seviniriz :)) Kolay gelsin\u201d yan\u0131t\u0131n\u0131 verdi.<\/p>\n<p>Yap\u0131lan payla\u015f\u0131mdan k\u0131sa s\u00fcre sonra twitter \u00fczerinden y\u00fczlerce ki\u015fi taraf\u0131ndan be\u011feni ve yorum ald\u0131. Baz\u0131 twitter kullan\u0131c\u0131lar\u0131n\u0131n \u201cYerine koydunuz mu gen\u00e7ler\u201d yorumuna ise, \u201cSa\u011f\u0131n\u0131 solunu sildik tekere hava bas\u0131p koyduk efenim\u201d diye gen\u00e7lerden cevap geldi.<\/p>\n","protected":false},"excerpt":{"rendered":"<p>ESK\u0130\u015eEH\u0130R\u2019DE, EVLER\u0130NE KOLTUK TA\u015eIMAK \u0130\u00c7\u0130N BELED\u0130YEN\u0130N \u00c7\u00d6P KONTEYNER\u0130N\u0130 KULLANAN \u0130K\u0130 GEN\u00c7, SOSYAL MEDYADA G\u00dcL\u00dcMSETEN G\u00d6R\u00dcNT\u00dcLER OLU\u015eTURDU.<\/p>\n","protected":false},"author":1,"featured_media":182691,"comment_status":"closed","ping_status":"open","sticky":false,"template":"","format":"standard","meta":{"jetpack_post_was_ever_published":false,"_jetpack_newsletter_access":"","_jetpack_dont_email_post_to_subs":false,"_jetpack_newsletter_tier_id":0,"_jetpack_memberships_contains_paywalled_content":false,"_jetpack_memberships_contains_paid_content":false,"footnotes":"","jetpack_publicize_message":"","jetpack_publicize_feature_enabled":true,"jetpack_social_post_already_shared":true,"jetpack_social_options":{"image_generator_settings":{"template":"highway","default_image_id":0,"font":"","enabled":false},"version":2}},"categories":[1],"tags":[134,5458,4118,45099],"class_list":["post-182690","post","type-post","status-publish","format-standard","has-post-thumbnail","hentry","category-genel","tag-belediye","tag-degdi","tag-eli","tag-nakliyeye"],"jetpack_publicize_connections":[],"jetpack_featured_media_url":"https:\/\/i0.wp.com\/www.tvturk.com\/wp-content\/uploads\/2019\/07\/nakliyeye-belediye-eli-degdi_c6e83f0.jpg?fit=639%2C581","jetpack_sharing_enabled":true,"jetpack_shortlink":"https:\/\/wp.me\/paKIfm-LwC","_links":{"self":[{"href":"http:\/\/www.tvturk.com\/index.php\/wp-json\/wp\/v2\/posts\/182690","targetHints":{"allow":["GET"]}}],"collection":[{"href":"http:\/\/www.tvturk.com\/index.php\/wp-json\/wp\/v2\/posts"}],"about":[{"href":"http:\/\/www.tvturk.com\/index.php\/wp-json\/wp\/v2\/types\/post"}],"author":[{"embeddable":true,"href":"http:\/\/www.tvturk.com\/index.php\/wp-json\/wp\/v2\/users\/1"}],"replies":[{"embeddable":true,"href":"http:\/\/www.tvturk.com\/index.php\/wp-json\/wp\/v2\/comments?post=182690"}],"version-history":[{"count":0,"href":"http:\/\/www.tvturk.com\/index.php\/wp-json\/wp\/v2\/posts\/182690\/revisions"}],"wp:featuredmedia":[{"embeddable":true,"href":"http:\/\/www.tvturk.com\/index.php\/wp-json\/wp\/v2\/media\/182691"}],"wp:attachment":[{"href":"http:\/\/www.tvturk.com\/index.php\/wp-json\/wp\/v2\/media?parent=182690"}],"wp:term":[{"taxonomy":"category","embeddable":true,"href":"http:\/\/www.tvturk.com\/index.php\/wp-json\/wp\/v2\/categories?post=182690"},{"taxonomy":"post_tag","embeddable":true,"href":"http:\/\/www.tvturk.com\/index.php\/wp-json\/wp\/v2\/tags?post=182690"}],"curies":[{"name":"wp","href":"https:\/\/api.w.org\/{rel}","templated":true}]}}