{"id":182692,"date":"2019-07-16T12:31:58","date_gmt":"2019-07-16T09:31:58","guid":{"rendered":"http:\/\/www.tvturk.com\/index.php\/sonmezalp-kulturparkta-anildi\/"},"modified":"2019-07-16T12:31:58","modified_gmt":"2019-07-16T09:31:58","slug":"sonmezalp-kulturparkta-anildi","status":"publish","type":"post","link":"http:\/\/www.tvturk.com\/index.php\/sonmezalp-kulturparkta-anildi\/","title":{"rendered":"S\u00f6nmezalp K\u00fclt\u00fcrpark\u2019ta an\u0131ld\u0131"},"content":{"rendered":"<p>Bursa Bilim ve Teknoloji Merkezi (BTM)  2002 y\u0131l\u0131nda 85 ya\u015f\u0131nda iken vefat eden Bursal\u0131 amat\u00f6r Astronom Hasip S\u00f6nmezalp\u2019i her yaz ger\u00e7ekle\u015ftirdi\u011fi g\u00f6ky\u00fcz\u00fc g\u00f6zlem faaliyeti ile an\u0131yor.<\/p>\n<p>Bilimin ser\u00fcvene d\u00f6n\u00fc\u015ft\u00fc\u011f\u00fc yer Bursa Bilim ve Teknoloji Merkezi astronomi merakl\u0131s\u0131 g\u00f6ky\u00fcz\u00fc tutkunlar\u0131n\u0131 bu kez K\u00fclt\u00fcrpark\u2019ta bir araya getirdi.  BTM ile Bursa Amat\u00f6r Astronomi Kul\u00fcb\u00fc i\u015f birli\u011fiyle ger\u00e7ekle\u015ftirilen ve Bursal\u0131 Amat\u00f6r Astronom Hasip S\u00f6nmezalp an\u0131s\u0131na ger\u00e7ekle\u015ftirilen faaliyet Bursal\u0131lardan ilgi g\u00f6rd\u00fc. Programa kat\u0131lanlar, alana kurulan dev teleskoplarla tak\u0131my\u0131ld\u0131zlar\u0131n\u0131 ve gezegenlerin yan\u0131 s\u0131ra milyonlarca kilometre uzakl\u0131ktaki g\u00f6k cisimlerini izleme imk\u00e2n\u0131 buldu.  Ayn\u0131 anda Mars, Ven\u00fcs, Sat\u00fcrn ve J\u00fcpiter gezegenlerinin de g\u00f6r\u00fcn\u00fcr oldu\u011fu gecede g\u00f6ky\u00fcz\u00fc tutkunlar\u0131na Bursal\u0131 Astronom Hasip S\u00f6nmezalp\u2019in ya\u015fam\u0131na ili\u015fkin bilgi verildi. 7\u2019den 70e her ya\u015ftan g\u00f6ky\u00fcz\u00fc merakl\u0131s\u0131n\u0131n ilgisini \u00e7eken etkilik gece ge\u00e7 saatlere dek devam etti.<\/p>\n<p>Hasip S\u00f6nmezalp kimdir?<\/p>\n<p>Bursa\u2019da do\u011fan ve uzun y\u0131llar Merinos Fabrikas\u0131\u2019nda torna ustas\u0131 olarak \u00e7al\u0131\u015fan Hasip S\u00f6nmezalp g\u00f6ky\u00fcz\u00fcne olan ilgisi sebebiyle 1957\u2019de kendi teleskopunu yapt\u0131.   S\u00f6nmezalp, el yap\u0131m\u0131 teleskopu ile K\u00fclt\u00fcrpark\u2019ta Bursal\u0131lara g\u00f6ky\u00fcz\u00fcn\u00fc izletmi\u015f, renkli ki\u015fili\u011fi, g\u00f6ky\u00fcz\u00fc ve bilime olan merak\u0131yla \u015fehrin unutulmaz isimleri aras\u0131na ad\u0131n\u0131 yazd\u0131rm\u0131\u015ft\u0131. Cisimleri 60 defa b\u00fcy\u00fctebilen ve T\u00fcrkiye\u2019nin ikinci aynal\u0131 teleskopunu yapan S\u00f6nmezalp, 1959\u2019da y\u0131l\u0131nda Amerikan Mechanix Illustrated dergisi taraf\u0131ndan \u201cAlt\u0131n \u00c7eki\u00e7\u201d \u00f6d\u00fcl\u00fcne l\u00e2y\u0131k g\u00f6r\u00fcld\u00fc.<\/p>\n","protected":false},"excerpt":{"rendered":"<p>BURSA B\u0130L\u0130M VE TEKNOLOJ\u0130 MERKEZ\u0130 (BTM)  2002 YILINDA 85 YA\u015eINDA \u0130KEN VEFAT EDEN BURSALI AMAT\u00d6R ASTRONOM HAS\u0130P S\u00d6NMEZALP\u2019\u0130 HER YAZ GER\u00c7EKLE\u015eT\u0130RD\u0130\u011e\u0130 G\u00d6KY\u00dcZ\u00dc G\u00d6ZLEM FAAL\u0130YET\u0130 \u0130LE ANIYOR.<\/p>\n","protected":false},"author":1,"featured_media":182693,"comment_status":"closed","ping_status":"open","sticky":false,"template":"","format":"standard","meta":{"jetpack_post_was_ever_published":false,"_jetpack_newsletter_access":"","_jetpack_dont_email_post_to_subs":false,"_jetpack_newsletter_tier_id":0,"_jetpack_memberships_contains_paywalled_content":false,"_jetpack_memberships_contains_paid_content":false,"footnotes":"","jetpack_publicize_message":"","jetpack_publicize_feature_enabled":true,"jetpack_social_post_already_shared":true,"jetpack_social_options":{"image_generator_settings":{"template":"highway","default_image_id":0,"font":"","enabled":false},"version":2}},"categories":[1],"tags":[241,45101,45100],"class_list":["post-182692","post","type-post","status-publish","format-standard","has-post-thumbnail","hentry","category-genel","tag-anildi","tag-kulturparkta","tag-sonmezalp"],"jetpack_publicize_connections":[],"jetpack_featured_media_url":"https:\/\/i0.wp.com\/www.tvturk.com\/wp-content\/uploads\/2019\/07\/sonmezalp-kulturparkta-anildi_199ec2c.jpg?fit=1000%2C750","jetpack_sharing_enabled":true,"jetpack_shortlink":"https:\/\/wp.me\/paKIfm-LwE","_links":{"self":[{"href":"http:\/\/www.tvturk.com\/index.php\/wp-json\/wp\/v2\/posts\/182692","targetHints":{"allow":["GET"]}}],"collection":[{"href":"http:\/\/www.tvturk.com\/index.php\/wp-json\/wp\/v2\/posts"}],"about":[{"href":"http:\/\/www.tvturk.com\/index.php\/wp-json\/wp\/v2\/types\/post"}],"author":[{"embeddable":true,"href":"http:\/\/www.tvturk.com\/index.php\/wp-json\/wp\/v2\/users\/1"}],"replies":[{"embeddable":true,"href":"http:\/\/www.tvturk.com\/index.php\/wp-json\/wp\/v2\/comments?post=182692"}],"version-history":[{"count":0,"href":"http:\/\/www.tvturk.com\/index.php\/wp-json\/wp\/v2\/posts\/182692\/revisions"}],"wp:featuredmedia":[{"embeddable":true,"href":"http:\/\/www.tvturk.com\/index.php\/wp-json\/wp\/v2\/media\/182693"}],"wp:attachment":[{"href":"http:\/\/www.tvturk.com\/index.php\/wp-json\/wp\/v2\/media?parent=182692"}],"wp:term":[{"taxonomy":"category","embeddable":true,"href":"http:\/\/www.tvturk.com\/index.php\/wp-json\/wp\/v2\/categories?post=182692"},{"taxonomy":"post_tag","embeddable":true,"href":"http:\/\/www.tvturk.com\/index.php\/wp-json\/wp\/v2\/tags?post=182692"}],"curies":[{"name":"wp","href":"https:\/\/api.w.org\/{rel}","templated":true}]}}