{"id":182704,"date":"2019-07-16T12:46:27","date_gmt":"2019-07-16T09:46:27","guid":{"rendered":"http:\/\/www.tvturk.com\/index.php\/kayaliklara-sikisan-kopegi-sahilden-gecen-bir-genc-kurtardi\/"},"modified":"2019-07-16T12:46:27","modified_gmt":"2019-07-16T09:46:27","slug":"kayaliklara-sikisan-kopegi-sahilden-gecen-bir-genc-kurtardi","status":"publish","type":"post","link":"http:\/\/www.tvturk.com\/index.php\/kayaliklara-sikisan-kopegi-sahilden-gecen-bir-genc-kurtardi\/","title":{"rendered":"Kayal\u0131klara s\u0131k\u0131\u015fan k\u00f6pe\u011fi sahilden ge\u00e7en bir gen\u00e7 kurtard\u0131"},"content":{"rendered":"<p>Trabzon\u2019un Ak\u00e7aabat il\u00e7esinde aya\u011f\u0131 kayal\u0131\u011fa s\u0131k\u0131\u015fan k\u00f6pek sahilde y\u00fcr\u00fcyen bir gen\u00e7 taraf\u0131ndan kurtar\u0131ld\u0131.<\/p>\n<p>Trabzon\u2019un Ak\u00e7aabat il\u00e7esindeki sahil k\u0131sm\u0131nda ailesi ile birlikte y\u00fcr\u00fcy\u00fc\u015f yapan Muhammed Can, kayal\u0131klarda bir k\u00f6pe\u011fin hareket edemedi\u011fi fark etti. Kayal\u0131klara inerek k\u00f6pe\u011fin yan\u0131na giden Can, k\u00f6pe\u011fin aya\u011f\u0131n\u0131n kayal\u0131klara s\u0131k\u0131\u015ft\u0131\u011f\u0131n\u0131 g\u00f6rd\u00fc. K\u00f6pe\u011fi kendine do\u011fru \u00e7ekerek aya\u011f\u0131n\u0131 s\u0131k\u0131\u015ft\u0131\u011f\u0131 yerden kurtarmay\u0131 ba\u015faran Can, k\u00f6pe\u011fi kurtard\u0131\u011f\u0131 i\u00e7in mutlu oldu\u011funu s\u00f6yledi.<\/p>\n<p>K\u00f6pe\u011fin kayal\u0131klardan \u00e7\u0131kamad\u0131\u011f\u0131 i\u00e7in a\u011flar gibi ses \u00e7\u0131kard\u0131\u011f\u0131n\u0131 fark etti\u011fini dile getiren Can, \u201cSahilde geziyorduk. Denize do\u011fru bakarken k\u00f6pe\u011fin kayal\u0131klardan \u00e7\u0131kamad\u0131\u011f\u0131 i\u00e7in a\u011flar gibi sesler \u00e7\u0131kard\u0131\u011f\u0131n\u0131 fark ettim. Kayal\u0131klara inerek ayaklar\u0131ndan tutup kendime do\u011fru \u00e7ekerek k\u00f6pe\u011fi oradan kurtard\u0131m\u201d ifadelerini kulland\u0131.<\/p>\n","protected":false},"excerpt":{"rendered":"<p>TRABZON\u2019UN AK\u00c7AABAT \u0130L\u00c7ES\u0130NDE AYA\u011eI KAYALI\u011eA SIKI\u015eAN K\u00d6PEK SAH\u0130LDE Y\u00dcR\u00dcYEN B\u0130R GEN\u00c7 TARAFINDAN KURTARILDI.<\/p>\n","protected":false},"author":1,"featured_media":182705,"comment_status":"closed","ping_status":"open","sticky":false,"template":"","format":"standard","meta":{"jetpack_post_was_ever_published":false,"_jetpack_newsletter_access":"","_jetpack_dont_email_post_to_subs":false,"_jetpack_newsletter_tier_id":0,"_jetpack_memberships_contains_paywalled_content":false,"_jetpack_memberships_contains_paid_content":false,"footnotes":"","jetpack_publicize_message":"","jetpack_publicize_feature_enabled":true,"jetpack_social_post_already_shared":true,"jetpack_social_options":{"image_generator_settings":{"template":"highway","default_image_id":0,"font":"","enabled":false},"version":2}},"categories":[1],"tags":[125,3436,803,19724,1184,477,45106,2322],"class_list":["post-182704","post","type-post","status-publish","format-standard","has-post-thumbnail","hentry","category-genel","tag-bir","tag-gecen","tag-genc","tag-kayaliklara","tag-kopegi","tag-kurtardi","tag-sahilden","tag-sikisan"],"jetpack_publicize_connections":[],"jetpack_featured_media_url":"https:\/\/i0.wp.com\/www.tvturk.com\/wp-content\/uploads\/2019\/07\/kayaliklara-sikisan-kopegi-sahilden-gecen-bir-genc-kurtardi_974ed59.jpg?fit=1000%2C750","jetpack_sharing_enabled":true,"jetpack_shortlink":"https:\/\/wp.me\/paKIfm-LwQ","_links":{"self":[{"href":"http:\/\/www.tvturk.com\/index.php\/wp-json\/wp\/v2\/posts\/182704","targetHints":{"allow":["GET"]}}],"collection":[{"href":"http:\/\/www.tvturk.com\/index.php\/wp-json\/wp\/v2\/posts"}],"about":[{"href":"http:\/\/www.tvturk.com\/index.php\/wp-json\/wp\/v2\/types\/post"}],"author":[{"embeddable":true,"href":"http:\/\/www.tvturk.com\/index.php\/wp-json\/wp\/v2\/users\/1"}],"replies":[{"embeddable":true,"href":"http:\/\/www.tvturk.com\/index.php\/wp-json\/wp\/v2\/comments?post=182704"}],"version-history":[{"count":0,"href":"http:\/\/www.tvturk.com\/index.php\/wp-json\/wp\/v2\/posts\/182704\/revisions"}],"wp:featuredmedia":[{"embeddable":true,"href":"http:\/\/www.tvturk.com\/index.php\/wp-json\/wp\/v2\/media\/182705"}],"wp:attachment":[{"href":"http:\/\/www.tvturk.com\/index.php\/wp-json\/wp\/v2\/media?parent=182704"}],"wp:term":[{"taxonomy":"category","embeddable":true,"href":"http:\/\/www.tvturk.com\/index.php\/wp-json\/wp\/v2\/categories?post=182704"},{"taxonomy":"post_tag","embeddable":true,"href":"http:\/\/www.tvturk.com\/index.php\/wp-json\/wp\/v2\/tags?post=182704"}],"curies":[{"name":"wp","href":"https:\/\/api.w.org\/{rel}","templated":true}]}}