{"id":182726,"date":"2019-07-16T13:02:38","date_gmt":"2019-07-16T10:02:38","guid":{"rendered":"http:\/\/www.tvturk.com\/index.php\/fenerbahce-yeni-sezon-hazirliklarini-surdurdu\/"},"modified":"2019-07-16T13:02:38","modified_gmt":"2019-07-16T10:02:38","slug":"fenerbahce-yeni-sezon-hazirliklarini-surdurdu","status":"publish","type":"post","link":"http:\/\/www.tvturk.com\/index.php\/fenerbahce-yeni-sezon-hazirliklarini-surdurdu\/","title":{"rendered":"Fenerbah\u00e7e yeni sezon haz\u0131rl\u0131klar\u0131n\u0131 s\u00fcrd\u00fcrd\u00fc"},"content":{"rendered":"<p>Fenerbah\u00e7e, yeni sezon haz\u0131rl\u0131klar\u0131na sabah saatlerinde yapt\u0131\u011f\u0131 antrenmanla devam etti.<\/p>\n<p>Can Bartu Tesisleri\u2019nde Teknik Direkt\u00f6r Ersun Yanal y\u00f6netiminde yap\u0131lan idmanda milli tak\u0131mlar\u0131nda yer ald\u0131klar\u0131 i\u00e7in tak\u0131ma ge\u00e7 kat\u0131lan futbolcular Hasan Ali Kald\u0131r\u0131m, Eljif Elmas ve Miha Zach ile yeni transferler Vedat Muriqi ve Garry Rodrigues de yer ald\u0131.<\/p>\n<p>U19 Tak\u0131m\u0131 oyuncular\u0131n\u0131n da yer ald\u0131\u011f\u0131 antrenman saat 10.00\u2019da ko\u015fu, \u0131s\u0131ma ve koordinasyon hareketleriyle ba\u015flad\u0131. Pas organizasyonlar\u0131yla devam eden idman, bireysel \u00e7al\u0131\u015fmalarla noktaland\u0131.<\/p>\n<p>Sar\u0131-lacivertliler, yeni sezon haz\u0131rl\u0131klar\u0131na ak\u015fam saatlerinde yapaca\u011f\u0131 antrenman ile devam edecek.<\/p>\n","protected":false},"excerpt":{"rendered":"<p>FENERBAH\u00c7E, YEN\u0130 SEZON HAZIRLIKLARINA SABAH SAATLER\u0130NDE YAPTI\u011eI ANTRENMANLA DEVAM ETT\u0130.<\/p>\n","protected":false},"author":1,"featured_media":182727,"comment_status":"closed","ping_status":"open","sticky":false,"template":"","format":"standard","meta":{"jetpack_post_was_ever_published":false,"_jetpack_newsletter_access":"","_jetpack_dont_email_post_to_subs":false,"_jetpack_newsletter_tier_id":0,"_jetpack_memberships_contains_paywalled_content":false,"_jetpack_memberships_contains_paid_content":false,"footnotes":"","jetpack_publicize_message":"","jetpack_publicize_feature_enabled":true,"jetpack_social_post_already_shared":true,"jetpack_social_options":{"image_generator_settings":{"template":"highway","default_image_id":0,"font":"","enabled":false},"version":2}},"categories":[657],"tags":[2626,2628,4954,2629,87],"class_list":["post-182726","post","type-post","status-publish","format-standard","has-post-thumbnail","hentry","category-spor","tag-fenerbahce","tag-hazirliklarini","tag-sezon","tag-surdurdu","tag-yeni"],"jetpack_publicize_connections":[],"jetpack_featured_media_url":"https:\/\/i0.wp.com\/www.tvturk.com\/wp-content\/uploads\/2019\/07\/fenerbahce-yeni-sezon-hazirliklarini-surdurdu_3e1d6a7.jpg?fit=1000%2C672","jetpack_sharing_enabled":true,"jetpack_shortlink":"https:\/\/wp.me\/paKIfm-Lxc","_links":{"self":[{"href":"http:\/\/www.tvturk.com\/index.php\/wp-json\/wp\/v2\/posts\/182726","targetHints":{"allow":["GET"]}}],"collection":[{"href":"http:\/\/www.tvturk.com\/index.php\/wp-json\/wp\/v2\/posts"}],"about":[{"href":"http:\/\/www.tvturk.com\/index.php\/wp-json\/wp\/v2\/types\/post"}],"author":[{"embeddable":true,"href":"http:\/\/www.tvturk.com\/index.php\/wp-json\/wp\/v2\/users\/1"}],"replies":[{"embeddable":true,"href":"http:\/\/www.tvturk.com\/index.php\/wp-json\/wp\/v2\/comments?post=182726"}],"version-history":[{"count":0,"href":"http:\/\/www.tvturk.com\/index.php\/wp-json\/wp\/v2\/posts\/182726\/revisions"}],"wp:featuredmedia":[{"embeddable":true,"href":"http:\/\/www.tvturk.com\/index.php\/wp-json\/wp\/v2\/media\/182727"}],"wp:attachment":[{"href":"http:\/\/www.tvturk.com\/index.php\/wp-json\/wp\/v2\/media?parent=182726"}],"wp:term":[{"taxonomy":"category","embeddable":true,"href":"http:\/\/www.tvturk.com\/index.php\/wp-json\/wp\/v2\/categories?post=182726"},{"taxonomy":"post_tag","embeddable":true,"href":"http:\/\/www.tvturk.com\/index.php\/wp-json\/wp\/v2\/tags?post=182726"}],"curies":[{"name":"wp","href":"https:\/\/api.w.org\/{rel}","templated":true}]}}