{"id":182728,"date":"2019-07-16T13:02:43","date_gmt":"2019-07-16T10:02:43","guid":{"rendered":"http:\/\/www.tvturk.com\/index.php\/6-geleneksel-tei-yaz-spor-okulu-tamamlandi\/"},"modified":"2019-07-16T13:02:43","modified_gmt":"2019-07-16T10:02:43","slug":"6-geleneksel-tei-yaz-spor-okulu-tamamlandi","status":"publish","type":"post","link":"http:\/\/www.tvturk.com\/index.php\/6-geleneksel-tei-yaz-spor-okulu-tamamlandi\/","title":{"rendered":"6. Geleneksel TEI Yaz Spor Okulu tamamland\u0131"},"content":{"rendered":"<p>TEI-TUSA\u015e Motor Sanayii A.\u015e.\u2019nin 24 Haziran-12 Temmuz tarihleri aras\u0131nda 6\u2019nc\u0131s\u0131n\u0131 d\u00fczenledi\u011fi Geleneksel TEI Yaz Spor Okulu\u2019nda basketbol, futbol, tenis, voleybol, paten ve binicilik e\u011fitimi alan 7-14 ya\u015f aras\u0131nda 220 kat\u0131l\u0131mc\u0131 \u00e7ocuk, d\u00fczenlenen kapan\u0131\u015f t\u00f6reniyle sertifikalar\u0131n\u0131 ald\u0131. TEI\u2019den yap\u0131lan a\u00e7\u0131klamada, her sene d\u00fczenledikleri yaz spor okulunun \u00e7ocuklara spor sevgisi a\u015f\u0131lamak ve \u00e7ocuklar\u0131n keyifli vakit ge\u00e7irmelerini sa\u011flamak a\u00e7\u0131s\u0131ndan \u00e7ok yararl\u0131 oldu\u011fu belirtilerek t\u00fcm kat\u0131l\u0131mc\u0131lar tebrik edildi.<\/p>\n<p>T\u00f6rende ayr\u0131ca t\u00fcm e\u011fitmenlere ve deste\u011fi ge\u00e7enlere plaketleri takdim edildi.<\/p>\n","protected":false},"excerpt":{"rendered":"<p>6. GELENEKSEL TEI YAZ SPOR OKULU TAMAMLANDI<\/p>\n","protected":false},"author":1,"featured_media":182729,"comment_status":"closed","ping_status":"open","sticky":false,"template":"","format":"standard","meta":{"jetpack_post_was_ever_published":false,"_jetpack_newsletter_access":"","_jetpack_dont_email_post_to_subs":false,"_jetpack_newsletter_tier_id":0,"_jetpack_memberships_contains_paywalled_content":false,"_jetpack_memberships_contains_paid_content":false,"footnotes":"","jetpack_publicize_message":"","jetpack_publicize_feature_enabled":true,"jetpack_social_post_already_shared":true,"jetpack_social_options":{"image_generator_settings":{"template":"highway","default_image_id":0,"font":"","enabled":false},"version":2}},"categories":[657],"tags":[7470,2055,1619,693,42128,183],"class_list":["post-182728","post","type-post","status-publish","format-standard","has-post-thumbnail","hentry","category-spor","tag-geleneksel","tag-okulu","tag-spor","tag-tamamlandi","tag-tei","tag-yaz"],"jetpack_publicize_connections":[],"jetpack_featured_media_url":"https:\/\/i0.wp.com\/www.tvturk.com\/wp-content\/uploads\/2019\/07\/6-geleneksel-tei-yaz-spor-okulu-tamamlandi_238922b.jpg?fit=1000%2C561","jetpack_sharing_enabled":true,"jetpack_shortlink":"https:\/\/wp.me\/paKIfm-Lxe","_links":{"self":[{"href":"http:\/\/www.tvturk.com\/index.php\/wp-json\/wp\/v2\/posts\/182728","targetHints":{"allow":["GET"]}}],"collection":[{"href":"http:\/\/www.tvturk.com\/index.php\/wp-json\/wp\/v2\/posts"}],"about":[{"href":"http:\/\/www.tvturk.com\/index.php\/wp-json\/wp\/v2\/types\/post"}],"author":[{"embeddable":true,"href":"http:\/\/www.tvturk.com\/index.php\/wp-json\/wp\/v2\/users\/1"}],"replies":[{"embeddable":true,"href":"http:\/\/www.tvturk.com\/index.php\/wp-json\/wp\/v2\/comments?post=182728"}],"version-history":[{"count":0,"href":"http:\/\/www.tvturk.com\/index.php\/wp-json\/wp\/v2\/posts\/182728\/revisions"}],"wp:featuredmedia":[{"embeddable":true,"href":"http:\/\/www.tvturk.com\/index.php\/wp-json\/wp\/v2\/media\/182729"}],"wp:attachment":[{"href":"http:\/\/www.tvturk.com\/index.php\/wp-json\/wp\/v2\/media?parent=182728"}],"wp:term":[{"taxonomy":"category","embeddable":true,"href":"http:\/\/www.tvturk.com\/index.php\/wp-json\/wp\/v2\/categories?post=182728"},{"taxonomy":"post_tag","embeddable":true,"href":"http:\/\/www.tvturk.com\/index.php\/wp-json\/wp\/v2\/tags?post=182728"}],"curies":[{"name":"wp","href":"https:\/\/api.w.org\/{rel}","templated":true}]}}