{"id":182736,"date":"2019-07-16T13:16:41","date_gmt":"2019-07-16T10:16:41","guid":{"rendered":"http:\/\/www.tvturk.com\/index.php\/3-uluslararasi-15-temmuz-sempozyumu-duzenlendi\/"},"modified":"2019-07-16T13:16:41","modified_gmt":"2019-07-16T10:16:41","slug":"3-uluslararasi-15-temmuz-sempozyumu-duzenlendi","status":"publish","type":"post","link":"http:\/\/www.tvturk.com\/index.php\/3-uluslararasi-15-temmuz-sempozyumu-duzenlendi\/","title":{"rendered":"3. Uluslararas\u0131 15 Temmuz Sempozyumu d\u00fczenlendi"},"content":{"rendered":"<p>Diyanet \u0130\u015fleri Ba\u015fkan\u0131 Prof. Dr. Ali Erba\u015f, \u201c15 Temmuz \u00fclkemizin maruz kald\u0131\u011f\u0131 b\u00fcy\u00fck bir ihanet kar\u015f\u0131s\u0131nda aziz milletimizin yazd\u0131\u011f\u0131 onurlu bir destan\u0131n y\u0131l d\u00f6n\u00fcm\u00fcd\u00fcr\u201d dedi.<\/p>\n<p>Diyanet \u0130\u015fleri Ba\u015fkanl\u0131\u011f\u0131 ve 15 Temmuz Derne\u011fi\u2019nin birlikte organize etti\u011fi \u201c3. Uluslararas\u0131 15 Temmuz Sempozyumu\u201d Diyanet \u0130\u015fleri Ba\u015fkan\u0131 Prof. Dr. Ali Erba\u015f\u2019\u0131n kat\u0131l\u0131m\u0131yla d\u00fczenlendi. Etkinlikte bir konu\u015fma yapan Diyanet \u0130\u015fleri Ba\u015fkan\u0131 Erba\u015f, \u201c15 Temmuz \u00fclkemizin maruz kald\u0131\u011f\u0131 b\u00fcy\u00fck bir ihanet kar\u015f\u0131s\u0131nda aziz milletimizin yazd\u0131\u011f\u0131 onurlu bir destan\u0131n y\u0131l d\u00f6n\u00fcm\u00fcd\u00fcr. 15 Temmuz 2016 tarihinde kirli d\u00fcnyas\u0131n\u0131 y\u00fcce dinimiz \u0130slam\u2019\u0131n ilke ve de\u011ferleri arkas\u0131na gizleyen ter\u00f6r \u015febekesi FET\u00d6 vatan\u0131m\u0131za, milletimize, birli\u011fimize, istiklal ve istikbalimize kastetmi\u015ftir\u201d \u015feklinde konu\u015ftu.<\/p>\n<p>15 Temmuz g\u00fcn\u00fc, halk\u0131n b\u00fcy\u00fck bir azim ve inan\u00e7la dinine, de\u011ferlerine ve h\u00fcrriyetine sahip \u00e7\u0131kt\u0131\u011f\u0131n\u0131 dile getiren Diyanet \u0130\u015fleri Ba\u015fkan\u0131 Erba\u015f, \u201cHain darbe giri\u015fimi ki darbe giri\u015fimi yeterince ifade etmiyor. Vatan\u0131m\u0131z\u0131 i\u015fgal giri\u015fimi diyoruz buna, bu i\u015fgal giri\u015fimi Allah\u2019\u0131n inayeti, y\u00f6neticilerimizin dirayeti ve aziz milletimizin cesareti ile b\u00fct\u00fcn d\u00fcnyaya \u00f6rnek olacak \u015fanl\u0131 bir direni\u015fle bertaraf edilmi\u015ftir\u201d ifadelerini kulland\u0131.<\/p>\n<p>Din istismar\u0131 yaparak insanlar\u0131 kand\u0131ran hain \u00f6rg\u00fcte at\u0131fta bulunan Ba\u015fkan Erba\u015f, \u201cBir yerde herhangi bir kitaba Kur\u2019an-\u0131 Kerim\u2019den daha fazla de\u011fer g\u00f6steriliyorsa orada hakikat ad\u0131na ciddi bir sorun var demektir. Baz\u0131 ki\u015filerin hatadan korunmu\u015f oldu\u011funa inan\u0131l\u0131yor ve onlara Peygamber Efendimizden daha \u00e7ok itibar ediliyorsa \u0130slam\u2019\u0131n d\u0131\u015f\u0131na \u00e7\u0131k\u0131lm\u0131\u015f demektir\u201d diye konu\u015ftu.<\/p>\n<p>\u201cDin istismar\u0131 ile m\u00fccadelenin en etkin yolu do\u011fru dini bilginin yerle\u015ftirilmesidir\u201d<\/p>\n<p>Hain yap\u0131yla m\u00fccadelenin e\u011fitimle olaca\u011f\u0131na de\u011finen Erba\u015f, \u201cBir daha benzer s\u00fcre\u00e7ler ve ihanetler ya\u015famama ad\u0131na sa\u011fduyulu ve ferasetli yakla\u015f\u0131m\u0131 g\u00fc\u00e7lendirmeliyiz. Din istismar\u0131 ile m\u00fccadelenin en etkin yolu do\u011fru dini bilginin yerle\u015ftirilmesi, Kur\u2019an ve s\u00fcnnete dayal\u0131 bir din e\u011fitimi, ahlak ve maneviyata dayal\u0131 bir davran\u0131\u015f e\u011fitimidir. Dini istismar eden \u00f6rg\u00fctler genelde \u00f6zg\u00fcveni, \u00f6zg\u00fcr d\u00fc\u015f\u00fcncesi, kimlik ve karakteri elinden al\u0131nm\u0131\u015f gen\u00e7 kitleler olu\u015fturmaya \u00e7al\u0131\u015fmaktad\u0131rlar. Dolay\u0131s\u0131yla \u00e7ocuklar\u0131m\u0131za okul \u00f6ncesi e\u011fitimden ba\u015flayarak sa\u011fl\u0131kl\u0131 bir karakter ve de\u011fer a\u015f\u0131layacak, onlar\u0131n iyi bir kul ve g\u00fczel ahlakl\u0131 insan olmas\u0131n\u0131 sa\u011flayacak bir e\u011fitim ortam\u0131 ve m\u00fcfredat\u0131 haz\u0131rlamaya mecburuz\u201d dedi.<\/p>\n<p>Programda Kur\u2019an-\u0131 Kerim tilavetinin ard\u0131ndan hain darbe gecesini anlatan bir belgesel film g\u00f6sterimi ger\u00e7ekle\u015fti. Belgesel g\u00f6sterimi ard\u0131ndan sempozyuma ge\u00e7ildi. Programa Diyanet \u0130\u015fleri Ba\u015fkan\u0131 Prof. Dr. Ali Erba\u015f, 15 Temmuz Derne\u011fi Ba\u015fkan\u0131 Abdurrahman Tar\u0131k \u015eebik\u2019in yan\u0131 s\u0131ra bir\u00e7ok \u00f6\u011frenci ve vatanda\u015f kat\u0131ld\u0131.<\/p>\n","protected":false},"excerpt":{"rendered":"<p>D\u0130YANET \u0130\u015eLER\u0130 BA\u015eKANLI\u011eI VE 15 TEMMUZ DERNE\u011e\u0130\u2019N\u0130N B\u0130RL\u0130KTE ORGAN\u0130ZE ETT\u0130\u011e\u0130 \u201c3. ULUSLARARASI 15 TEMMUZ SEMPOZYUMU\u201d D\u0130YANET \u0130\u015eLER\u0130 BA\u015eKANI PROF. DR. AL\u0130 ERBA\u015e\u2019IN KATILIMIYLA D\u00dcZENLEND\u0130.<\/p>\n","protected":false},"author":1,"featured_media":182737,"comment_status":"closed","ping_status":"open","sticky":false,"template":"","format":"standard","meta":{"jetpack_post_was_ever_published":false,"_jetpack_newsletter_access":"","_jetpack_dont_email_post_to_subs":false,"_jetpack_newsletter_tier_id":0,"_jetpack_memberships_contains_paywalled_content":false,"_jetpack_memberships_contains_paid_content":false,"footnotes":"","jetpack_publicize_message":"","jetpack_publicize_feature_enabled":true,"jetpack_social_post_already_shared":true,"jetpack_social_options":{"image_generator_settings":{"template":"highway","default_image_id":0,"font":"","enabled":false},"version":2}},"categories":[1],"tags":[4839,2202,4841,1148],"class_list":["post-182736","post","type-post","status-publish","format-standard","has-post-thumbnail","hentry","category-genel","tag-uluslararasi","tag-duzenlendi","tag-sempozyumu","tag-temmuz"],"jetpack_publicize_connections":[],"jetpack_featured_media_url":"https:\/\/i0.wp.com\/www.tvturk.com\/wp-content\/uploads\/2019\/07\/3-uluslararasi-15-temmuz-sempozyumu-duzenlendi_bd223de.jpg?fit=1000%2C750","jetpack_sharing_enabled":true,"jetpack_shortlink":"https:\/\/wp.me\/paKIfm-Lxm","_links":{"self":[{"href":"http:\/\/www.tvturk.com\/index.php\/wp-json\/wp\/v2\/posts\/182736","targetHints":{"allow":["GET"]}}],"collection":[{"href":"http:\/\/www.tvturk.com\/index.php\/wp-json\/wp\/v2\/posts"}],"about":[{"href":"http:\/\/www.tvturk.com\/index.php\/wp-json\/wp\/v2\/types\/post"}],"author":[{"embeddable":true,"href":"http:\/\/www.tvturk.com\/index.php\/wp-json\/wp\/v2\/users\/1"}],"replies":[{"embeddable":true,"href":"http:\/\/www.tvturk.com\/index.php\/wp-json\/wp\/v2\/comments?post=182736"}],"version-history":[{"count":0,"href":"http:\/\/www.tvturk.com\/index.php\/wp-json\/wp\/v2\/posts\/182736\/revisions"}],"wp:featuredmedia":[{"embeddable":true,"href":"http:\/\/www.tvturk.com\/index.php\/wp-json\/wp\/v2\/media\/182737"}],"wp:attachment":[{"href":"http:\/\/www.tvturk.com\/index.php\/wp-json\/wp\/v2\/media?parent=182736"}],"wp:term":[{"taxonomy":"category","embeddable":true,"href":"http:\/\/www.tvturk.com\/index.php\/wp-json\/wp\/v2\/categories?post=182736"},{"taxonomy":"post_tag","embeddable":true,"href":"http:\/\/www.tvturk.com\/index.php\/wp-json\/wp\/v2\/tags?post=182736"}],"curies":[{"name":"wp","href":"https:\/\/api.w.org\/{rel}","templated":true}]}}