{"id":182750,"date":"2019-07-16T13:31:53","date_gmt":"2019-07-16T10:31:53","guid":{"rendered":"http:\/\/www.tvturk.com\/index.php\/ozel-ayaklarini-kaybettigi-gocuk-altindan-dunya-rekoruna-uzanan-hayat-hikayesi-kitap-oldu\/"},"modified":"2019-07-16T13:31:53","modified_gmt":"2019-07-16T10:31:53","slug":"ozel-ayaklarini-kaybettigi-gocuk-altindan-dunya-rekoruna-uzanan-hayat-hikayesi-kitap-oldu","status":"publish","type":"post","link":"http:\/\/www.tvturk.com\/index.php\/ozel-ayaklarini-kaybettigi-gocuk-altindan-dunya-rekoruna-uzanan-hayat-hikayesi-kitap-oldu\/","title":{"rendered":"(\u00d6zel) Ayaklar\u0131n\u0131 kaybetti\u011fi g\u00f6\u00e7\u00fck alt\u0131ndan, d\u00fcnya rekoruna uzanan hayat hikayesi kitap oldu"},"content":{"rendered":"<p>Kocaeli\u2019nin G\u00f6lc\u00fck il\u00e7esinde 17 A\u011fustos 1999 depreminde 3 g\u00fcn kald\u0131\u011f\u0131 g\u00f6\u00e7\u00fck alt\u0131nda 2 aya\u011f\u0131n\u0131 kaybeden Ufuk Ko\u00e7ak, 2 defa d\u00fcnya rekoruna ula\u015ft\u0131\u011f\u0131 hayat hikayesini kitab\u0131nda anlatt\u0131. \u2018S\u0131n\u0131rs\u0131z\u2019 kitab\u0131n\u0131n 10 g\u00fcn\u00fcnde 4. bask\u0131s\u0131 raflarda yerini ald\u0131.<\/p>\n<p>Kocaeli\u2019nin G\u00f6lc\u00fck il\u00e7esinde ya\u015fayan 43 ya\u015f\u0131ndaki Ufuk Ko\u00e7ak, 7 A\u011fustos 1999 Depremi\u2019nden itibaren ba\u015flayan hayat hikayesini kitapta toplad\u0131. 20 ya\u015f\u0131ndayken uykusunda depreme yakalanan ve 3 g\u00fcn boyunca g\u00f6\u00e7\u00fck alt\u0131nda kalan Ko\u00e7ak, kurtar\u0131ld\u0131\u011f\u0131nda 2 aya\u011f\u0131n\u0131 da kaybetti. Ya\u015fad\u0131\u011f\u0131 durum kar\u015f\u0131s\u0131nda ba\u015fta b\u00fcy\u00fck h\u00fcz\u00fcn ya\u015fayan Ko\u00e7ak, daha sonra, \u201cUfuk hayal etti\u011fin her \u015fey senin\u201d diyerek hayata tutundu. Gen\u00e7  ya\u015flardan itibaren da\u011fc\u0131l\u0131k, dal\u0131\u015f, yelken gibi bir\u00e7ok spor dal\u0131nda e\u011fitimler almaya ba\u015flayan Ko\u00e7ak, 2017 y\u0131l\u0131nda D\u00fcnya Sualt\u0131 Sporlar\u0131 Federasyonu\u2019nun (CMAS) \u0130talya ve Rusya\u2019dan g\u00f6nderdi\u011fi iki uluslararas\u0131 hakem g\u00f6zetiminde dalan Ufuk Ko\u00e7ak, toplam 87 saniye nefesini tuttu. 31.2 metreye inen Ko\u00e7ak \u2018D\u00fcnya Engelliler Serbest Dal\u0131\u015f Rekoru\u2019nun rekorun sahibi oldu.<\/p>\n<p>Kitab\u0131n\u0131n 10 g\u00fcn\u00fcnde 4. bask\u0131s\u0131 raflarda yerini ald\u0131<\/p>\n<p>Toplamda 2 d\u00fcnya rekorunu elinde tutan Ko\u00e7ak, hayat hikayesi ile kat\u0131ld\u0131\u011f\u0131 seminerlerde insanlara umut oldu. Ko\u00e7ak, ya\u015fad\u0131klar\u0131n\u0131n t\u00fcm insanlara ula\u015fmas\u0131 amac\u0131 ile arkada\u015flar\u0131n\u0131n da deste\u011fi ile bir kitap yazmaya karar verdi. Ko\u00e7ak, hayat hikayesini sayfalarla bulu\u015ftu\u011fu kitab\u0131na \u2018S\u0131n\u0131rs\u0131z\u2019 ismini verdi. 11 g\u00fcn \u00f6nce bas\u0131larak raflarda yerini alan kitap vatanda\u015flardan b\u00fcy\u00fck ilgi g\u00f6rd\u00fc. 10 g\u00fcn i\u00e7erisinde 10 binden fazla sat\u0131\u015f\u0131 yap\u0131lan kitap, 4. Bask\u0131s\u0131na girdi. Yazd\u0131\u011f\u0131 kitapta ya\u015fad\u0131klar\u0131n\u0131 anlatt\u0131\u011f\u0131n\u0131 ve bu olaylar\u0131n insanlara umut olaca\u011f\u0131na inand\u0131\u011f\u0131n\u0131 s\u00f6yleyen Ko\u00e7ak, kitaba gelen yo\u011fun ilginin ise kendisini onurland\u0131rd\u0131\u011f\u0131n\u0131 kaydetti.<\/p>\n<p>\u201c3 g\u00fcn boyunca g\u00f6\u00e7\u00fck alt\u0131nda kald\u0131m\u201d<\/p>\n<p>17 A\u011fustos Depremi s\u0131ras\u0131nda ya\u015fad\u0131klar\u0131n\u0131 anlatan Ko\u00e7ak, \u201cAskere gidip geldim. Tam hayat ba\u015flayacakken \u2018benim hayat hikayem\u2019 diye adland\u0131rd\u0131\u011f\u0131m o s\u00fcre\u00e7 17 A\u011fustos 1999 depremi ile birlikte ba\u015flad\u0131. Belli ya\u015fam standard\u0131n\u0131n oldu\u011fu gibi d\u0131\u015f\u0131na \u00e7\u0131kt\u0131m. 1999\u2019daki fay hatt\u0131 hepimizin \u00f6mr\u00fcnden ge\u00e7ti. 100 binlerce insan\u0131, T\u00fcrkiye\u2019nin tamam\u0131n\u0131 etkileyen bir \u015feydi. Benim hikayem de i\u015fte o zaman ba\u015flad\u0131. 16 A\u011fustos tarihinin s\u0131ca\u011f\u0131yla beraber De\u011firmendere ile G\u00f6lc\u00fck kent merkezi aras\u0131nda dola\u015ft\u0131m durdum. \u0130\u00e7imde bir \u00f6zlem vard\u0131. Bu kentte ya\u015fayan herkesin y\u00fcz\u00fcne bakmak gibi, b\u00fct\u00fcn caddelerini ve sokaklar\u0131n\u0131 dola\u015fmak gibi bir \u00f6zlemdi. Gece eve gidip o yorgunlukla yatt\u0131m. Saat 03.02\u2019de b\u00fcy\u00fck bir g\u00fcr\u00fclt\u00fcyle uyand\u0131m. Bizim ya\u015fad\u0131\u011f\u0131m\u0131z \u2018G\u00fcven Apartman\u0131\u2019 depreme sadece 15-20 saniye dayanabildi. Bu saniyelerde biz k\u0131yamet kopuyor dedik. 20 saniye sonra bina tamamen \u00fczerimize kapand\u0131 ve 3 g\u00fcn boyunca g\u00f6\u00e7\u00fck alt\u0131nda kald\u0131m\u201d dedi.<\/p>\n<p>\u201c\u2018Ne yapaca\u011f\u0131z Ufuk, daha 20 ya\u015f\u0131ndas\u0131n\u2019 diye kendime sordum\u201d<\/p>\n<p>Deprem sonras\u0131nda b\u00fcy\u00fck zorluklar ya\u015fad\u0131\u011f\u0131n\u0131 ama hayata tutundu\u011funu belirten Ko\u00e7ak, \u201c3 g\u00fcn g\u00f6\u00e7\u00fck alt\u0131ndan kalm\u0131\u015f olmamdan dolay\u0131 kangren ayaklar\u0131mdan dizimin \u00fcst\u00fcne do\u011fru gelmi\u015f ve bundan dolay\u0131 kald\u0131r\u0131ld\u0131\u011f\u0131m \u0130stanbul\u2019daki hastanede 2 aya\u011f\u0131m da kesildi. Hastanede yatarken, \u2018Ne yapaca\u011f\u0131z Ufuk, daha 20 ya\u015f\u0131ndas\u0131n\u2019 diye kendime sordum. O zaman her \u015feye ra\u011fmen hayat devam ediyorsa ya\u015fayacaks\u0131n dedim kendi kendime. O s\u00fcre\u00e7te ne yapaca\u011f\u0131m konusunda benim de hi\u00e7bir fikrim yoktu. Kendime dedim ki hayal edebilece\u011fin her \u015fey sana ait ve g\u00f6zlerimi kapatarak harmandal\u0131 oynamaya ba\u015flad\u0131m. Yaralar\u0131m\u0131n iyile\u015fmesi ile ilk ba\u015fta ne yapaca\u011f\u0131m\u0131 bilmiyordum. Sonra dedim ki, \u2018Nefes al\u0131p vermek ya\u015fam demek. Bunun ad\u0131na ya\u015fam diyorsak \u00fczerine bir \u015feyler koymak gerekiyor\u201d diye konu\u015ftu.<\/p>\n<p>\u201c\u00dclkemize d\u00fcnya engelliler dal\u0131\u015f rekoru getirdim\u201d<\/p>\n<p>Bir\u00e7ok ba\u015far\u0131ya imza att\u0131\u011f\u0131n\u0131 ifade eden Ko\u00e7ak, do\u011fadan ald\u0131\u011f\u0131 umut ile 2 defa d\u00fcnya rekoruna imza att\u0131\u011f\u0131n\u0131 belirterek, \u201c\u2019Daha sonra \u00f6nce y\u00fcz\u00fcm\u00fc denize d\u00f6nd\u00fcm, dal\u0131\u015f e\u011fitimleri ald\u0131m. Bir yan\u0131m hep da\u011flarda oldu. Hayat\u0131mdaki \u00f6\u011fretici her \u015feyi tabiattan ald\u0131m Deniz, su kaya\u011f\u0131, yelken, dal\u0131\u015f derken hayat\u0131m rengarenk olmaya ba\u015flad\u0131. Bundan 4-5 y\u0131l \u00f6nce dal\u0131\u015f alan\u0131nda d\u00fcnya rekoru deneme f\u0131rsat\u0131 ge\u00e7ti elime. Bununla ilgili bir deneme yapt\u0131k ve o deneme sonras\u0131nda \u00fclkemize d\u00fcnya engelliler dal\u0131\u015f rekoru getirdik. Bir s\u00fcre sonra 2. bir rekor daha k\u0131rd\u0131m. Burada 17 A\u011fustos\u2019un y\u0131l d\u00f6n\u00fcm\u00fcnde sular alt\u0131nda kalan bat\u0131k \u015fehre dal\u0131\u015f yapt\u0131m. Bu da 2. d\u00fcnya rekorum oldu\u201d \u015feklinde konu\u015ftu.<\/p>\n<p>\u201cKitab\u0131m insanlara umut olacak\u201d<\/p>\n<p>G\u00f6\u00e7\u00fck alt\u0131nda \u00e7\u0131karak d\u00fcnya rekoruna ula\u015ft\u0131\u011f\u0131 hayat hikayesini anlatt\u0131\u011f\u0131 kitab\u0131na yo\u011fun ilgi oldu\u011funu ifade eden Ufuk Ko\u00e7ak, \u201cBu hikayenin hepsini oturup yaz\u0131larla aktarmak istedim. \u00c7\u00fcnk\u00fc bir g\u00f6\u00e7\u00fck alt\u0131ndan \u00e7\u0131k\u0131p d\u00fcnya rekoruna giden yolculu\u011fu anlatmak istedim. Bu kitap benim i\u00e7in \u00e7ok \u00f6nemliydi. Arkada\u015flar\u0131m da hep kitab\u0131 yazmam konusunda \u0131srarc\u0131 oldular. Bunun sonunda \u2018S\u0131n\u0131rs\u0131z\u2019 isimli kitab\u0131m\u0131 yazd\u0131m. Kitab\u0131m\u0131n piyasaya \u00e7\u0131k\u0131\u015f\u0131n\u0131n 10. g\u00fcn\u00fc olmas\u0131na ra\u011fmen 4. bask\u0131s\u0131n\u0131 yapt\u0131k. Okurlar bu konuda beni onurland\u0131rd\u0131. \u0130n\u015fallah bu bask\u0131 say\u0131lar\u0131 da devam edecek. Her insan\u0131n ba\u015f\u0131na hayatta k\u00f6t\u00fc bir \u015feyler gelebiliyor. Hayata iyi bakabilirsek e\u011fer, o k\u00f6t\u00fc \u015feyleri de iyiye \u00e7evirebiliriz. Bu yolda umut ediyorum ki kitab\u0131m insanlara umut olacak\u201d ifadelerini kulland\u0131.<\/p>\n","protected":false},"excerpt":{"rendered":"<p>\u2018SINIRSIZ\u2019 ADLI K\u0130TAP, 10 G\u00dcNDE 4. BASKI YAPTI<\/p>\n","protected":false},"author":1,"featured_media":182751,"comment_status":"closed","ping_status":"open","sticky":false,"template":"","format":"standard","meta":{"jetpack_post_was_ever_published":false,"_jetpack_newsletter_access":"","_jetpack_dont_email_post_to_subs":false,"_jetpack_newsletter_tier_id":0,"_jetpack_memberships_contains_paywalled_content":false,"_jetpack_memberships_contains_paid_content":false,"footnotes":"","jetpack_publicize_message":"","jetpack_publicize_feature_enabled":true,"jetpack_social_post_already_shared":true,"jetpack_social_options":{"image_generator_settings":{"template":"highway","default_image_id":0,"font":"","enabled":false},"version":2}},"categories":[1],"tags":[349,1073,3782,5910,3675,606,1634,6894,4074,77,33200,20161],"class_list":["post-182750","post","type-post","status-publish","format-standard","has-post-thumbnail","hentry","category-genel","tag-dunya","tag-ozel","tag-altindan","tag-ayaklarini","tag-gocuk","tag-hayat","tag-hikayesi","tag-kaybettigi","tag-kitap","tag-oldu","tag-rekoruna","tag-uzanan"],"jetpack_publicize_connections":[],"jetpack_featured_media_url":"https:\/\/i0.wp.com\/www.tvturk.com\/wp-content\/uploads\/2019\/07\/ozel-ayaklarini-kaybettigi-gocuk-altindan-dunya-rekoruna-uzanan-hayat-hikayesi-kitap-oldu_e6abb3e.jpg?fit=1000%2C666","jetpack_sharing_enabled":true,"jetpack_shortlink":"https:\/\/wp.me\/paKIfm-LxA","_links":{"self":[{"href":"http:\/\/www.tvturk.com\/index.php\/wp-json\/wp\/v2\/posts\/182750","targetHints":{"allow":["GET"]}}],"collection":[{"href":"http:\/\/www.tvturk.com\/index.php\/wp-json\/wp\/v2\/posts"}],"about":[{"href":"http:\/\/www.tvturk.com\/index.php\/wp-json\/wp\/v2\/types\/post"}],"author":[{"embeddable":true,"href":"http:\/\/www.tvturk.com\/index.php\/wp-json\/wp\/v2\/users\/1"}],"replies":[{"embeddable":true,"href":"http:\/\/www.tvturk.com\/index.php\/wp-json\/wp\/v2\/comments?post=182750"}],"version-history":[{"count":0,"href":"http:\/\/www.tvturk.com\/index.php\/wp-json\/wp\/v2\/posts\/182750\/revisions"}],"wp:featuredmedia":[{"embeddable":true,"href":"http:\/\/www.tvturk.com\/index.php\/wp-json\/wp\/v2\/media\/182751"}],"wp:attachment":[{"href":"http:\/\/www.tvturk.com\/index.php\/wp-json\/wp\/v2\/media?parent=182750"}],"wp:term":[{"taxonomy":"category","embeddable":true,"href":"http:\/\/www.tvturk.com\/index.php\/wp-json\/wp\/v2\/categories?post=182750"},{"taxonomy":"post_tag","embeddable":true,"href":"http:\/\/www.tvturk.com\/index.php\/wp-json\/wp\/v2\/tags?post=182750"}],"curies":[{"name":"wp","href":"https:\/\/api.w.org\/{rel}","templated":true}]}}