{"id":182762,"date":"2019-07-16T13:47:17","date_gmt":"2019-07-16T10:47:17","guid":{"rendered":"http:\/\/www.tvturk.com\/index.php\/faruk-ilgaz-kabri-basinda-anildi\/"},"modified":"2019-07-16T13:47:17","modified_gmt":"2019-07-16T10:47:17","slug":"faruk-ilgaz-kabri-basinda-anildi","status":"publish","type":"post","link":"http:\/\/www.tvturk.com\/index.php\/faruk-ilgaz-kabri-basinda-anildi\/","title":{"rendered":"Faruk Ilgaz kabri ba\u015f\u0131nda an\u0131ld\u0131"},"content":{"rendered":"<p>Fenerbah\u00e7e Kul\u00fcb\u00fc\u2019n\u00fcn eski ba\u015fkanlar\u0131ndan Faruk Ilgaz, vefat\u0131n\u0131n 5. y\u0131l\u0131nda kabri ba\u015f\u0131nda an\u0131ld\u0131.<\/p>\n<p>Fenerbah\u00e7e\u2019nin eski ba\u015fkanlar\u0131ndan Faruk Ilgaz, vefat\u0131n\u0131n 5. y\u0131ld\u00f6n\u00fcm\u00fcnde Sahray\u0131cedid Mezarl\u0131\u011f\u0131\u2019ndaki kabri ba\u015f\u0131nda an\u0131ld\u0131.<\/p>\n<p>Anma t\u00f6renine Fenerbah\u00e7e Genel Sekreteri Sevil Zeynep Becan ile Ilgaz ailesi kat\u0131ld\u0131. T\u00f6rende merhum Faruk Ilgaz\u2019\u0131n ruhuna dualar okundu.<\/p>\n","protected":false},"excerpt":{"rendered":"<p>FENERBAH\u00c7E KUL\u00dcB\u00dc&#8217;N\u00dcN ESK\u0130 BA\u015eKANLARINDAN FARUK ILGAZ, VEFATININ 5. YILINDA KABR\u0130 BA\u015eINDA ANILDI.<\/p>\n","protected":false},"author":1,"featured_media":182763,"comment_status":"closed","ping_status":"open","sticky":false,"template":"","format":"standard","meta":{"jetpack_post_was_ever_published":false,"_jetpack_newsletter_access":"","_jetpack_dont_email_post_to_subs":false,"_jetpack_newsletter_tier_id":0,"_jetpack_memberships_contains_paywalled_content":false,"_jetpack_memberships_contains_paid_content":false,"footnotes":"","jetpack_publicize_message":"","jetpack_publicize_feature_enabled":true,"jetpack_social_post_already_shared":true,"jetpack_social_options":{"image_generator_settings":{"template":"highway","default_image_id":0,"font":"","enabled":false},"version":2}},"categories":[657],"tags":[241,240,13519,45119,2214],"class_list":["post-182762","post","type-post","status-publish","format-standard","has-post-thumbnail","hentry","category-spor","tag-anildi","tag-basinda","tag-faruk","tag-ilgaz","tag-kabri"],"jetpack_publicize_connections":[],"jetpack_featured_media_url":"https:\/\/i0.wp.com\/www.tvturk.com\/wp-content\/uploads\/2019\/07\/faruk-ilgaz-kabri-basinda-anildi_1d7f5a6.jpg?fit=1000%2C641","jetpack_sharing_enabled":true,"jetpack_shortlink":"https:\/\/wp.me\/paKIfm-LxM","_links":{"self":[{"href":"http:\/\/www.tvturk.com\/index.php\/wp-json\/wp\/v2\/posts\/182762","targetHints":{"allow":["GET"]}}],"collection":[{"href":"http:\/\/www.tvturk.com\/index.php\/wp-json\/wp\/v2\/posts"}],"about":[{"href":"http:\/\/www.tvturk.com\/index.php\/wp-json\/wp\/v2\/types\/post"}],"author":[{"embeddable":true,"href":"http:\/\/www.tvturk.com\/index.php\/wp-json\/wp\/v2\/users\/1"}],"replies":[{"embeddable":true,"href":"http:\/\/www.tvturk.com\/index.php\/wp-json\/wp\/v2\/comments?post=182762"}],"version-history":[{"count":0,"href":"http:\/\/www.tvturk.com\/index.php\/wp-json\/wp\/v2\/posts\/182762\/revisions"}],"wp:featuredmedia":[{"embeddable":true,"href":"http:\/\/www.tvturk.com\/index.php\/wp-json\/wp\/v2\/media\/182763"}],"wp:attachment":[{"href":"http:\/\/www.tvturk.com\/index.php\/wp-json\/wp\/v2\/media?parent=182762"}],"wp:term":[{"taxonomy":"category","embeddable":true,"href":"http:\/\/www.tvturk.com\/index.php\/wp-json\/wp\/v2\/categories?post=182762"},{"taxonomy":"post_tag","embeddable":true,"href":"http:\/\/www.tvturk.com\/index.php\/wp-json\/wp\/v2\/tags?post=182762"}],"curies":[{"name":"wp","href":"https:\/\/api.w.org\/{rel}","templated":true}]}}