{"id":182772,"date":"2019-07-16T14:01:57","date_gmt":"2019-07-16T11:01:57","guid":{"rendered":"http:\/\/www.tvturk.com\/index.php\/ayagi-yere-atilan-sakiza-yapisan-kusu-kurtardi\/"},"modified":"2019-07-16T14:01:57","modified_gmt":"2019-07-16T11:01:57","slug":"ayagi-yere-atilan-sakiza-yapisan-kusu-kurtardi","status":"publish","type":"post","link":"http:\/\/www.tvturk.com\/index.php\/ayagi-yere-atilan-sakiza-yapisan-kusu-kurtardi\/","title":{"rendered":"Aya\u011f\u0131 yere at\u0131lan sak\u0131za yap\u0131\u015fan ku\u015fu kurtard\u0131"},"content":{"rendered":"<p>Adana\u2019da yere at\u0131lan bir sak\u0131za aya\u011f\u0131 yap\u0131\u015fan ku\u015f, bir vatanda\u015f taraf\u0131ndan kurtar\u0131ld\u0131ktan sonra do\u011faya sal\u0131nd\u0131.<\/p>\n<p>Bir vatanda\u015f kald\u0131r\u0131mda ilerlerken, ku\u015fun yerde \u00e7\u0131rp\u0131nd\u0131\u011f\u0131n\u0131 fark etti. Vatanda\u015f ku\u015fun yan\u0131na yakla\u015ft\u0131\u011f\u0131nda ayaklar\u0131n\u0131n sak\u0131za yap\u0131\u015ft\u0131\u011f\u0131n\u0131 ve kendisini kurtaramad\u0131\u011f\u0131n\u0131 g\u00f6rd\u00fc. Bunun \u00fczerine vatanda\u015f ku\u015fun ayaklar\u0131na zarar gelmeyecek \u015fekilde onu sak\u0131zdan kurtard\u0131. Daha sonra da ku\u015fun ayaklar\u0131n\u0131 toprakla temizleyip onu do\u011faya sald\u0131.<\/p>\n<p>Vatanda\u015f ku\u015fun sak\u0131za yap\u0131\u015fm\u0131\u015f halini ve sak\u0131z\u0131n nas\u0131l temizlenece\u011fini de anbean videoya \u00e7ekip sosyal medyadan payla\u015farak sak\u0131z\u0131n rastgele at\u0131lmas\u0131n\u0131n neler do\u011furaca\u011f\u0131n\u0131 g\u00f6sterdi.<\/p>\n<p>Video k\u0131sa s\u00fcrede sosyal medyada binlerce ki\u015fi taraf\u0131ndan izlenip, sak\u0131z\u0131 yere atanlara tepki ya\u011fd\u0131.<\/p>\n","protected":false},"excerpt":{"rendered":"<p>ADANA&#8217;DA YERE ATILAN SAKIZA AYA\u011eI YAPI\u015eAN KU\u015e, B\u0130R VATANDA\u015e KURTARILDI. TEM\u0130ZLENEN KU\u015e DO\u011eAYA SALINDI<\/p>\n","protected":false},"author":1,"featured_media":182773,"comment_status":"closed","ping_status":"open","sticky":false,"template":"","format":"standard","meta":{"jetpack_post_was_ever_published":false,"_jetpack_newsletter_access":"","_jetpack_dont_email_post_to_subs":false,"_jetpack_newsletter_tier_id":0,"_jetpack_memberships_contains_paywalled_content":false,"_jetpack_memberships_contains_paid_content":false,"footnotes":"","jetpack_publicize_message":"","jetpack_publicize_feature_enabled":true,"jetpack_social_post_already_shared":true,"jetpack_social_options":{"image_generator_settings":{"template":"highway","default_image_id":0,"font":"","enabled":false},"version":2}},"categories":[1],"tags":[8028,6683,477,18786,45127,34808,1048],"class_list":["post-182772","post","type-post","status-publish","format-standard","has-post-thumbnail","hentry","category-genel","tag-atilan","tag-ayagi","tag-kurtardi","tag-kusu","tag-sakiza","tag-yapisan","tag-yere"],"jetpack_publicize_connections":[],"jetpack_featured_media_url":"https:\/\/i0.wp.com\/www.tvturk.com\/wp-content\/uploads\/2019\/07\/ayagi-yere-atilan-sakiza-yapisan-kusu-kurtardi_446802a.jpg?fit=562%2C1000","jetpack_sharing_enabled":true,"jetpack_shortlink":"https:\/\/wp.me\/paKIfm-LxW","_links":{"self":[{"href":"http:\/\/www.tvturk.com\/index.php\/wp-json\/wp\/v2\/posts\/182772","targetHints":{"allow":["GET"]}}],"collection":[{"href":"http:\/\/www.tvturk.com\/index.php\/wp-json\/wp\/v2\/posts"}],"about":[{"href":"http:\/\/www.tvturk.com\/index.php\/wp-json\/wp\/v2\/types\/post"}],"author":[{"embeddable":true,"href":"http:\/\/www.tvturk.com\/index.php\/wp-json\/wp\/v2\/users\/1"}],"replies":[{"embeddable":true,"href":"http:\/\/www.tvturk.com\/index.php\/wp-json\/wp\/v2\/comments?post=182772"}],"version-history":[{"count":0,"href":"http:\/\/www.tvturk.com\/index.php\/wp-json\/wp\/v2\/posts\/182772\/revisions"}],"wp:featuredmedia":[{"embeddable":true,"href":"http:\/\/www.tvturk.com\/index.php\/wp-json\/wp\/v2\/media\/182773"}],"wp:attachment":[{"href":"http:\/\/www.tvturk.com\/index.php\/wp-json\/wp\/v2\/media?parent=182772"}],"wp:term":[{"taxonomy":"category","embeddable":true,"href":"http:\/\/www.tvturk.com\/index.php\/wp-json\/wp\/v2\/categories?post=182772"},{"taxonomy":"post_tag","embeddable":true,"href":"http:\/\/www.tvturk.com\/index.php\/wp-json\/wp\/v2\/tags?post=182772"}],"curies":[{"name":"wp","href":"https:\/\/api.w.org\/{rel}","templated":true}]}}