{"id":182798,"date":"2019-07-16T14:32:29","date_gmt":"2019-07-16T11:32:29","guid":{"rendered":"http:\/\/www.tvturk.com\/index.php\/samsunspora-fenerbahceden-golcu-geliyor\/"},"modified":"2019-07-16T14:32:29","modified_gmt":"2019-07-16T11:32:29","slug":"samsunspora-fenerbahceden-golcu-geliyor","status":"publish","type":"post","link":"http:\/\/www.tvturk.com\/index.php\/samsunspora-fenerbahceden-golcu-geliyor\/","title":{"rendered":"Samsunspor\u2019a Fenerbah\u00e7e\u2019den golc\u00fc geliyor"},"content":{"rendered":"<p>TFF 2. Lig ekiplerinden Samsunspor\u2019un ba\u015fkan\u0131 \u0130smail Uyan\u0131k, Fenerbah\u00e7e\u2019nin gen\u00e7 forveti Ahmethan K\u00f6se ile anla\u015ft\u0131klar\u0131n\u0131, Fenerbah\u00e7e Sportif Direkt\u00f6r\u00fc Damien Comolli ile g\u00f6r\u00fc\u015fmelerin s\u00fcrd\u00fc\u011f\u00fcn\u00fc a\u00e7\u0131klad\u0131.<\/p>\n<p>Samsunspor Ba\u015fkan\u0131 \u0130smail Uyan\u0131k, Canik Bal\u0131k\u00e7\u0131 Bar\u0131na\u011f\u0131\u2019nda bas\u0131n mensuplar\u0131yla bir araya geldi. G\u00fcndeme ve transferlere dair a\u00e7\u0131klamalarda bulunan Uyan\u0131k, Fenerbah\u00e7eli Ahmethan K\u00f6se ile anla\u015ft\u0131klar\u0131n\u0131, Gazi\u015fehir Gaziantep\u2019in stoperi Yal\u00e7\u0131n K\u0131l\u0131n\u00e7 i\u00e7in de giri\u015fimlerin devam etti\u011fini s\u00f6yledi.<\/p>\n<p>\u201cAhmethan i\u00e7in Comolli ile g\u00f6r\u00fc\u015f\u00fcyoruz\u201d<\/p>\n<p>Fenerbah\u00e7e\u2019nin 22 ya\u015f\u0131ndaki futbolcusuyla g\u00f6r\u00fc\u015fmelerde son a\u015famaya gelindi\u011finin alt\u0131n\u0131 \u00e7izen Ba\u015fkan \u0130smail Uyan\u0131k, \u201cAhmethan K\u00f6se, ge\u00e7ti\u011fimiz hafta Samsun\u2019dayd\u0131. Buraya geldi, tan\u0131\u015ft\u0131k. Kendisiyle el s\u0131k\u0131\u015ft\u0131k. Bug\u00fcn Genel Menajerimiz Mustafa Aztopal, Damien Comolli ile bir g\u00f6r\u00fc\u015fme yap\u0131yor. Kendisini bonservisi ile al\u0131yoruz. Dolay\u0131s\u0131yla bug\u00fcn sonunda in\u015fallah y\u00fczde 50\u2019nin \u00fcst\u00fcnde bir ihtimalle Fenerbah\u00e7e ile anla\u015fm\u0131\u015f olup, 22 ya\u015f\u0131ndaki bu arkada\u015f\u0131m\u0131z\u0131 Samsunspor\u2019un hem bug\u00fcn\u00fc hem de gelece\u011fi i\u00e7in transferini yapaca\u011f\u0131z. T\u00fcm izleme ekibinin, transfer komitesinin ve Samsunspor Y\u00f6netim Kurulu\u2019nun ortak fikriyle transfer etmi\u015f oluruz diye umut ediyorum\u201d dedi.<\/p>\n<p>\u201cGe\u00e7en sezondan beri sol stoper ar\u0131yoruz\u201d<\/p>\n<p>Sol stoper konusunda Yal\u00e7\u0131n K\u0131l\u0131n\u00e7 ile anla\u015ft\u0131klar\u0131n\u0131 vurgulayan Ba\u015fkan Uyan\u0131k, \u201cGazi\u015fehir Gaziantep Futbol Kul\u00fcb\u00fc\u2019n\u00fcn stoperi Yal\u00e7\u0131n K\u0131l\u0131n\u00e7 ile de g\u00f6r\u00fc\u015f\u00fcyoruz. Kendisiyle anla\u015ft\u0131k. Gazi\u015fehir Kul\u00fcb\u00fc anlay\u0131\u015f g\u00f6sterdi\u011fi takdirde Yal\u00e7\u0131n da Samsunspor\u2019da forma giyecek. Anla\u015fmasak da Samsunspor alternatiflerini bulacakt\u0131r. Sonu\u00e7ta sol stoper konusunda ge\u00e7ti\u011fimiz sezondan beri bir aray\u0131\u015f\u0131m\u0131z var. Ge\u00e7ti\u011fimiz sezona ba\u015flarken olmazsa olmaz sol stoper diye ba\u015flad\u0131k, hala sol stoperimiz yok. Ahmethan ve Yal\u00e7\u0131n transferini bitirince transferi kapatm\u0131\u015f oluyoruz. Ge\u00e7en seneki kadar 20 tane oyuncu alman\u0131n, iyi oyuncular da olsa bir tak\u0131m s\u0131k\u0131nt\u0131lar getirdi\u011fini g\u00f6rd\u00fck. Tak\u0131m olma ve kayna\u015fma konusunda s\u0131k\u0131nt\u0131lar olabiliyor. Ge\u00e7en seneki kadro da ge\u00e7en seneden daha iyi sonu\u00e7 alabilecek bir kadroydu. Bir tak\u0131m s\u0131k\u0131nt\u0131lar oldu. Hakimleri ge\u00e7emedik\u201d diye konu\u015ftu.<\/p>\n<p>\u201cGe\u00e7en sene haram puan almay\u0131 g\u00f6ze alsayd\u0131k, uzak ara \u015fampiyon olurduk\u201d<\/p>\n<p>Ge\u00e7en sezon hakem hatalar\u0131ndan dolay\u0131 \u00e7ok puan kayb\u0131 ya\u015fad\u0131klar\u0131n\u0131 ifade eden Uyan\u0131k, \u015funlar\u0131 s\u00f6yledi:<\/p>\n<p>\u201cBizim grubumuz zor. \u00c7ok iyi tak\u0131mlar var. Di\u011fer grup bo\u015f mu, de\u011fil mi onu bilemeyiz. B\u00fct\u00fcn tak\u0131mlara sayg\u0131 g\u00f6stermeliyiz. Di\u011fer gruba bakt\u0131\u011f\u0131m\u0131zda Sakaryaspor bile eski Sakaryaspor de\u011fil. Di\u011fer tak\u0131mlar ne yapacak, bilinemiyor. Kastamonu b\u00fct\u00e7e k\u00fc\u00e7\u00fcltmesine gitti. Ben, bizim grubu \u00e7ok daha g\u00fc\u00e7l\u00fc g\u00f6r\u00fcyorum. Ge\u00e7en sene di\u011fer gruptan hi\u00e7 hesapta olmayan Menemenspor y\u00fcr\u00fcd\u00fc gitti. Bu sene UEFA\u2019n\u0131n sayg\u0131 vurgusunu her yerde sonuna kadar koruyaca\u011f\u0131z. Ge\u00e7en sene klasik haram puan almay\u0131 g\u00f6ze alsayd\u0131k, uzak ara biz \u015fampiyon olurduk. Hi\u00e7bir tak\u0131ma 15-16 puan gasb\u0131 hakem hatalar\u0131yla yap\u0131lmad\u0131. Biz kendimize \u00f6z ele\u015ftiri yap\u0131yoruz ama ortada bir realite var. Samsunspor\u2019un ma\u00e7lar\u0131n\u0131n kay\u0131tlar\u0131n\u0131n hepsi var. \u0130zleyin, bak\u0131n, bu kadar hatan\u0131n iyi niyetli oldu\u011funu d\u00fc\u015f\u00fcnm\u00fcyorum. Kapatt\u0131k. Bu sene bu zor gruptan \u00e7\u0131kmak istiyoruz. Bize de bu yak\u0131\u015f\u0131r.\u201d<\/p>\n<p>Ba\u015fkan Uyan\u0131k ayr\u0131ca bu sene 20 milyon TL ay\u0131rd\u0131klar\u0131 transfer b\u00fct\u00e7esinin y\u00fczde 80\u2019ini kulland\u0131klar\u0131n\u0131 s\u00f6zlerine ekledi.<\/p>\n<p>Ahmethan K\u00f6se ge\u00e7en sezon K\u0131rklarelispor\u2019da 35 ma\u00e7ta 15 gol atarken, Yal\u00e7\u0131n K\u0131l\u0131n\u00e7 da Spor Toto 1. Lig\u2019de 27 kez Gazi\u015fehir Gaziantep Futbol Kul\u00fcb\u00fc\u2019n\u00fcn formas\u0131n\u0131 giydi.<\/p>\n","protected":false},"excerpt":{"rendered":"<p>TFF 2. L\u0130G EK\u0130PLER\u0130NDEN SAMSUNSPOR\u2019UN BA\u015eKANI \u0130SMA\u0130L UYANIK, FENERBAH\u00c7E\u2019N\u0130N FORVET OYUNCUSU AHMETHAN K\u00d6SE \u0130LE ANLA\u015eTIKLARINI, DAMIEN COMOLLI \u0130LE G\u00d6R\u00dc\u015eMELER\u0130N S\u00dcRD\u00dc\u011e\u00dcN\u00dc \u0130FADE ETT\u0130<\/p>\n","protected":false},"author":1,"featured_media":182799,"comment_status":"closed","ping_status":"open","sticky":false,"template":"","format":"standard","meta":{"jetpack_post_was_ever_published":false,"_jetpack_newsletter_access":"","_jetpack_dont_email_post_to_subs":false,"_jetpack_newsletter_tier_id":0,"_jetpack_memberships_contains_paywalled_content":false,"_jetpack_memberships_contains_paid_content":false,"footnotes":"","jetpack_publicize_message":"","jetpack_publicize_feature_enabled":true,"jetpack_social_post_already_shared":true,"jetpack_social_options":{"image_generator_settings":{"template":"highway","default_image_id":0,"font":"","enabled":false},"version":2}},"categories":[657],"tags":[18834,3927,13658,6292],"class_list":["post-182798","post","type-post","status-publish","format-standard","has-post-thumbnail","hentry","category-spor","tag-fenerbahceden","tag-geliyor","tag-golcu","tag-samsunspora"],"jetpack_publicize_connections":[],"jetpack_featured_media_url":"https:\/\/i0.wp.com\/www.tvturk.com\/wp-content\/uploads\/2019\/07\/samsunspora-fenerbahceden-golcu-geliyor_b962ac5.jpg?fit=1000%2C813","jetpack_sharing_enabled":true,"jetpack_shortlink":"https:\/\/wp.me\/paKIfm-Lym","_links":{"self":[{"href":"http:\/\/www.tvturk.com\/index.php\/wp-json\/wp\/v2\/posts\/182798","targetHints":{"allow":["GET"]}}],"collection":[{"href":"http:\/\/www.tvturk.com\/index.php\/wp-json\/wp\/v2\/posts"}],"about":[{"href":"http:\/\/www.tvturk.com\/index.php\/wp-json\/wp\/v2\/types\/post"}],"author":[{"embeddable":true,"href":"http:\/\/www.tvturk.com\/index.php\/wp-json\/wp\/v2\/users\/1"}],"replies":[{"embeddable":true,"href":"http:\/\/www.tvturk.com\/index.php\/wp-json\/wp\/v2\/comments?post=182798"}],"version-history":[{"count":0,"href":"http:\/\/www.tvturk.com\/index.php\/wp-json\/wp\/v2\/posts\/182798\/revisions"}],"wp:featuredmedia":[{"embeddable":true,"href":"http:\/\/www.tvturk.com\/index.php\/wp-json\/wp\/v2\/media\/182799"}],"wp:attachment":[{"href":"http:\/\/www.tvturk.com\/index.php\/wp-json\/wp\/v2\/media?parent=182798"}],"wp:term":[{"taxonomy":"category","embeddable":true,"href":"http:\/\/www.tvturk.com\/index.php\/wp-json\/wp\/v2\/categories?post=182798"},{"taxonomy":"post_tag","embeddable":true,"href":"http:\/\/www.tvturk.com\/index.php\/wp-json\/wp\/v2\/tags?post=182798"}],"curies":[{"name":"wp","href":"https:\/\/api.w.org\/{rel}","templated":true}]}}