{"id":18280,"date":"2019-02-10T14:32:54","date_gmt":"2019-02-10T11:32:54","guid":{"rendered":"http:\/\/www.tvturk.com\/index.php\/ataturk-evine-ziyaretci-akini\/"},"modified":"2019-02-10T14:33:02","modified_gmt":"2019-02-10T11:33:02","slug":"ataturk-evine-ziyaretci-akini","status":"publish","type":"post","link":"http:\/\/www.tvturk.com\/index.php\/ataturk-evine-ziyaretci-akini\/","title":{"rendered":"Atat\u00fcrk Evi\u2019ne ziyaret\u00e7i ak\u0131n\u0131"},"content":{"rendered":"<p>Afyonkarahisar\u2019\u0131n \u015euhut il\u00e7esinde bulunan Atat\u00fcrk Evi\u2019ne (Hac\u0131 Veli Kona\u011f\u0131) T\u00fcrkiye\u2019nin d\u00f6rt bir yan\u0131ndan gelen ziyaret\u00e7iler yo\u011fun ilgi g\u00f6steriyor.<\/p>\n<p>B\u00fcy\u00fck Taarruz\u2019un ba\u015flad\u0131\u011f\u0131 Atat\u00fcrk Evi\u2019ni ziyaret eden vatanda\u015flar, Mustafa Kemal Atat\u00fcrk\u2019\u00fcn destan yazd\u0131\u011f\u0131 konular\u0131 dinleyerek duygu dolu anlar ya\u015f\u0131yor. Ziyaret\u00e7iler, Atat\u00fcrk Evi g\u00f6revlisi Halil \u00d6m\u00fcr k\u0131lavuzlu\u011funda y\u00f6re hakk\u0131nda bilgiler de ediniyor. Atat\u00fcrk Evi \u00e7al\u0131\u015fanlar\u0131ndan Halil \u00d6m\u00fcr, &#8220;Buras\u0131 B\u00fcy\u00fck Taarruz karargah\u0131 Atat\u00fcrk Evi, Hac\u0131 Veli O\u011flu Kona\u011f\u0131. Cumhuriyetin temellerinin at\u0131lm\u0131\u015f oldu\u011fu 25 A\u011fustos 1922\u2019de Gazi Mustafa Kemal Atat\u00fcrk, \u0130smet \u0130n\u00f6n\u00fc, Mare\u015fal Fevzi \u00c7akmak, yaveri Salih Bozok, Zafer K\u0131l\u0131\u00e7, komutanlar\u0131 gerek B\u00fcy\u00fck Taarruz planlar\u0131n\u0131n ge\u00e7i\u015f ve karar alm\u0131\u015f oldu\u011fu yerdeyiz. Sandalyesi, masas\u0131 ve telgraf\u0131 ve silahlar\u0131 tamamen o y\u0131llar\u0131 and\u0131r\u0131r. 25 A\u011fustos 1922\u2019de anlat\u0131lan B\u00fcy\u00fck Taarruz karargah\u0131 al\u0131nmadan \u00f6nce ne yap\u0131l\u0131r, bu gizlilik i\u00e7inde yap\u0131lan bir pland\u0131r. B\u00fcy\u00fckl\u00fcklerin ve pencere alt\u0131ndaki askerlerin y\u00fckleri y\u0131\u011f\u0131l\u0131r ve pencere alt\u0131ndaki askerlerin m\u0131r\u0131lt\u0131l\u0131 bir \u015fekilde t\u00fcrk\u00fc s\u00f6yleyerek d\u0131\u015far\u0131daki \u00e7e\u015fmeleri a\u00e7\u0131k bulunurmu\u015f&#8221; dedi.<\/p>\n<p>Arkada\u015flar\u0131 ile Atat\u00fcrk Evi\u2019ni ziyaret eden \u00f6\u011fretmen Ay\u015fe Sar\u0131yol, &#8220;Kat\u0131lm\u0131\u015f oldu\u011fum Risus Sanat Grubu arkada\u015flar\u0131m\u0131 \u015euhut il\u00e7emize davet ettim. Ke\u015fke\u011fimizden ikram ettikten sonra Atat\u00fcrk Evi\u2019ni g\u00f6rmeden gidilmeyece\u011fine karar verdik. Onlar\u0131 burada a\u011f\u0131rlamak, k\u00fclt\u00fcr\u00fcm\u00fcz\u00fc g\u00f6stermek, yemeklerimizden tatt\u0131rmak benim i\u00e7in b\u00fcy\u00fck bir zevkti. Hepsi de \u00e7ok memnun kald\u0131lar. Bana yard\u0131mc\u0131 olan arkada\u015flar\u0131ma da te\u015fekk\u00fcr ediyorum, g\u00fczel bir \u015feyler ya\u015fad\u0131k&#8221; \u015feklinde konu\u015ftu.<\/p>\n<p>&#8220;Bu zaferin nas\u0131l kazan\u0131ld\u0131\u011f\u0131n\u0131 herkese anlatmak laz\u0131m&#8221;<\/p>\n<p>Risus Sanat\u0131 Grubu temsilcilerinden Tevfik \u0130nceo\u011flu ise, &#8220;Ben zaten Afyon\u2019a girer girmez duygular\u0131m yo\u011funla\u015f\u0131yor. Burada ben ger\u00e7ekten \u00e7ok duygulu oluyorum. \u00c7\u00fcnk\u00fc Anadolu\u2019nun ve T\u00fcrkiye Cumhuriyeti\u2019nin ve kurtulu\u015funun ilk ad\u0131mlar\u0131 burada at\u0131ld\u0131. B\u00fct\u00fcn T\u00fcrk halk\u0131 bilir zaten bunu, d\u00fcnyaya duyurduk zaten bu zaferi. Bu zaferin ya\u015fand\u0131\u011f\u0131 topraklarda olmak ve ya\u015fanmas\u0131na sebep olan evde olmak ayr\u0131ca bir duygu veriyor. Bu evi g\u00f6rme \u015ferefine nail olduk. Ben de daha \u00f6nce Kocatepe\u2019ye \u00e7\u0131km\u0131\u015ft\u0131m, birka\u00e7 tarihi yerlere \u00e7\u0131km\u0131\u015ft\u0131m. Bence sadece Afyon\u2019daki bu ev de\u011fil, Anadolu\u2019nun her topra\u011f\u0131nda b\u00f6yle yerleri ziyaret edip bu zaferin nas\u0131l kazan\u0131ld\u0131\u011f\u0131n\u0131 herkese anlatmak laz\u0131m. \u00d6nce kendimiz dinlemek laz\u0131m, sonra herkese anlatmak laz\u0131m. \u00c7\u00fcnk\u00fc \u00e7ok yanl\u0131\u015f \u015feyler anlat\u0131l\u0131yor insanlara ve insanlar bu zaferi k\u00fc\u00e7\u00fcmseyen bak\u0131\u015flarla bakabiliyorlar. Son zamanlarda ama ger\u00e7ekten b\u00fcy\u00fck bir zafer b\u00fcy\u00fck bir Cumhuriyet kuruldu ve \u00fclke kurul devlet kuruldu buralarda&#8221; ifadelerini kulland\u0131.<\/p>\n<p>&#8220;Tiyatrolar\u0131m\u0131za buralar\u0131 da dahil edece\u011fiz&#8221;<\/p>\n<p>Tiyatro yazar\u0131 ve y\u00f6netmen Se\u00e7kin Kabakl\u0131 da \u015funlar\u0131 kaydetti:<\/p>\n<p>&#8220;Ger\u00e7ekten \u015fu anda yo\u011fun bir duygular i\u00e7erisindeyiz. Kurtulu\u015f m\u00fccadelesinin ba\u015flam\u0131\u015f oldu\u011fu bu evde tarihe \u00e7ok \u00f6nem verdi\u011fimiz bir ki\u015fi olarak oyunda da belirtti\u011fimiz bir \u00e7ok kurtulu\u015f d\u00f6nemlerindeki ya\u015fanm\u0131\u015f olaylar\u0131 tiyatro tad\u0131nda anlatmaya \u00e7al\u0131\u015f\u0131rken bu eve geldi\u011fimizde daha iyi \u015feylerle kar\u015f\u0131la\u015ft\u0131k. \u0130n\u015fallah oyunumuz i\u00e7erisinde de bunlar\u0131 dahil edece\u011fiz. Kurtulu\u015f m\u00fccadelesinin ba\u015flad\u0131\u011f\u0131 Afyon\u2019da en \u00f6nemli \u015fehirde bu g\u00fczel kurtulu\u015f sava\u015f\u0131 tarihi adl\u0131 oyunumuzu sergileyece\u011fiz. G\u00fczel duygular i\u00e7erisindeyiz. G\u00f6rmedi\u011fimiz, bilmedi\u011fimiz y\u00f6nlerimizi burada geldi\u011fimizde yeni \u015feylerle \u00f6\u011frenmi\u015f olduk.&#8221;<div class=\"tiled-gallery type-rectangular tiled-gallery-unresized\" data-original-width=\"500\" data-carousel-extra='null' itemscope itemtype=\"http:\/\/schema.org\/ImageGallery\" > <div class=\"gallery-row\" style=\"width: 500px; height: 224px;\" data-original-width=\"500\" data-original-height=\"224\" > <div class=\"gallery-group images-1\" style=\"width: 334px; height: 224px;\" data-original-width=\"334\" data-original-height=\"224\" > <div class=\"tiled-gallery-item tiled-gallery-item-large\" itemprop=\"associatedMedia\" itemscope itemtype=\"http:\/\/schema.org\/ImageObject\"> <a href=\"http:\/\/www.tvturk.com\/index.php\/ataturk-evine-ziyaretci-akini\/ataturk-evine-ziyaretci-akini-3\/\" border=\"0\" itemprop=\"url\"> <meta itemprop=\"width\" content=\"330\"> <meta itemprop=\"height\" content=\"220\"> <img decoding=\"async\" class=\"\" data-attachment-id=\"18282\" data-orig-file=\"http:\/\/www.tvturk.com\/wp-content\/uploads\/2019\/02\/ataturk-evine-ziyaretci-akini_7d5ff90.jpg\" data-orig-size=\"1000,666\" data-comments-opened=\"\" data-image-meta=\"{&quot;aperture&quot;:&quot;0&quot;,&quot;credit&quot;:&quot;IHA&quot;,&quot;camera&quot;:&quot;&quot;,&quot;caption&quot;:&quot;AFYONKARAH\\u0130SAR\\u2019IN \\u015eUHUT \\u0130L\\u00c7ES\\u0130NDEK\\u0130 B\\u00dcY\\u00dcK TAARRUZUN BA\\u015eLADI\\u011eI ATAT\\u00dcRK EV\\u0130\\u2019NE (HACI VEL\\u0130 KONA\\u011eI) T\\u00dcRK\\u0130YE\\u0027N\\u0130N D\\u00d6RT B\\u0130R YANINDAN GELEN Z\\u0130YARET\\u00c7\\u0130LER YO\\u011eUN \\u0130LG\\u0130 G\\u00d6STER\\u0130YOR. (RECEP D\\u0130K\\u0130C\\u0130\\\/AFYONKARAH\\u0130SAR-\\u0130HA)&quot;,&quot;created_timestamp&quot;:&quot;0&quot;,&quot;copyright&quot;:&quot;\\u0130HLAS HABER AJANSI, www.iha.com.tr&quot;,&quot;focal_length&quot;:&quot;0&quot;,&quot;iso&quot;:&quot;0&quot;,&quot;shutter_speed&quot;:&quot;0&quot;,&quot;title&quot;:&quot;ATAT\\u00dcRK EV\\u0130\\u0027NE Z\\u0130YARET\\u00c7\\u0130 AKINI&quot;,&quot;orientation&quot;:&quot;0&quot;}\" data-image-title=\"Atat\u00fcrk Evi\u2019ne ziyaret\u00e7i ak\u0131n\u0131\" data-image-description=\"&lt;p&gt;Atat\u00fcrk Evi\u2019ne ziyaret\u00e7i ak\u0131n\u0131&lt;\/p&gt; \" data-medium-file=\"https:\/\/i0.wp.com\/www.tvturk.com\/wp-content\/uploads\/2019\/02\/ataturk-evine-ziyaretci-akini_7d5ff90.jpg?fit=300%2C200\" data-large-file=\"https:\/\/i0.wp.com\/www.tvturk.com\/wp-content\/uploads\/2019\/02\/ataturk-evine-ziyaretci-akini_7d5ff90.jpg?fit=1000%2C666\" src=\"https:\/\/i0.wp.com\/www.tvturk.com\/wp-content\/uploads\/2019\/02\/ataturk-evine-ziyaretci-akini_7d5ff90.jpg?w=330&#038;h=220\" srcset=\"https:\/\/i0.wp.com\/www.tvturk.com\/wp-content\/uploads\/2019\/02\/ataturk-evine-ziyaretci-akini_7d5ff90.jpg?w=1000 1000w, https:\/\/i0.wp.com\/www.tvturk.com\/wp-content\/uploads\/2019\/02\/ataturk-evine-ziyaretci-akini_7d5ff90.jpg?resize=150%2C100 150w, https:\/\/i0.wp.com\/www.tvturk.com\/wp-content\/uploads\/2019\/02\/ataturk-evine-ziyaretci-akini_7d5ff90.jpg?resize=300%2C200 300w, https:\/\/i0.wp.com\/www.tvturk.com\/wp-content\/uploads\/2019\/02\/ataturk-evine-ziyaretci-akini_7d5ff90.jpg?resize=768%2C511 768w, https:\/\/i0.wp.com\/www.tvturk.com\/wp-content\/uploads\/2019\/02\/ataturk-evine-ziyaretci-akini_7d5ff90.jpg?resize=170%2C113 170w, https:\/\/i0.wp.com\/www.tvturk.com\/wp-content\/uploads\/2019\/02\/ataturk-evine-ziyaretci-akini_7d5ff90.jpg?resize=120%2C80 120w\" width=\"330\" height=\"220\" loading=\"lazy\" data-original-width=\"330\" data-original-height=\"220\" itemprop=\"http:\/\/schema.org\/image\" title=\"Atat\u00fcrk Evi\u2019ne ziyaret\u00e7i ak\u0131n\u0131\" alt=\"Atat\u00fcrk Evi\u2019ne ziyaret\u00e7i ak\u0131n\u0131\" style=\"width: 330px; height: 220px;\" \/> <\/a> <\/div> <\/div> <!-- close group --> <div class=\"gallery-group images-2\" style=\"width: 166px; height: 224px;\" data-original-width=\"166\" data-original-height=\"224\" > <div class=\"tiled-gallery-item tiled-gallery-item-small\" itemprop=\"associatedMedia\" itemscope itemtype=\"http:\/\/schema.org\/ImageObject\"> <a href=\"http:\/\/www.tvturk.com\/index.php\/ataturk-evine-ziyaretci-akini\/ataturk-evine-ziyaretci-akini-4\/\" border=\"0\" itemprop=\"url\"> <meta itemprop=\"width\" content=\"162\"> <meta itemprop=\"height\" content=\"108\"> <img decoding=\"async\" class=\"\" data-attachment-id=\"18283\" data-orig-file=\"http:\/\/www.tvturk.com\/wp-content\/uploads\/2019\/02\/ataturk-evine-ziyaretci-akini_7dd3139.jpg\" data-orig-size=\"1000,666\" data-comments-opened=\"\" data-image-meta=\"{&quot;aperture&quot;:&quot;0&quot;,&quot;credit&quot;:&quot;IHA&quot;,&quot;camera&quot;:&quot;&quot;,&quot;caption&quot;:&quot;AFYONKARAH\\u0130SAR\\u2019IN \\u015eUHUT \\u0130L\\u00c7ES\\u0130NDEK\\u0130 B\\u00dcY\\u00dcK TAARRUZUN BA\\u015eLADI\\u011eI ATAT\\u00dcRK EV\\u0130\\u2019NE (HACI VEL\\u0130 KONA\\u011eI) T\\u00dcRK\\u0130YE\\u0027N\\u0130N D\\u00d6RT B\\u0130R YANINDAN GELEN Z\\u0130YARET\\u00c7\\u0130LER YO\\u011eUN \\u0130LG\\u0130 G\\u00d6STER\\u0130YOR. (RECEP D\\u0130K\\u0130C\\u0130\\\/AFYONKARAH\\u0130SAR-\\u0130HA)&quot;,&quot;created_timestamp&quot;:&quot;0&quot;,&quot;copyright&quot;:&quot;\\u0130HLAS HABER AJANSI, www.iha.com.tr&quot;,&quot;focal_length&quot;:&quot;0&quot;,&quot;iso&quot;:&quot;0&quot;,&quot;shutter_speed&quot;:&quot;0&quot;,&quot;title&quot;:&quot;ATAT\\u00dcRK EV\\u0130\\u0027NE Z\\u0130YARET\\u00c7\\u0130 AKINI&quot;,&quot;orientation&quot;:&quot;0&quot;}\" data-image-title=\"Atat\u00fcrk Evi\u2019ne ziyaret\u00e7i ak\u0131n\u0131\" data-image-description=\"&lt;p&gt;Atat\u00fcrk Evi\u2019ne ziyaret\u00e7i ak\u0131n\u0131&lt;\/p&gt; \" data-medium-file=\"https:\/\/i0.wp.com\/www.tvturk.com\/wp-content\/uploads\/2019\/02\/ataturk-evine-ziyaretci-akini_7dd3139.jpg?fit=300%2C200\" data-large-file=\"https:\/\/i0.wp.com\/www.tvturk.com\/wp-content\/uploads\/2019\/02\/ataturk-evine-ziyaretci-akini_7dd3139.jpg?fit=1000%2C666\" src=\"https:\/\/i0.wp.com\/www.tvturk.com\/wp-content\/uploads\/2019\/02\/ataturk-evine-ziyaretci-akini_7dd3139.jpg?w=162&#038;h=108\" srcset=\"https:\/\/i0.wp.com\/www.tvturk.com\/wp-content\/uploads\/2019\/02\/ataturk-evine-ziyaretci-akini_7dd3139.jpg?w=1000 1000w, https:\/\/i0.wp.com\/www.tvturk.com\/wp-content\/uploads\/2019\/02\/ataturk-evine-ziyaretci-akini_7dd3139.jpg?resize=150%2C100 150w, https:\/\/i0.wp.com\/www.tvturk.com\/wp-content\/uploads\/2019\/02\/ataturk-evine-ziyaretci-akini_7dd3139.jpg?resize=300%2C200 300w, https:\/\/i0.wp.com\/www.tvturk.com\/wp-content\/uploads\/2019\/02\/ataturk-evine-ziyaretci-akini_7dd3139.jpg?resize=768%2C511 768w, https:\/\/i0.wp.com\/www.tvturk.com\/wp-content\/uploads\/2019\/02\/ataturk-evine-ziyaretci-akini_7dd3139.jpg?resize=170%2C113 170w, https:\/\/i0.wp.com\/www.tvturk.com\/wp-content\/uploads\/2019\/02\/ataturk-evine-ziyaretci-akini_7dd3139.jpg?resize=120%2C80 120w\" width=\"162\" height=\"108\" loading=\"lazy\" data-original-width=\"162\" data-original-height=\"108\" itemprop=\"http:\/\/schema.org\/image\" title=\"Atat\u00fcrk Evi\u2019ne ziyaret\u00e7i ak\u0131n\u0131\" alt=\"Atat\u00fcrk Evi\u2019ne ziyaret\u00e7i ak\u0131n\u0131\" style=\"width: 162px; height: 108px;\" \/> <\/a> <\/div> <div class=\"tiled-gallery-item tiled-gallery-item-small\" itemprop=\"associatedMedia\" itemscope itemtype=\"http:\/\/schema.org\/ImageObject\"> <a href=\"http:\/\/www.tvturk.com\/index.php\/ataturk-evine-ziyaretci-akini\/ataturk-evine-ziyaretci-akini-5\/\" border=\"0\" itemprop=\"url\"> <meta itemprop=\"width\" content=\"162\"> <meta itemprop=\"height\" content=\"108\"> <img decoding=\"async\" class=\"\" data-attachment-id=\"18284\" data-orig-file=\"http:\/\/www.tvturk.com\/wp-content\/uploads\/2019\/02\/ataturk-evine-ziyaretci-akini_0b7b360.jpg\" data-orig-size=\"1000,666\" data-comments-opened=\"\" data-image-meta=\"{&quot;aperture&quot;:&quot;0&quot;,&quot;credit&quot;:&quot;IHA&quot;,&quot;camera&quot;:&quot;&quot;,&quot;caption&quot;:&quot;AFYONKARAH\\u0130SAR\\u2019IN \\u015eUHUT \\u0130L\\u00c7ES\\u0130NDEK\\u0130 B\\u00dcY\\u00dcK TAARRUZUN BA\\u015eLADI\\u011eI ATAT\\u00dcRK EV\\u0130\\u2019NE (HACI VEL\\u0130 KONA\\u011eI) T\\u00dcRK\\u0130YE\\u0027N\\u0130N D\\u00d6RT B\\u0130R YANINDAN GELEN Z\\u0130YARET\\u00c7\\u0130LER YO\\u011eUN \\u0130LG\\u0130 G\\u00d6STER\\u0130YOR. (RECEP D\\u0130K\\u0130C\\u0130\\\/AFYONKARAH\\u0130SAR-\\u0130HA)&quot;,&quot;created_timestamp&quot;:&quot;0&quot;,&quot;copyright&quot;:&quot;\\u0130HLAS HABER AJANSI, www.iha.com.tr&quot;,&quot;focal_length&quot;:&quot;0&quot;,&quot;iso&quot;:&quot;0&quot;,&quot;shutter_speed&quot;:&quot;0&quot;,&quot;title&quot;:&quot;ATAT\\u00dcRK EV\\u0130\\u0027NE Z\\u0130YARET\\u00c7\\u0130 AKINI&quot;,&quot;orientation&quot;:&quot;0&quot;}\" data-image-title=\"Atat\u00fcrk Evi\u2019ne ziyaret\u00e7i ak\u0131n\u0131\" data-image-description=\"&lt;p&gt;Atat\u00fcrk Evi\u2019ne ziyaret\u00e7i ak\u0131n\u0131&lt;\/p&gt; \" data-medium-file=\"https:\/\/i0.wp.com\/www.tvturk.com\/wp-content\/uploads\/2019\/02\/ataturk-evine-ziyaretci-akini_0b7b360.jpg?fit=300%2C200\" data-large-file=\"https:\/\/i0.wp.com\/www.tvturk.com\/wp-content\/uploads\/2019\/02\/ataturk-evine-ziyaretci-akini_0b7b360.jpg?fit=1000%2C666\" src=\"https:\/\/i0.wp.com\/www.tvturk.com\/wp-content\/uploads\/2019\/02\/ataturk-evine-ziyaretci-akini_0b7b360.jpg?w=162&#038;h=108\" srcset=\"https:\/\/i0.wp.com\/www.tvturk.com\/wp-content\/uploads\/2019\/02\/ataturk-evine-ziyaretci-akini_0b7b360.jpg?w=1000 1000w, https:\/\/i0.wp.com\/www.tvturk.com\/wp-content\/uploads\/2019\/02\/ataturk-evine-ziyaretci-akini_0b7b360.jpg?resize=150%2C100 150w, https:\/\/i0.wp.com\/www.tvturk.com\/wp-content\/uploads\/2019\/02\/ataturk-evine-ziyaretci-akini_0b7b360.jpg?resize=300%2C200 300w, https:\/\/i0.wp.com\/www.tvturk.com\/wp-content\/uploads\/2019\/02\/ataturk-evine-ziyaretci-akini_0b7b360.jpg?resize=768%2C511 768w, https:\/\/i0.wp.com\/www.tvturk.com\/wp-content\/uploads\/2019\/02\/ataturk-evine-ziyaretci-akini_0b7b360.jpg?resize=170%2C113 170w, https:\/\/i0.wp.com\/www.tvturk.com\/wp-content\/uploads\/2019\/02\/ataturk-evine-ziyaretci-akini_0b7b360.jpg?resize=120%2C80 120w\" width=\"162\" height=\"108\" loading=\"lazy\" data-original-width=\"162\" data-original-height=\"108\" itemprop=\"http:\/\/schema.org\/image\" title=\"Atat\u00fcrk Evi\u2019ne ziyaret\u00e7i ak\u0131n\u0131\" alt=\"Atat\u00fcrk Evi\u2019ne ziyaret\u00e7i ak\u0131n\u0131\" style=\"width: 162px; height: 108px;\" \/> <\/a> <\/div> <\/div> <!-- close group --> <\/div> <!-- close row --> <div class=\"gallery-row\" style=\"width: 500px; height: 224px;\" data-original-width=\"500\" data-original-height=\"224\" > <div class=\"gallery-group images-2\" style=\"width: 166px; height: 224px;\" data-original-width=\"166\" data-original-height=\"224\" > <div class=\"tiled-gallery-item tiled-gallery-item-small\" itemprop=\"associatedMedia\" itemscope itemtype=\"http:\/\/schema.org\/ImageObject\"> <a href=\"http:\/\/www.tvturk.com\/index.php\/ataturk-evine-ziyaretci-akini\/ataturk-evine-ziyaretci-akini-6\/\" border=\"0\" itemprop=\"url\"> <meta itemprop=\"width\" content=\"162\"> <meta itemprop=\"height\" content=\"108\"> <img decoding=\"async\" class=\"\" data-attachment-id=\"18285\" data-orig-file=\"http:\/\/www.tvturk.com\/wp-content\/uploads\/2019\/02\/ataturk-evine-ziyaretci-akini_a2a07ca.jpg\" data-orig-size=\"1000,666\" data-comments-opened=\"\" data-image-meta=\"{&quot;aperture&quot;:&quot;0&quot;,&quot;credit&quot;:&quot;IHA&quot;,&quot;camera&quot;:&quot;&quot;,&quot;caption&quot;:&quot;AFYONKARAH\\u0130SAR\\u2019IN \\u015eUHUT \\u0130L\\u00c7ES\\u0130NDEK\\u0130 B\\u00dcY\\u00dcK TAARRUZUN BA\\u015eLADI\\u011eI ATAT\\u00dcRK EV\\u0130\\u2019NE (HACI VEL\\u0130 KONA\\u011eI) T\\u00dcRK\\u0130YE\\u0027N\\u0130N D\\u00d6RT B\\u0130R YANINDAN GELEN Z\\u0130YARET\\u00c7\\u0130LER YO\\u011eUN \\u0130LG\\u0130 G\\u00d6STER\\u0130YOR. (RECEP D\\u0130K\\u0130C\\u0130\\\/AFYONKARAH\\u0130SAR-\\u0130HA)&quot;,&quot;created_timestamp&quot;:&quot;0&quot;,&quot;copyright&quot;:&quot;\\u0130HLAS HABER AJANSI, www.iha.com.tr&quot;,&quot;focal_length&quot;:&quot;0&quot;,&quot;iso&quot;:&quot;0&quot;,&quot;shutter_speed&quot;:&quot;0&quot;,&quot;title&quot;:&quot;ATAT\\u00dcRK EV\\u0130\\u0027NE Z\\u0130YARET\\u00c7\\u0130 AKINI&quot;,&quot;orientation&quot;:&quot;0&quot;}\" data-image-title=\"Atat\u00fcrk Evi\u2019ne ziyaret\u00e7i ak\u0131n\u0131\" data-image-description=\"&lt;p&gt;Atat\u00fcrk Evi\u2019ne ziyaret\u00e7i ak\u0131n\u0131&lt;\/p&gt; \" data-medium-file=\"https:\/\/i0.wp.com\/www.tvturk.com\/wp-content\/uploads\/2019\/02\/ataturk-evine-ziyaretci-akini_a2a07ca.jpg?fit=300%2C200\" data-large-file=\"https:\/\/i0.wp.com\/www.tvturk.com\/wp-content\/uploads\/2019\/02\/ataturk-evine-ziyaretci-akini_a2a07ca.jpg?fit=1000%2C666\" src=\"https:\/\/i0.wp.com\/www.tvturk.com\/wp-content\/uploads\/2019\/02\/ataturk-evine-ziyaretci-akini_a2a07ca.jpg?w=162&#038;h=108\" srcset=\"https:\/\/i0.wp.com\/www.tvturk.com\/wp-content\/uploads\/2019\/02\/ataturk-evine-ziyaretci-akini_a2a07ca.jpg?w=1000 1000w, https:\/\/i0.wp.com\/www.tvturk.com\/wp-content\/uploads\/2019\/02\/ataturk-evine-ziyaretci-akini_a2a07ca.jpg?resize=150%2C100 150w, https:\/\/i0.wp.com\/www.tvturk.com\/wp-content\/uploads\/2019\/02\/ataturk-evine-ziyaretci-akini_a2a07ca.jpg?resize=300%2C200 300w, https:\/\/i0.wp.com\/www.tvturk.com\/wp-content\/uploads\/2019\/02\/ataturk-evine-ziyaretci-akini_a2a07ca.jpg?resize=768%2C511 768w, https:\/\/i0.wp.com\/www.tvturk.com\/wp-content\/uploads\/2019\/02\/ataturk-evine-ziyaretci-akini_a2a07ca.jpg?resize=170%2C113 170w, https:\/\/i0.wp.com\/www.tvturk.com\/wp-content\/uploads\/2019\/02\/ataturk-evine-ziyaretci-akini_a2a07ca.jpg?resize=120%2C80 120w\" width=\"162\" height=\"108\" loading=\"lazy\" data-original-width=\"162\" data-original-height=\"108\" itemprop=\"http:\/\/schema.org\/image\" title=\"Atat\u00fcrk Evi\u2019ne ziyaret\u00e7i ak\u0131n\u0131\" alt=\"Atat\u00fcrk Evi\u2019ne ziyaret\u00e7i ak\u0131n\u0131\" style=\"width: 162px; height: 108px;\" \/> <\/a> <\/div> <div class=\"tiled-gallery-item tiled-gallery-item-small\" itemprop=\"associatedMedia\" itemscope itemtype=\"http:\/\/schema.org\/ImageObject\"> <a href=\"http:\/\/www.tvturk.com\/index.php\/ataturk-evine-ziyaretci-akini\/ataturk-evine-ziyaretci-akini-7\/\" border=\"0\" itemprop=\"url\"> <meta itemprop=\"width\" content=\"162\"> <meta itemprop=\"height\" content=\"108\"> <img decoding=\"async\" class=\"\" data-attachment-id=\"18286\" data-orig-file=\"http:\/\/www.tvturk.com\/wp-content\/uploads\/2019\/02\/ataturk-evine-ziyaretci-akini_05fc8db.jpg\" data-orig-size=\"1000,666\" data-comments-opened=\"\" data-image-meta=\"{&quot;aperture&quot;:&quot;0&quot;,&quot;credit&quot;:&quot;IHA&quot;,&quot;camera&quot;:&quot;&quot;,&quot;caption&quot;:&quot;AFYONKARAH\\u0130SAR\\u2019IN \\u015eUHUT \\u0130L\\u00c7ES\\u0130NDEK\\u0130 B\\u00dcY\\u00dcK TAARRUZUN BA\\u015eLADI\\u011eI ATAT\\u00dcRK EV\\u0130\\u2019NE (HACI VEL\\u0130 KONA\\u011eI) T\\u00dcRK\\u0130YE\\u0027N\\u0130N D\\u00d6RT B\\u0130R YANINDAN GELEN Z\\u0130YARET\\u00c7\\u0130LER YO\\u011eUN \\u0130LG\\u0130 G\\u00d6STER\\u0130YOR. (RECEP D\\u0130K\\u0130C\\u0130\\\/AFYONKARAH\\u0130SAR-\\u0130HA)&quot;,&quot;created_timestamp&quot;:&quot;0&quot;,&quot;copyright&quot;:&quot;\\u0130HLAS HABER AJANSI, www.iha.com.tr&quot;,&quot;focal_length&quot;:&quot;0&quot;,&quot;iso&quot;:&quot;0&quot;,&quot;shutter_speed&quot;:&quot;0&quot;,&quot;title&quot;:&quot;ATAT\\u00dcRK EV\\u0130\\u0027NE Z\\u0130YARET\\u00c7\\u0130 AKINI&quot;,&quot;orientation&quot;:&quot;0&quot;}\" data-image-title=\"Atat\u00fcrk Evi\u2019ne ziyaret\u00e7i ak\u0131n\u0131\" data-image-description=\"&lt;p&gt;Atat\u00fcrk Evi\u2019ne ziyaret\u00e7i ak\u0131n\u0131&lt;\/p&gt; \" data-medium-file=\"https:\/\/i0.wp.com\/www.tvturk.com\/wp-content\/uploads\/2019\/02\/ataturk-evine-ziyaretci-akini_05fc8db.jpg?fit=300%2C200\" data-large-file=\"https:\/\/i0.wp.com\/www.tvturk.com\/wp-content\/uploads\/2019\/02\/ataturk-evine-ziyaretci-akini_05fc8db.jpg?fit=1000%2C666\" src=\"https:\/\/i0.wp.com\/www.tvturk.com\/wp-content\/uploads\/2019\/02\/ataturk-evine-ziyaretci-akini_05fc8db.jpg?w=162&#038;h=108\" srcset=\"https:\/\/i0.wp.com\/www.tvturk.com\/wp-content\/uploads\/2019\/02\/ataturk-evine-ziyaretci-akini_05fc8db.jpg?w=1000 1000w, https:\/\/i0.wp.com\/www.tvturk.com\/wp-content\/uploads\/2019\/02\/ataturk-evine-ziyaretci-akini_05fc8db.jpg?resize=150%2C100 150w, https:\/\/i0.wp.com\/www.tvturk.com\/wp-content\/uploads\/2019\/02\/ataturk-evine-ziyaretci-akini_05fc8db.jpg?resize=300%2C200 300w, https:\/\/i0.wp.com\/www.tvturk.com\/wp-content\/uploads\/2019\/02\/ataturk-evine-ziyaretci-akini_05fc8db.jpg?resize=768%2C511 768w, https:\/\/i0.wp.com\/www.tvturk.com\/wp-content\/uploads\/2019\/02\/ataturk-evine-ziyaretci-akini_05fc8db.jpg?resize=170%2C113 170w, https:\/\/i0.wp.com\/www.tvturk.com\/wp-content\/uploads\/2019\/02\/ataturk-evine-ziyaretci-akini_05fc8db.jpg?resize=120%2C80 120w\" width=\"162\" height=\"108\" loading=\"lazy\" data-original-width=\"162\" data-original-height=\"108\" itemprop=\"http:\/\/schema.org\/image\" title=\"Atat\u00fcrk Evi\u2019ne ziyaret\u00e7i ak\u0131n\u0131\" alt=\"Atat\u00fcrk Evi\u2019ne ziyaret\u00e7i ak\u0131n\u0131\" style=\"width: 162px; height: 108px;\" \/> <\/a> <\/div> <\/div> <!-- close group --> <div class=\"gallery-group images-1\" style=\"width: 334px; height: 224px;\" data-original-width=\"334\" data-original-height=\"224\" > <div class=\"tiled-gallery-item tiled-gallery-item-large\" itemprop=\"associatedMedia\" itemscope itemtype=\"http:\/\/schema.org\/ImageObject\"> <a href=\"http:\/\/www.tvturk.com\/index.php\/ataturk-evine-ziyaretci-akini\/ataturk-evine-ziyaretci-akini-8\/\" border=\"0\" itemprop=\"url\"> <meta itemprop=\"width\" content=\"330\"> <meta itemprop=\"height\" content=\"220\"> <img decoding=\"async\" class=\"\" data-attachment-id=\"18287\" data-orig-file=\"http:\/\/www.tvturk.com\/wp-content\/uploads\/2019\/02\/ataturk-evine-ziyaretci-akini_6fd640b.jpg\" data-orig-size=\"1000,666\" data-comments-opened=\"\" data-image-meta=\"{&quot;aperture&quot;:&quot;0&quot;,&quot;credit&quot;:&quot;IHA&quot;,&quot;camera&quot;:&quot;&quot;,&quot;caption&quot;:&quot;AFYONKARAH\\u0130SAR\\u2019IN \\u015eUHUT \\u0130L\\u00c7ES\\u0130NDEK\\u0130 B\\u00dcY\\u00dcK TAARRUZUN BA\\u015eLADI\\u011eI ATAT\\u00dcRK EV\\u0130\\u2019NE (HACI VEL\\u0130 KONA\\u011eI) T\\u00dcRK\\u0130YE\\u0027N\\u0130N D\\u00d6RT B\\u0130R YANINDAN GELEN Z\\u0130YARET\\u00c7\\u0130LER YO\\u011eUN \\u0130LG\\u0130 G\\u00d6STER\\u0130YOR. (RECEP D\\u0130K\\u0130C\\u0130\\\/AFYONKARAH\\u0130SAR-\\u0130HA)&quot;,&quot;created_timestamp&quot;:&quot;0&quot;,&quot;copyright&quot;:&quot;\\u0130HLAS HABER AJANSI, www.iha.com.tr&quot;,&quot;focal_length&quot;:&quot;0&quot;,&quot;iso&quot;:&quot;0&quot;,&quot;shutter_speed&quot;:&quot;0&quot;,&quot;title&quot;:&quot;ATAT\\u00dcRK EV\\u0130\\u0027NE Z\\u0130YARET\\u00c7\\u0130 AKINI&quot;,&quot;orientation&quot;:&quot;0&quot;}\" data-image-title=\"Atat\u00fcrk Evi\u2019ne ziyaret\u00e7i ak\u0131n\u0131\" data-image-description=\"&lt;p&gt;Atat\u00fcrk Evi\u2019ne ziyaret\u00e7i ak\u0131n\u0131&lt;\/p&gt; \" data-medium-file=\"https:\/\/i0.wp.com\/www.tvturk.com\/wp-content\/uploads\/2019\/02\/ataturk-evine-ziyaretci-akini_6fd640b.jpg?fit=300%2C200\" data-large-file=\"https:\/\/i0.wp.com\/www.tvturk.com\/wp-content\/uploads\/2019\/02\/ataturk-evine-ziyaretci-akini_6fd640b.jpg?fit=1000%2C666\" src=\"https:\/\/i0.wp.com\/www.tvturk.com\/wp-content\/uploads\/2019\/02\/ataturk-evine-ziyaretci-akini_6fd640b.jpg?w=330&#038;h=220\" srcset=\"https:\/\/i0.wp.com\/www.tvturk.com\/wp-content\/uploads\/2019\/02\/ataturk-evine-ziyaretci-akini_6fd640b.jpg?w=1000 1000w, https:\/\/i0.wp.com\/www.tvturk.com\/wp-content\/uploads\/2019\/02\/ataturk-evine-ziyaretci-akini_6fd640b.jpg?resize=150%2C100 150w, https:\/\/i0.wp.com\/www.tvturk.com\/wp-content\/uploads\/2019\/02\/ataturk-evine-ziyaretci-akini_6fd640b.jpg?resize=300%2C200 300w, https:\/\/i0.wp.com\/www.tvturk.com\/wp-content\/uploads\/2019\/02\/ataturk-evine-ziyaretci-akini_6fd640b.jpg?resize=768%2C511 768w, https:\/\/i0.wp.com\/www.tvturk.com\/wp-content\/uploads\/2019\/02\/ataturk-evine-ziyaretci-akini_6fd640b.jpg?resize=170%2C113 170w, https:\/\/i0.wp.com\/www.tvturk.com\/wp-content\/uploads\/2019\/02\/ataturk-evine-ziyaretci-akini_6fd640b.jpg?resize=120%2C80 120w\" width=\"330\" height=\"220\" loading=\"lazy\" data-original-width=\"330\" data-original-height=\"220\" itemprop=\"http:\/\/schema.org\/image\" title=\"Atat\u00fcrk Evi\u2019ne ziyaret\u00e7i ak\u0131n\u0131\" alt=\"Atat\u00fcrk Evi\u2019ne ziyaret\u00e7i ak\u0131n\u0131\" style=\"width: 330px; height: 220px;\" \/> <\/a> <\/div> <\/div> <!-- close group --> <\/div> <!-- close row --> <div class=\"gallery-row\" style=\"width: 500px; height: 112px;\" data-original-width=\"500\" data-original-height=\"112\" > <div class=\"gallery-group images-1\" style=\"width: 167px; height: 112px;\" data-original-width=\"167\" data-original-height=\"112\" > <div class=\"tiled-gallery-item tiled-gallery-item-small\" itemprop=\"associatedMedia\" itemscope itemtype=\"http:\/\/schema.org\/ImageObject\"> <a href=\"http:\/\/www.tvturk.com\/index.php\/ataturk-evine-ziyaretci-akini\/ataturk-evine-ziyaretci-akini-9\/\" border=\"0\" itemprop=\"url\"> <meta itemprop=\"width\" content=\"163\"> <meta itemprop=\"height\" content=\"108\"> <img decoding=\"async\" class=\"\" data-attachment-id=\"18288\" data-orig-file=\"http:\/\/www.tvturk.com\/wp-content\/uploads\/2019\/02\/ataturk-evine-ziyaretci-akini_59938ba.jpg\" data-orig-size=\"1000,666\" data-comments-opened=\"\" data-image-meta=\"{&quot;aperture&quot;:&quot;0&quot;,&quot;credit&quot;:&quot;IHA&quot;,&quot;camera&quot;:&quot;&quot;,&quot;caption&quot;:&quot;AFYONKARAH\\u0130SAR\\u2019IN \\u015eUHUT \\u0130L\\u00c7ES\\u0130NDEK\\u0130 B\\u00dcY\\u00dcK TAARRUZUN BA\\u015eLADI\\u011eI ATAT\\u00dcRK EV\\u0130\\u2019NE (HACI VEL\\u0130 KONA\\u011eI) T\\u00dcRK\\u0130YE\\u0027N\\u0130N D\\u00d6RT B\\u0130R YANINDAN GELEN Z\\u0130YARET\\u00c7\\u0130LER YO\\u011eUN \\u0130LG\\u0130 G\\u00d6STER\\u0130YOR. (RECEP D\\u0130K\\u0130C\\u0130\\\/AFYONKARAH\\u0130SAR-\\u0130HA)&quot;,&quot;created_timestamp&quot;:&quot;0&quot;,&quot;copyright&quot;:&quot;\\u0130HLAS HABER AJANSI, www.iha.com.tr&quot;,&quot;focal_length&quot;:&quot;0&quot;,&quot;iso&quot;:&quot;0&quot;,&quot;shutter_speed&quot;:&quot;0&quot;,&quot;title&quot;:&quot;ATAT\\u00dcRK EV\\u0130\\u0027NE Z\\u0130YARET\\u00c7\\u0130 AKINI&quot;,&quot;orientation&quot;:&quot;0&quot;}\" data-image-title=\"Atat\u00fcrk Evi\u2019ne ziyaret\u00e7i ak\u0131n\u0131\" data-image-description=\"&lt;p&gt;Atat\u00fcrk Evi\u2019ne ziyaret\u00e7i ak\u0131n\u0131&lt;\/p&gt; \" data-medium-file=\"https:\/\/i0.wp.com\/www.tvturk.com\/wp-content\/uploads\/2019\/02\/ataturk-evine-ziyaretci-akini_59938ba.jpg?fit=300%2C200\" data-large-file=\"https:\/\/i0.wp.com\/www.tvturk.com\/wp-content\/uploads\/2019\/02\/ataturk-evine-ziyaretci-akini_59938ba.jpg?fit=1000%2C666\" src=\"https:\/\/i0.wp.com\/www.tvturk.com\/wp-content\/uploads\/2019\/02\/ataturk-evine-ziyaretci-akini_59938ba.jpg?w=163&#038;h=108\" srcset=\"https:\/\/i0.wp.com\/www.tvturk.com\/wp-content\/uploads\/2019\/02\/ataturk-evine-ziyaretci-akini_59938ba.jpg?w=1000 1000w, https:\/\/i0.wp.com\/www.tvturk.com\/wp-content\/uploads\/2019\/02\/ataturk-evine-ziyaretci-akini_59938ba.jpg?resize=150%2C100 150w, https:\/\/i0.wp.com\/www.tvturk.com\/wp-content\/uploads\/2019\/02\/ataturk-evine-ziyaretci-akini_59938ba.jpg?resize=300%2C200 300w, https:\/\/i0.wp.com\/www.tvturk.com\/wp-content\/uploads\/2019\/02\/ataturk-evine-ziyaretci-akini_59938ba.jpg?resize=768%2C511 768w, https:\/\/i0.wp.com\/www.tvturk.com\/wp-content\/uploads\/2019\/02\/ataturk-evine-ziyaretci-akini_59938ba.jpg?resize=170%2C113 170w, https:\/\/i0.wp.com\/www.tvturk.com\/wp-content\/uploads\/2019\/02\/ataturk-evine-ziyaretci-akini_59938ba.jpg?resize=120%2C80 120w\" width=\"163\" height=\"108\" loading=\"lazy\" data-original-width=\"163\" data-original-height=\"108\" itemprop=\"http:\/\/schema.org\/image\" title=\"Atat\u00fcrk Evi\u2019ne ziyaret\u00e7i ak\u0131n\u0131\" alt=\"Atat\u00fcrk Evi\u2019ne ziyaret\u00e7i ak\u0131n\u0131\" style=\"width: 163px; height: 108px;\" \/> <\/a> <\/div> <\/div> <!-- close group --> <div class=\"gallery-group images-1\" style=\"width: 167px; height: 112px;\" data-original-width=\"167\" data-original-height=\"112\" > <div class=\"tiled-gallery-item tiled-gallery-item-small\" itemprop=\"associatedMedia\" itemscope itemtype=\"http:\/\/schema.org\/ImageObject\"> <a href=\"http:\/\/www.tvturk.com\/index.php\/ataturk-evine-ziyaretci-akini\/ataturk-evine-ziyaretci-akini-10\/\" border=\"0\" itemprop=\"url\"> <meta itemprop=\"width\" content=\"163\"> <meta itemprop=\"height\" content=\"108\"> <img decoding=\"async\" class=\"\" data-attachment-id=\"18289\" data-orig-file=\"http:\/\/www.tvturk.com\/wp-content\/uploads\/2019\/02\/ataturk-evine-ziyaretci-akini_0a95947.jpg\" data-orig-size=\"1000,666\" data-comments-opened=\"\" data-image-meta=\"{&quot;aperture&quot;:&quot;0&quot;,&quot;credit&quot;:&quot;IHA&quot;,&quot;camera&quot;:&quot;&quot;,&quot;caption&quot;:&quot;AFYONKARAH\\u0130SAR\\u2019IN \\u015eUHUT \\u0130L\\u00c7ES\\u0130NDEK\\u0130 B\\u00dcY\\u00dcK TAARRUZUN BA\\u015eLADI\\u011eI ATAT\\u00dcRK EV\\u0130\\u2019NE (HACI VEL\\u0130 KONA\\u011eI) T\\u00dcRK\\u0130YE\\u0027N\\u0130N D\\u00d6RT B\\u0130R YANINDAN GELEN Z\\u0130YARET\\u00c7\\u0130LER YO\\u011eUN \\u0130LG\\u0130 G\\u00d6STER\\u0130YOR. (RECEP D\\u0130K\\u0130C\\u0130\\\/AFYONKARAH\\u0130SAR-\\u0130HA)&quot;,&quot;created_timestamp&quot;:&quot;0&quot;,&quot;copyright&quot;:&quot;\\u0130HLAS HABER AJANSI, www.iha.com.tr&quot;,&quot;focal_length&quot;:&quot;0&quot;,&quot;iso&quot;:&quot;0&quot;,&quot;shutter_speed&quot;:&quot;0&quot;,&quot;title&quot;:&quot;ATAT\\u00dcRK EV\\u0130\\u0027NE Z\\u0130YARET\\u00c7\\u0130 AKINI&quot;,&quot;orientation&quot;:&quot;0&quot;}\" data-image-title=\"Atat\u00fcrk Evi\u2019ne ziyaret\u00e7i ak\u0131n\u0131\" data-image-description=\"&lt;p&gt;Atat\u00fcrk Evi\u2019ne ziyaret\u00e7i ak\u0131n\u0131&lt;\/p&gt; \" data-medium-file=\"https:\/\/i0.wp.com\/www.tvturk.com\/wp-content\/uploads\/2019\/02\/ataturk-evine-ziyaretci-akini_0a95947.jpg?fit=300%2C200\" data-large-file=\"https:\/\/i0.wp.com\/www.tvturk.com\/wp-content\/uploads\/2019\/02\/ataturk-evine-ziyaretci-akini_0a95947.jpg?fit=1000%2C666\" src=\"https:\/\/i0.wp.com\/www.tvturk.com\/wp-content\/uploads\/2019\/02\/ataturk-evine-ziyaretci-akini_0a95947.jpg?w=163&#038;h=108\" srcset=\"https:\/\/i0.wp.com\/www.tvturk.com\/wp-content\/uploads\/2019\/02\/ataturk-evine-ziyaretci-akini_0a95947.jpg?w=1000 1000w, https:\/\/i0.wp.com\/www.tvturk.com\/wp-content\/uploads\/2019\/02\/ataturk-evine-ziyaretci-akini_0a95947.jpg?resize=150%2C100 150w, https:\/\/i0.wp.com\/www.tvturk.com\/wp-content\/uploads\/2019\/02\/ataturk-evine-ziyaretci-akini_0a95947.jpg?resize=300%2C200 300w, https:\/\/i0.wp.com\/www.tvturk.com\/wp-content\/uploads\/2019\/02\/ataturk-evine-ziyaretci-akini_0a95947.jpg?resize=768%2C511 768w, https:\/\/i0.wp.com\/www.tvturk.com\/wp-content\/uploads\/2019\/02\/ataturk-evine-ziyaretci-akini_0a95947.jpg?resize=170%2C113 170w, https:\/\/i0.wp.com\/www.tvturk.com\/wp-content\/uploads\/2019\/02\/ataturk-evine-ziyaretci-akini_0a95947.jpg?resize=120%2C80 120w\" width=\"163\" height=\"108\" loading=\"lazy\" data-original-width=\"163\" data-original-height=\"108\" itemprop=\"http:\/\/schema.org\/image\" title=\"Atat\u00fcrk Evi\u2019ne ziyaret\u00e7i ak\u0131n\u0131\" alt=\"Atat\u00fcrk Evi\u2019ne ziyaret\u00e7i ak\u0131n\u0131\" style=\"width: 163px; height: 108px;\" \/> <\/a> <\/div> <\/div> <!-- close group --> <div class=\"gallery-group images-1\" style=\"width: 166px; height: 112px;\" data-original-width=\"166\" data-original-height=\"112\" > <div class=\"tiled-gallery-item tiled-gallery-item-small\" itemprop=\"associatedMedia\" itemscope itemtype=\"http:\/\/schema.org\/ImageObject\"> <a href=\"http:\/\/www.tvturk.com\/index.php\/ataturk-evine-ziyaretci-akini\/ataturk-evine-ziyaretci-akini-11\/\" border=\"0\" itemprop=\"url\"> <meta itemprop=\"width\" content=\"162\"> <meta itemprop=\"height\" content=\"108\"> <img decoding=\"async\" class=\"\" data-attachment-id=\"18290\" data-orig-file=\"http:\/\/www.tvturk.com\/wp-content\/uploads\/2019\/02\/ataturk-evine-ziyaretci-akini_8fc4880.jpg\" data-orig-size=\"1000,666\" data-comments-opened=\"\" data-image-meta=\"{&quot;aperture&quot;:&quot;0&quot;,&quot;credit&quot;:&quot;IHA&quot;,&quot;camera&quot;:&quot;&quot;,&quot;caption&quot;:&quot;AFYONKARAH\\u0130SAR\\u2019IN \\u015eUHUT \\u0130L\\u00c7ES\\u0130NDEK\\u0130 B\\u00dcY\\u00dcK TAARRUZUN BA\\u015eLADI\\u011eI ATAT\\u00dcRK EV\\u0130\\u2019NE (HACI VEL\\u0130 KONA\\u011eI) T\\u00dcRK\\u0130YE\\u0027N\\u0130N D\\u00d6RT B\\u0130R YANINDAN GELEN Z\\u0130YARET\\u00c7\\u0130LER YO\\u011eUN \\u0130LG\\u0130 G\\u00d6STER\\u0130YOR. (RECEP D\\u0130K\\u0130C\\u0130\\\/AFYONKARAH\\u0130SAR-\\u0130HA)&quot;,&quot;created_timestamp&quot;:&quot;0&quot;,&quot;copyright&quot;:&quot;\\u0130HLAS HABER AJANSI, www.iha.com.tr&quot;,&quot;focal_length&quot;:&quot;0&quot;,&quot;iso&quot;:&quot;0&quot;,&quot;shutter_speed&quot;:&quot;0&quot;,&quot;title&quot;:&quot;ATAT\\u00dcRK EV\\u0130\\u0027NE Z\\u0130YARET\\u00c7\\u0130 AKINI&quot;,&quot;orientation&quot;:&quot;0&quot;}\" data-image-title=\"Atat\u00fcrk Evi\u2019ne ziyaret\u00e7i ak\u0131n\u0131\" data-image-description=\"&lt;p&gt;Atat\u00fcrk Evi\u2019ne ziyaret\u00e7i ak\u0131n\u0131&lt;\/p&gt; \" data-medium-file=\"https:\/\/i0.wp.com\/www.tvturk.com\/wp-content\/uploads\/2019\/02\/ataturk-evine-ziyaretci-akini_8fc4880.jpg?fit=300%2C200\" data-large-file=\"https:\/\/i0.wp.com\/www.tvturk.com\/wp-content\/uploads\/2019\/02\/ataturk-evine-ziyaretci-akini_8fc4880.jpg?fit=1000%2C666\" src=\"https:\/\/i0.wp.com\/www.tvturk.com\/wp-content\/uploads\/2019\/02\/ataturk-evine-ziyaretci-akini_8fc4880.jpg?w=162&#038;h=108\" srcset=\"https:\/\/i0.wp.com\/www.tvturk.com\/wp-content\/uploads\/2019\/02\/ataturk-evine-ziyaretci-akini_8fc4880.jpg?w=1000 1000w, https:\/\/i0.wp.com\/www.tvturk.com\/wp-content\/uploads\/2019\/02\/ataturk-evine-ziyaretci-akini_8fc4880.jpg?resize=150%2C100 150w, https:\/\/i0.wp.com\/www.tvturk.com\/wp-content\/uploads\/2019\/02\/ataturk-evine-ziyaretci-akini_8fc4880.jpg?resize=300%2C200 300w, https:\/\/i0.wp.com\/www.tvturk.com\/wp-content\/uploads\/2019\/02\/ataturk-evine-ziyaretci-akini_8fc4880.jpg?resize=768%2C511 768w, https:\/\/i0.wp.com\/www.tvturk.com\/wp-content\/uploads\/2019\/02\/ataturk-evine-ziyaretci-akini_8fc4880.jpg?resize=170%2C113 170w, https:\/\/i0.wp.com\/www.tvturk.com\/wp-content\/uploads\/2019\/02\/ataturk-evine-ziyaretci-akini_8fc4880.jpg?resize=120%2C80 120w\" width=\"162\" height=\"108\" loading=\"lazy\" data-original-width=\"162\" data-original-height=\"108\" itemprop=\"http:\/\/schema.org\/image\" title=\"Atat\u00fcrk Evi\u2019ne ziyaret\u00e7i ak\u0131n\u0131\" alt=\"Atat\u00fcrk Evi\u2019ne ziyaret\u00e7i ak\u0131n\u0131\" style=\"width: 162px; height: 108px;\" \/> <\/a> <\/div> <\/div> <!-- close group --> <\/div> <!-- close row --> <\/div><\/p>\n","protected":false},"excerpt":{"rendered":"<p>AFYONKARAH\u0130SAR\u2019IN \u015eUHUT \u0130L\u00c7ES\u0130NDEK\u0130 B\u00dcY\u00dcK TAARRUZUN BA\u015eLADI\u011eI ATAT\u00dcRK EV\u0130\u2019NE (HACI VEL\u0130 KONA\u011eI) T\u00dcRK\u0130YE&#8217;N\u0130N D\u00d6RT B\u0130R YANINDAN GELEN Z\u0130YARET\u00c7\u0130LER YO\u011eUN \u0130LG\u0130 G\u00d6STER\u0130YOR.<\/p>\n","protected":false},"author":1,"featured_media":18281,"comment_status":"closed","ping_status":"open","sticky":false,"template":"","format":"standard","meta":{"jetpack_post_was_ever_published":false,"_jetpack_newsletter_access":"","_jetpack_dont_email_post_to_subs":false,"_jetpack_newsletter_tier_id":0,"_jetpack_memberships_contains_paywalled_content":false,"_jetpack_memberships_contains_paid_content":false,"footnotes":"","jetpack_publicize_message":"","jetpack_publicize_feature_enabled":true,"jetpack_social_post_already_shared":false,"jetpack_social_options":{"image_generator_settings":{"template":"highway","default_image_id":0,"font":"","enabled":false},"version":2}},"categories":[656],"tags":[8365,381,2558,6267],"class_list":["post-18280","post","type-post","status-publish","format-standard","has-post-thumbnail","hentry","category-kultur-sanat","tag-akini","tag-ataturk","tag-evine","tag-ziyaretci"],"jetpack_publicize_connections":[],"jetpack_featured_media_url":"https:\/\/i0.wp.com\/www.tvturk.com\/wp-content\/uploads\/2019\/02\/ataturk-evine-ziyaretci-akini_2b1c7b2.jpg?fit=1000%2C666","jetpack_sharing_enabled":true,"jetpack_shortlink":"https:\/\/wp.me\/paKIfm-4KQ","_links":{"self":[{"href":"http:\/\/www.tvturk.com\/index.php\/wp-json\/wp\/v2\/posts\/18280","targetHints":{"allow":["GET"]}}],"collection":[{"href":"http:\/\/www.tvturk.com\/index.php\/wp-json\/wp\/v2\/posts"}],"about":[{"href":"http:\/\/www.tvturk.com\/index.php\/wp-json\/wp\/v2\/types\/post"}],"author":[{"embeddable":true,"href":"http:\/\/www.tvturk.com\/index.php\/wp-json\/wp\/v2\/users\/1"}],"replies":[{"embeddable":true,"href":"http:\/\/www.tvturk.com\/index.php\/wp-json\/wp\/v2\/comments?post=18280"}],"version-history":[{"count":1,"href":"http:\/\/www.tvturk.com\/index.php\/wp-json\/wp\/v2\/posts\/18280\/revisions"}],"predecessor-version":[{"id":18291,"href":"http:\/\/www.tvturk.com\/index.php\/wp-json\/wp\/v2\/posts\/18280\/revisions\/18291"}],"wp:featuredmedia":[{"embeddable":true,"href":"http:\/\/www.tvturk.com\/index.php\/wp-json\/wp\/v2\/media\/18281"}],"wp:attachment":[{"href":"http:\/\/www.tvturk.com\/index.php\/wp-json\/wp\/v2\/media?parent=18280"}],"wp:term":[{"taxonomy":"category","embeddable":true,"href":"http:\/\/www.tvturk.com\/index.php\/wp-json\/wp\/v2\/categories?post=18280"},{"taxonomy":"post_tag","embeddable":true,"href":"http:\/\/www.tvturk.com\/index.php\/wp-json\/wp\/v2\/tags?post=18280"}],"curies":[{"name":"wp","href":"https:\/\/api.w.org\/{rel}","templated":true}]}}