{"id":182844,"date":"2019-07-16T15:46:30","date_gmt":"2019-07-16T12:46:30","guid":{"rendered":"http:\/\/www.tvturk.com\/index.php\/ytb-turkiye-stajlari-programinin-2019-donemi-basladi\/"},"modified":"2019-07-16T15:46:30","modified_gmt":"2019-07-16T12:46:30","slug":"ytb-turkiye-stajlari-programinin-2019-donemi-basladi","status":"publish","type":"post","link":"http:\/\/www.tvturk.com\/index.php\/ytb-turkiye-stajlari-programinin-2019-donemi-basladi\/","title":{"rendered":"YTB T\u00fcrkiye stajlar\u0131 program\u0131n\u0131n 2019 d\u00f6nemi ba\u015flad\u0131"},"content":{"rendered":"<p>Yurt d\u0131\u015f\u0131 T\u00fcrkler ve Akraba Topluluklar Ba\u015fkanl\u0131\u011f\u0131 (YTB) taraf\u0131ndan yurt d\u0131\u015f\u0131nda ya\u015fayan ve e\u011fitimlerine bulunduklar\u0131 \u00fclkelerde devam eden gen\u00e7 vatanda\u015flara y\u00f6nelik d\u00fczenlenen \u2018T\u00fcrkiye Stajlar\u0131\u2019 program\u0131n\u0131n bu y\u0131lki a\u00e7\u0131l\u0131\u015f toplant\u0131s\u0131 ger\u00e7ekle\u015ftirildi. Program ile birlikte gen\u00e7 vatanda\u015flar, T\u00fcrkiye\u2019nin \u00e7e\u015fitli kamu kurum ve kurulu\u015flar\u0131nda bir ay boyunca staj yapma imkan\u0131 bulacak.<\/p>\n<p>Yurt d\u0131\u015f\u0131 T\u00fcrkler ve Akraba Topluluklar Ba\u015fkanl\u0131\u011f\u0131 (YTB) taraf\u0131ndan yurt d\u0131\u015f\u0131nda ya\u015fayan ve e\u011fitimlerine de yine bulunduklar\u0131 \u00fclkelerde devam eden gen\u00e7 vatanda\u015flar\u0131n T\u00fcrkiye ile olan sosyal, k\u00fclt\u00fcrel ve ekonomik ba\u011flar\u0131n\u0131n g\u00fc\u00e7lendirilmesi amac\u0131yla her y\u0131l \u2018T\u00fcrkiye Stajlar\u0131\u2019 program\u0131 d\u00fczenleniyor. Program ile gen\u00e7 vatanda\u015flar, T\u00fcrkiye\u2019deki kamu kurumlar\u0131nda staj imk\u00e2n\u0131 bularak hem  kurumlar\u0131n i\u015fleyi\u015fini yak\u0131ndan tan\u0131yor hem de birbirleriyle olan ileti\u015fimlerini g\u00fc\u00e7lendiriyor. Staj program\u0131 sayesinde gen\u00e7ler ayn\u0131 zamanda T\u00fcrk\u00e7e yeterliliklerini de artt\u0131r\u0131yor.<\/p>\n<p>Yedinci d\u00f6nemi ger\u00e7ekle\u015ftirilen program ile birlikte \u015fimdiye kadar 400 gen\u00e7 T\u00fcrkiye\u2019deki stajlar\u0131n\u0131 tamamlad\u0131. Bu y\u0131l ise 9 \u00fclkeden 69 gen\u00e7 T\u00fcrkiye\u2019nin \u00e7e\u015fitli kurumlar\u0131nda 1 ay boyunca staj yapacak. Program kapsam\u0131nda d\u00fczenlenecek olan gezilerle de gen\u00e7ler T\u00fcrkiye\u2019nin tarihi ve k\u00fclt\u00fcrel yerlerini yak\u0131ndan ke\u015ffedecek.<\/p>\n<p>Program\u0131n a\u00e7\u0131l\u0131\u015f toplant\u0131s\u0131nda konu\u015fan YTB Ba\u015fkan\u0131 Abdullah Eren, YTB\u2019nin yurt d\u0131\u015f\u0131nda ya\u015fayan vatanda\u015flara y\u00f6nelik \u00e7al\u0131\u015fmalar ger\u00e7ekle\u015ftirmek i\u00e7in kuruldu\u011funa dikkat \u00e7ekti. Ba\u015fkan Eren, bu kapsamda yurt d\u0131\u015f\u0131nda ya\u015fayan vatanda\u015flar\u0131n kimliklerinin korunmas\u0131 ve bulunduklar\u0131 toplumlara aktif katk\u0131 sunmalar\u0131 i\u00e7in pek \u00e7ok \u00e7al\u0131\u015fma y\u00fcr\u00fctt\u00fcklerini kaydetti. Bu ba\u011flamda da YTB\u2019nin \u00e7al\u0131\u015fmalar\u0131 aras\u0131nda gen\u00e7lere y\u00f6nelik faaliyetlere b\u00fcy\u00fck \u00f6nem verdiklerinin alt\u0131n\u0131 \u00e7izen Ba\u015fkan Eren, \u00e7e\u015fitli programlarla bu y\u0131l 10 bin genci T\u00fcrkiye\u2019ye getirmeyi hedeflediklerini belirtti. T\u00fcrkiye Stajlar\u0131 program\u0131 sayesinde gen\u00e7lerin T\u00fcrkiye\u2019deki kamu kurumlar\u0131n\u0131 yak\u0131ndan tan\u0131ma imk\u00e2n\u0131 bulaca\u011f\u0131n\u0131 ve T\u00fcrkiye ile ba\u011flar\u0131n\u0131 da tazeleyeceklerini ifade eden Ba\u015fkan Eren, staj d\u00f6neminin hay\u0131rl\u0131 olmas\u0131n\u0131 diledi.<\/p>\n","protected":false},"excerpt":{"rendered":"<p>YURTDI\u015eI T\u00dcRKLER VE AKRABA TOPLULUKLAR BA\u015eKANLI\u011eI (YTB) TARAFINDAN YURT DI\u015eINDA YA\u015eAYAN VE E\u011e\u0130T\u0130MLER\u0130NE BULUNDUKLARI \u00dcLKELERDE DEVAM EDEN GEN\u00c7LERE Y\u00d6NEL\u0130K D\u00dcZENLENEN \u2018T\u00dcRK\u0130YE STAJLARI\u2019 PROGRAMININ BU YILK\u0130 A\u00c7ILI\u015e TOPLANTISI GER\u00c7EKLE\u015eT\u0130R\u0130LD\u0130.<\/p>\n","protected":false},"author":1,"featured_media":182845,"comment_status":"closed","ping_status":"open","sticky":false,"template":"","format":"standard","meta":{"jetpack_post_was_ever_published":false,"_jetpack_newsletter_access":"","_jetpack_dont_email_post_to_subs":false,"_jetpack_newsletter_tier_id":0,"_jetpack_memberships_contains_paywalled_content":false,"_jetpack_memberships_contains_paid_content":false,"footnotes":"","jetpack_publicize_message":"","jetpack_publicize_feature_enabled":true,"jetpack_social_post_already_shared":true,"jetpack_social_options":{"image_generator_settings":{"template":"highway","default_image_id":0,"font":"","enabled":false},"version":2}},"categories":[1],"tags":[2705,55,2088,20420,45153,453,9766],"class_list":["post-182844","post","type-post","status-publish","format-standard","has-post-thumbnail","hentry","category-genel","tag-2705","tag-basladi","tag-donemi","tag-programinin","tag-stajlari","tag-turkiye","tag-ytb"],"jetpack_publicize_connections":[],"jetpack_featured_media_url":"https:\/\/i0.wp.com\/www.tvturk.com\/wp-content\/uploads\/2019\/07\/ytb-turkiye-stajlari-programinin-2019-donemi-basladi_8659cfc.jpg?fit=1000%2C468","jetpack_sharing_enabled":true,"jetpack_shortlink":"https:\/\/wp.me\/paKIfm-Lz6","_links":{"self":[{"href":"http:\/\/www.tvturk.com\/index.php\/wp-json\/wp\/v2\/posts\/182844","targetHints":{"allow":["GET"]}}],"collection":[{"href":"http:\/\/www.tvturk.com\/index.php\/wp-json\/wp\/v2\/posts"}],"about":[{"href":"http:\/\/www.tvturk.com\/index.php\/wp-json\/wp\/v2\/types\/post"}],"author":[{"embeddable":true,"href":"http:\/\/www.tvturk.com\/index.php\/wp-json\/wp\/v2\/users\/1"}],"replies":[{"embeddable":true,"href":"http:\/\/www.tvturk.com\/index.php\/wp-json\/wp\/v2\/comments?post=182844"}],"version-history":[{"count":0,"href":"http:\/\/www.tvturk.com\/index.php\/wp-json\/wp\/v2\/posts\/182844\/revisions"}],"wp:featuredmedia":[{"embeddable":true,"href":"http:\/\/www.tvturk.com\/index.php\/wp-json\/wp\/v2\/media\/182845"}],"wp:attachment":[{"href":"http:\/\/www.tvturk.com\/index.php\/wp-json\/wp\/v2\/media?parent=182844"}],"wp:term":[{"taxonomy":"category","embeddable":true,"href":"http:\/\/www.tvturk.com\/index.php\/wp-json\/wp\/v2\/categories?post=182844"},{"taxonomy":"post_tag","embeddable":true,"href":"http:\/\/www.tvturk.com\/index.php\/wp-json\/wp\/v2\/tags?post=182844"}],"curies":[{"name":"wp","href":"https:\/\/api.w.org\/{rel}","templated":true}]}}