{"id":182848,"date":"2019-07-16T16:01:52","date_gmt":"2019-07-16T13:01:52","guid":{"rendered":"http:\/\/www.tvturk.com\/index.php\/denetimli-serbestlik-yukumluleri-antalya-sehitliginde-cevre-temizligi-yapti\/"},"modified":"2019-07-16T16:01:52","modified_gmt":"2019-07-16T13:01:52","slug":"denetimli-serbestlik-yukumluleri-antalya-sehitliginde-cevre-temizligi-yapti","status":"publish","type":"post","link":"http:\/\/www.tvturk.com\/index.php\/denetimli-serbestlik-yukumluleri-antalya-sehitliginde-cevre-temizligi-yapti\/","title":{"rendered":"Denetimli Serbestlik y\u00fck\u00fcml\u00fcleri Antalya \u015eehitli\u011finde \u00e7evre temizli\u011fi yapt\u0131"},"content":{"rendered":"<p>Antalya Cumhuriyet Ba\u015fsavc\u0131l\u0131\u011f\u0131 Denetimli Serbestlik M\u00fcd\u00fcrl\u00fc\u011f\u00fc y\u00fck\u00fcml\u00fcleri taraf\u0131ndan Antalya \u015eehitli\u011finde temizlik \u00e7al\u0131\u015fmas\u0131 ger\u00e7ekle\u015ftirildi. 15 Temmuz Demokrasi ve Milli Birlik G\u00fcn\u00fc Anma Etkinlikleri kapsam\u0131nda yap\u0131lan \u00e7al\u0131\u015fmada 20 y\u00fck\u00fcml\u00fc taraf\u0131ndan Antalya Uncal\u0131 \u015eehitli\u011finde temizlik, bak\u0131m ve onar\u0131m \u00e7al\u0131\u015fmas\u0131 yap\u0131ld\u0131.<\/p>\n<p>Programa Antalya Cumhuriyet Ba\u015fsavc\u0131s\u0131 Halil \u0130nal, B\u00f6lge Adliye Mahkemesi Ba\u015fkan\u0131 Orhan \u00d6zdemir, 1. \u0130dare Mahkemesi Ba\u015fkan\u0131 Kamil Erg\u00fcn, Cumhuriyet Ba\u015fsavc\u0131 Vekili G\u00fcrkan K\u00fct\u00fck, Denetimli Serbestlik M\u00fcd\u00fcr\u00fc Serap Erden, \u015eehitler Gaziler ve Korunmaya Muhta\u00e7 \u00c7ocuklar Federasyonu Genel Ba\u015fkan Yard\u0131mc\u0131s\u0131 ve 15 Temmuz Vatan \u015eehitleri Derne\u011fi Ba\u015fkan\u0131 Zeki K\u0131l\u0131n\u00e7, 15 Temmuz Vatan \u015eehitleri Derne\u011fi Ba\u015fkan\u0131 Meltem K\u0131l\u0131n\u00e7 ile denetimli serbestlik alt\u0131ndaki y\u00fck\u00fcml\u00fcler kat\u0131ld\u0131.<\/p>\n<p>Program kapsam\u0131nda Konyaalt\u0131 \u0130l\u00e7e M\u00fcft\u00fc Vekili Ayhan K\u00f6se taraf\u0131ndan \u015eehitlerin ruhu i\u00e7in Kuran-\u0131 Kerim okunmas\u0131n\u0131n ve dua edilmesinin ard\u0131ndan Antalya Cumhuriyet Ba\u015fsavc\u0131s\u0131 Halil \u0130nal yapt\u0131\u011f\u0131 konu\u015fmas\u0131nda \u201c15 Temmuz Demokrasi ve Milli Birlik G\u00fcn\u00fc Anma Etkinlikleri kapsam\u0131nda, 15 Temmuz 2016 tarihinde ger\u00e7ekle\u015ftirilen hain darbe giri\u015fimi s\u0131ras\u0131nda \u015fehadet mertebesine ula\u015fan 251 asil vatan evlatlar\u0131n\u0131n hat\u0131ras\u0131n\u0131 canland\u0131rmak, onlar\u0131 bir nebze olsun anarak toplum nezdinde aidiyet duygusunu, milli birlik duygusunu geli\u015ftirmeye y\u00f6nelik \u00e7al\u0131\u015fmalar yapmaktay\u0131z. Aziz Milletimizin ve kahraman g\u00fcvenlik g\u00fc\u00e7lerimizin hain darbe giri\u015fimi kar\u015f\u0131s\u0131nda g\u00f6sterdi\u011fi onurlu duru\u015fun, hainlerin yenilgiye u\u011frat\u0131lmas\u0131n\u0131n ve demokrasi zaferinin \u00fc\u00e7\u00fcnc\u00fc y\u0131l d\u00f6n\u00fcm\u00fc sebebiyle t\u00fcm yurtta \u015fehitlerimizin yad edilmesi, meydana gelen olaylar s\u0131ras\u0131nda gazi olan 2703 gazimize minnet ve \u015f\u00fckranlar\u0131n sunulmas\u0131, milletimizin demokrasiye olan inanc\u0131 ve ba\u011fl\u0131l\u0131\u011f\u0131n\u0131n gelecek nesillere aktar\u0131lmas\u0131 i\u00e7in Cumhuriyet Ba\u015fsavc\u0131l\u0131\u011f\u0131m\u0131z Denetimli Serbestlik M\u00fcd\u00fcrl\u00fc\u011f\u00fcm\u00fczce d\u00fczenledi\u011fimiz \u201c\u015eehitliklerin temizli\u011fi ve onar\u0131m\u0131\u201d amac\u0131yla bug\u00fcn topland\u0131k. &#8221; dedi.<\/p>\n<p>15 Temmuz\u2019da T\u00fcrkiye\u2019nin bir\u00e7ok yerinde \u00fcniformal\u0131 ter\u00f6ristler taraf\u0131ndan ger\u00e7ekle\u015ftirilmeye \u00e7al\u0131\u015f\u0131lan darbe giri\u015fimine kar\u015f\u0131 vatan\u0131n\u0131, milletini seven insanlar\u0131n iman g\u00fcc\u00fcyle kar\u015f\u0131 koydu\u011funu hat\u0131rlatan \u0130nal &#8220;Milli birlik ve beraberlik ruhuyla ba\u015fta Say\u0131n Cumhurba\u015fkan\u0131m\u0131z olmak \u00fczere devletini ve milletini seven, demokrasiye sahip \u00e7\u0131kan t\u00fcm insanlar\u0131n m\u00fccadelesiyle 15 Temmuz, tarihe yaz\u0131lm\u0131\u015f destans\u0131 bir kahramanl\u0131kt\u0131r. 15 Temmuz 2016\u2019da ya\u015fad\u0131\u011f\u0131m\u0131z menfur darbe giri\u015fiminde topra\u011f\u0131, \u00fclkesi, vatan\u0131, milleti, birli\u011fi u\u011fruna g\u00f6z\u00fcn\u00fc k\u0131rpmadan can\u0131n\u0131 feda eden, milletini ve demokrasiyi can\u0131 pahas\u0131na koruyan \u015fehitlerimiz ve bug\u00fcne kadarki vatan savunmas\u0131nda \u015fehit olan t\u00fcm \u015fehitlerimizi bir kez daha minnet ve rahmetle an\u0131yorum. T\u00fcm gazilerimize de s\u0131hhat ve afiyet diliyorum. T\u00fcm \u015fehit ve gazi ailelerimize millet olarak \u015f\u00fckranlar\u0131m\u0131z\u0131 sunuyoruz. Bundan sonra da, Antalya Cumhuriyet Ba\u015fsavc\u0131l\u0131\u011f\u0131 olarak 15 Temmuz ruhuna uygun \u015fekilde gerekli duyarl\u0131l\u0131k ve \u00f6zeni g\u00f6stermeye devam edece\u011fiz.\u201d dedi.<\/p>\n","protected":false},"excerpt":{"rendered":"<p>ANTALYA CUMHUR\u0130YET BA\u015eSAVCILI\u011eI DENET\u0130ML\u0130 SERBESTL\u0130K M\u00dcD\u00dcRL\u00dc\u011e\u00dc Y\u00dcK\u00dcML\u00dcLER\u0130 TARAFINDAN ANTALYA \u015eEH\u0130TL\u0130\u011e\u0130NDE TEM\u0130ZL\u0130K \u00c7ALI\u015eMASI GER\u00c7EKLE\u015eT\u0130R\u0130LD\u0130. 15 TEMMUZ DEMOKRAS\u0130 VE M\u0130LL\u0130 B\u0130RL\u0130K G\u00dcN\u00dc ANMA ETK\u0130NL\u0130KLER\u0130 KAPSAMINDA YAPILAN \u00c7ALI\u015eMADA 20 Y\u00dcK\u00dcML\u00dc TARAFINDAN ANTALYA UNCALI \u015eEH\u0130TL\u0130\u011e\u0130NDE TEM\u0130ZL\u0130K, BAKIM VE ONARIM \u00c7ALI\u015eMASI YAPILDI.<\/p>\n","protected":false},"author":1,"featured_media":182849,"comment_status":"closed","ping_status":"open","sticky":false,"template":"","format":"standard","meta":{"jetpack_post_was_ever_published":false,"_jetpack_newsletter_access":"","_jetpack_dont_email_post_to_subs":false,"_jetpack_newsletter_tier_id":0,"_jetpack_memberships_contains_paywalled_content":false,"_jetpack_memberships_contains_paid_content":false,"footnotes":"","jetpack_publicize_message":"","jetpack_publicize_feature_enabled":true,"jetpack_social_post_already_shared":true,"jetpack_social_options":{"image_generator_settings":{"template":"highway","default_image_id":0,"font":"","enabled":false},"version":2}},"categories":[1],"tags":[2636,3881,4281,25787,4282,7452,292,4283],"class_list":["post-182848","post","type-post","status-publish","format-standard","has-post-thumbnail","hentry","category-genel","tag-cevre","tag-antalya","tag-denetimli","tag-sehitliginde","tag-serbestlik","tag-temizligi","tag-yapti","tag-yukumluleri"],"jetpack_publicize_connections":[],"jetpack_featured_media_url":"https:\/\/i0.wp.com\/www.tvturk.com\/wp-content\/uploads\/2019\/07\/denetimli-serbestlik-yukumluleri-antalya-sehitliginde-cevre-temizligi-yapti_c61acd0.jpg?fit=1000%2C666","jetpack_sharing_enabled":true,"jetpack_shortlink":"https:\/\/wp.me\/paKIfm-Lza","_links":{"self":[{"href":"http:\/\/www.tvturk.com\/index.php\/wp-json\/wp\/v2\/posts\/182848","targetHints":{"allow":["GET"]}}],"collection":[{"href":"http:\/\/www.tvturk.com\/index.php\/wp-json\/wp\/v2\/posts"}],"about":[{"href":"http:\/\/www.tvturk.com\/index.php\/wp-json\/wp\/v2\/types\/post"}],"author":[{"embeddable":true,"href":"http:\/\/www.tvturk.com\/index.php\/wp-json\/wp\/v2\/users\/1"}],"replies":[{"embeddable":true,"href":"http:\/\/www.tvturk.com\/index.php\/wp-json\/wp\/v2\/comments?post=182848"}],"version-history":[{"count":0,"href":"http:\/\/www.tvturk.com\/index.php\/wp-json\/wp\/v2\/posts\/182848\/revisions"}],"wp:featuredmedia":[{"embeddable":true,"href":"http:\/\/www.tvturk.com\/index.php\/wp-json\/wp\/v2\/media\/182849"}],"wp:attachment":[{"href":"http:\/\/www.tvturk.com\/index.php\/wp-json\/wp\/v2\/media?parent=182848"}],"wp:term":[{"taxonomy":"category","embeddable":true,"href":"http:\/\/www.tvturk.com\/index.php\/wp-json\/wp\/v2\/categories?post=182848"},{"taxonomy":"post_tag","embeddable":true,"href":"http:\/\/www.tvturk.com\/index.php\/wp-json\/wp\/v2\/tags?post=182848"}],"curies":[{"name":"wp","href":"https:\/\/api.w.org\/{rel}","templated":true}]}}