{"id":182862,"date":"2019-07-16T16:31:54","date_gmt":"2019-07-16T13:31:54","guid":{"rendered":"http:\/\/www.tvturk.com\/index.php\/gazi-15-temmuz-sehitlerini-andi\/"},"modified":"2019-07-16T16:31:54","modified_gmt":"2019-07-16T13:31:54","slug":"gazi-15-temmuz-sehitlerini-andi","status":"publish","type":"post","link":"http:\/\/www.tvturk.com\/index.php\/gazi-15-temmuz-sehitlerini-andi\/","title":{"rendered":"Gazi, 15 Temmuz \u015fehitlerini and\u0131"},"content":{"rendered":"<p>Gazi \u00dcniversitesi 15 Temmuz darbe giri\u015fiminin 3. y\u0131l d\u00f6n\u00fcm\u00fcnde \u015fehit ve gazileri and\u0131.<\/p>\n<p>15 Temmuz hain darbe giri\u015fiminin 3. y\u0131l d\u00f6n\u00fcm\u00fcnde Gazi \u00dcniversitesi \u015fehit ve gazileri and\u0131. 15 Temmuz Demokrasi ve Milli Birlik G\u00fcn\u00fc kapsam\u0131nda d\u00fczenlenen Uluslararas\u0131 Yay\u0131nlar\u0131 Te\u015fvik \u00d6d\u00fclleri\u2019nde \u00f6d\u00fcl alan akademisyenlere \u00f6d\u00fclleri verildi.<\/p>\n<p>Rekt\u00f6rl\u00fck binas\u0131nda d\u00fczenlenen programa Cumhurba\u015fkan\u0131 Ba\u015fdan\u0131\u015fman\u0131 Vedat Bilgin, Gazi \u00dcniversitesi Rekt\u00f6r\u00fc Prof. Dr. \u0130brahim Uslan ve akademisyenler kat\u0131ld\u0131.<\/p>\n<p>&#8220;15 Temmuz\u2019da ya\u015fad\u0131\u011f\u0131m\u0131z ihanet bamba\u015fka bir olayd\u0131r&#8221;<\/p>\n<p>15 Temmuz\u2019un milli iradeye yap\u0131lan hainlik oldu\u011funu belirten Cumhurba\u015fkan\u0131 Ba\u015fdan\u0131\u015fman\u0131 Bilgin, &#8220;15 Temmuz\u2019da ya\u015fad\u0131\u011f\u0131m\u0131z ihanet bamba\u015fka bir olayd\u0131r. 15 Temmuz\u2019da bu millet tekrar ba\u011f\u0131ms\u0131zl\u0131\u011f\u0131na sahip \u00e7\u0131karak ba\u011f\u0131ms\u0131z bir \u00fclke olarak ya\u015fama iradesini ortaya koymu\u015ftur&#8221; diye konu\u015ftu.<\/p>\n<p>&#8220;Ya devlet ba\u015fa ya kuzgun le\u015fe&#8221;<\/p>\n<p>Darbe gecesinde milletin bir ve beraber oldu\u011funu ifade eden Gazi \u00dcniversitesi Rekt\u00f6r\u00fc Prof. Dr. Uslan ise, &#8220;FET\u00d6 eliyle ortaya koyulan bu menfur sald\u0131r\u0131 ve i\u015fgal giri\u015fimi, fedakar ve basiretli milletimizin tek y\u00fcrek halinde vakur ve kararl\u0131 kar\u015f\u0131 duru\u015fuyla akim b\u0131rak\u0131lm\u0131\u015ft\u0131r. Bu sald\u0131r\u0131lar ne ilk ne son olacakt\u0131r. De\u011fi\u015fik suretlerle kar\u015f\u0131m\u0131za \u00e7\u0131kmaya devam edecektir. Bize d\u00fc\u015fen \u2019ya devlet ba\u015fa ya kuzgun le\u015fe\u2019 \u00f6zl\u00fc s\u00f6z\u00fcn\u00fc hi\u00e7 akl\u0131m\u0131zdan \u00e7\u0131karmadan birli\u011fimizi, dirli\u011fimizi muhafaza etmek farkl\u0131l\u0131klar\u0131m\u0131z\u0131 bir kenara b\u0131rakarak ortak noktalar\u0131m\u0131z\u0131 art\u0131rmakt\u0131r&#8221; \u015feklinde konu\u015ftu.<\/p>\n","protected":false},"excerpt":{"rendered":"<p>GAZ\u0130 \u00dcN\u0130VERS\u0130TES\u0130 15 TEMMUZ DARBE G\u0130R\u0130\u015e\u0130M\u0130N\u0130N 3.YIL D\u00d6N\u00dcM\u00dcNDE \u015eEH\u0130T VE GAZ\u0130LER\u0130 ANDI.<\/p>\n","protected":false},"author":1,"featured_media":182863,"comment_status":"closed","ping_status":"open","sticky":false,"template":"","format":"standard","meta":{"jetpack_post_was_ever_published":false,"_jetpack_newsletter_access":"","_jetpack_dont_email_post_to_subs":false,"_jetpack_newsletter_tier_id":0,"_jetpack_memberships_contains_paywalled_content":false,"_jetpack_memberships_contains_paid_content":false,"footnotes":"","jetpack_publicize_message":"","jetpack_publicize_feature_enabled":true,"jetpack_social_post_already_shared":true,"jetpack_social_options":{"image_generator_settings":{"template":"highway","default_image_id":0,"font":"","enabled":false},"version":2}},"categories":[1],"tags":[3097,16697,22726,1148],"class_list":["post-182862","post","type-post","status-publish","format-standard","has-post-thumbnail","hentry","category-genel","tag-gazi","tag-andi","tag-sehitlerini","tag-temmuz"],"jetpack_publicize_connections":[],"jetpack_featured_media_url":"https:\/\/i0.wp.com\/www.tvturk.com\/wp-content\/uploads\/2019\/07\/gazi-15-temmuz-sehitlerini-andi_32b517c.jpg?fit=1000%2C750","jetpack_sharing_enabled":true,"jetpack_shortlink":"https:\/\/wp.me\/paKIfm-Lzo","_links":{"self":[{"href":"http:\/\/www.tvturk.com\/index.php\/wp-json\/wp\/v2\/posts\/182862","targetHints":{"allow":["GET"]}}],"collection":[{"href":"http:\/\/www.tvturk.com\/index.php\/wp-json\/wp\/v2\/posts"}],"about":[{"href":"http:\/\/www.tvturk.com\/index.php\/wp-json\/wp\/v2\/types\/post"}],"author":[{"embeddable":true,"href":"http:\/\/www.tvturk.com\/index.php\/wp-json\/wp\/v2\/users\/1"}],"replies":[{"embeddable":true,"href":"http:\/\/www.tvturk.com\/index.php\/wp-json\/wp\/v2\/comments?post=182862"}],"version-history":[{"count":0,"href":"http:\/\/www.tvturk.com\/index.php\/wp-json\/wp\/v2\/posts\/182862\/revisions"}],"wp:featuredmedia":[{"embeddable":true,"href":"http:\/\/www.tvturk.com\/index.php\/wp-json\/wp\/v2\/media\/182863"}],"wp:attachment":[{"href":"http:\/\/www.tvturk.com\/index.php\/wp-json\/wp\/v2\/media?parent=182862"}],"wp:term":[{"taxonomy":"category","embeddable":true,"href":"http:\/\/www.tvturk.com\/index.php\/wp-json\/wp\/v2\/categories?post=182862"},{"taxonomy":"post_tag","embeddable":true,"href":"http:\/\/www.tvturk.com\/index.php\/wp-json\/wp\/v2\/tags?post=182862"}],"curies":[{"name":"wp","href":"https:\/\/api.w.org\/{rel}","templated":true}]}}