{"id":182872,"date":"2019-07-16T16:46:29","date_gmt":"2019-07-16T13:46:29","guid":{"rendered":"http:\/\/www.tvturk.com\/index.php\/gemlik-zeytin-festivali-6-eylulde-basliyor\/"},"modified":"2019-07-16T16:46:29","modified_gmt":"2019-07-16T13:46:29","slug":"gemlik-zeytin-festivali-6-eylulde-basliyor","status":"publish","type":"post","link":"http:\/\/www.tvturk.com\/index.php\/gemlik-zeytin-festivali-6-eylulde-basliyor\/","title":{"rendered":"Gemlik Zeytin Festivali 6 Eyl\u00fcl\u2019de ba\u015fl\u0131yor"},"content":{"rendered":"<p>Bursa\u2019n\u0131n Gemlik il\u00e7esinde Zeytin Festivali 6 Eyl\u00fcl\u2019de ba\u015fl\u0131yor.<\/p>\n<p>Bu y\u0131l be\u015fincisi d\u00fczenlenecek olan Uluslararas\u0131 Gemlik Zeytini Festivalinin tarihi belli oldu. Festvalin 6-7-8 Eyl\u00fcl tarihlerinde yap\u0131laca\u011f\u0131 kaydedildi.<\/p>\n<p>Zeytini Festivali \u00f6ncesinde, Gemlik Ticaret Borsas\u0131\u2019nda toplant\u0131 yap\u0131ld\u0131. Kent Konseyi y\u00f6netiminde zeytinciler, tar\u0131m kurumlar\u0131 temsilcileri, bas\u0131n mensuplar\u0131 ve Belediye K\u00fclt\u00fcr M\u00fcd\u00fcrl\u00fc\u011f\u00fc personelinin kat\u0131ld\u0131\u011f\u0131 toplant\u0131da, festival \u00f6ncesinde fikirler al\u0131nd\u0131.  Konu ile alakal\u0131 s\u00f6z alan Mahmut Solaksuba\u015f\u0131, bu y\u0131la kadar yap\u0131lan festivallerin panay\u0131rdan bile k\u00f6t\u00fc oldu\u011funun alt\u0131n\u0131 \u00e7izerken, c\u00e2zip h\u00e2le getirmek i\u00e7in \u00e7al\u0131\u015fmalar yap\u0131lmas\u0131 gerekti\u011fini vurgulad\u0131. Solaksuba\u015f\u0131, \u2019\u2019Farkl\u0131 \u00e7al\u0131\u015fmalarla gen\u00e7leri ve medyay\u0131 \u00e7ekersek ancak gayesine ula\u015fabilir. Ye\u015fil zeytin ile alakal\u0131 insanlar kendi evlerinde yapmak istiyor da, bize tarih uymayabilir\u2019\u2019 dedi.<\/p>\n<p>Belediye Meclis \u00dcyesi ve Gemlik Kent Konseyi Ba\u015fkanvekili Sedat Akku\u015f, bu durumda Akhisar\u2019dan zeytin al\u0131nabilece\u011fini s\u00f6yleyince tepki \u00e7ekti.<\/p>\n<p>Gemlik Ticaret Borsas\u0131 Ba\u015fkan\u0131 \u00d6zden \u00c7ak\u0131r ise, Gemlik Zeytini Festivali\u2019ne di\u011fer il\u00e7elerin de kat\u0131lmas\u0131 gerekti\u011fini vurgulad\u0131. Festivalin bu \u015fekilde daha kapsaml\u0131 olaca\u011f\u0131n\u0131n da alt\u0131n\u0131 \u00e7izen \u00c7ak\u0131r, festivalin \u00fcr\u00fcn ad\u0131na y\u00f6nelik oldu\u011funu dile getirdi.<\/p>\n","protected":false},"excerpt":{"rendered":"<p>GEML\u0130K ZEYT\u0130N FEST\u0130VAL\u0130 6 EYL\u00dcL\u2019DE BA\u015eLIYOR<\/p>\n","protected":false},"author":1,"featured_media":182873,"comment_status":"closed","ping_status":"open","sticky":false,"template":"","format":"standard","meta":{"jetpack_post_was_ever_published":false,"_jetpack_newsletter_access":"","_jetpack_dont_email_post_to_subs":false,"_jetpack_newsletter_tier_id":0,"_jetpack_memberships_contains_paywalled_content":false,"_jetpack_memberships_contains_paid_content":false,"footnotes":"","jetpack_publicize_message":"","jetpack_publicize_feature_enabled":true,"jetpack_social_post_already_shared":true,"jetpack_social_options":{"image_generator_settings":{"template":"highway","default_image_id":0,"font":"","enabled":false},"version":2}},"categories":[1],"tags":[1647,38885,3400,15890,6031],"class_list":["post-182872","post","type-post","status-publish","format-standard","has-post-thumbnail","hentry","category-genel","tag-basliyor","tag-eylulde","tag-festivali","tag-gemlik","tag-zeytin"],"jetpack_publicize_connections":[],"jetpack_featured_media_url":"https:\/\/i0.wp.com\/www.tvturk.com\/wp-content\/uploads\/2019\/07\/gemlik-zeytin-festivali-6-eylulde-basliyor_400ed62.jpg?fit=1000%2C666","jetpack_sharing_enabled":true,"jetpack_shortlink":"https:\/\/wp.me\/paKIfm-Lzy","_links":{"self":[{"href":"http:\/\/www.tvturk.com\/index.php\/wp-json\/wp\/v2\/posts\/182872","targetHints":{"allow":["GET"]}}],"collection":[{"href":"http:\/\/www.tvturk.com\/index.php\/wp-json\/wp\/v2\/posts"}],"about":[{"href":"http:\/\/www.tvturk.com\/index.php\/wp-json\/wp\/v2\/types\/post"}],"author":[{"embeddable":true,"href":"http:\/\/www.tvturk.com\/index.php\/wp-json\/wp\/v2\/users\/1"}],"replies":[{"embeddable":true,"href":"http:\/\/www.tvturk.com\/index.php\/wp-json\/wp\/v2\/comments?post=182872"}],"version-history":[{"count":0,"href":"http:\/\/www.tvturk.com\/index.php\/wp-json\/wp\/v2\/posts\/182872\/revisions"}],"wp:featuredmedia":[{"embeddable":true,"href":"http:\/\/www.tvturk.com\/index.php\/wp-json\/wp\/v2\/media\/182873"}],"wp:attachment":[{"href":"http:\/\/www.tvturk.com\/index.php\/wp-json\/wp\/v2\/media?parent=182872"}],"wp:term":[{"taxonomy":"category","embeddable":true,"href":"http:\/\/www.tvturk.com\/index.php\/wp-json\/wp\/v2\/categories?post=182872"},{"taxonomy":"post_tag","embeddable":true,"href":"http:\/\/www.tvturk.com\/index.php\/wp-json\/wp\/v2\/tags?post=182872"}],"curies":[{"name":"wp","href":"https:\/\/api.w.org\/{rel}","templated":true}]}}