{"id":182886,"date":"2019-07-16T17:02:35","date_gmt":"2019-07-16T14:02:35","guid":{"rendered":"http:\/\/www.tvturk.com\/index.php\/evren-korkmaz-adanasporda\/"},"modified":"2019-07-16T17:02:35","modified_gmt":"2019-07-16T14:02:35","slug":"evren-korkmaz-adanasporda","status":"publish","type":"post","link":"http:\/\/www.tvturk.com\/index.php\/evren-korkmaz-adanasporda\/","title":{"rendered":"Evren Korkmaz, Adanaspor\u2019da"},"content":{"rendered":"<p>Spor Toto 1. Lig ekiplerinden Adanaspor, ge\u00e7ti\u011fimiz sezon Hollanda ekibi VVV-Venlo tak\u0131m\u0131nda forma giyen stoper Evren Korkmaz\u2019\u0131 transfer etti.<\/p>\n<p>Adanaspor y\u00f6netim kurulu \u00fcyeleri \u0130brahim Akg\u00fcl ve Furkan Akg\u00fcl ile \u0130stanbul\u2019da bir araya gelen 22 ya\u015f\u0131ndaki Evren Korkmaz, kendisini 2 y\u0131ll\u0131\u011f\u0131na turuncu-beyazl\u0131 renklere ba\u011flayan s\u00f6zle\u015fmeyi imzalad\u0131.<\/p>\n","protected":false},"excerpt":{"rendered":"<p>SPOR TOTO 1.L\u0130G EK\u0130PLER\u0130NDEN ADANASPOR, GE\u00c7T\u0130\u011e\u0130M\u0130Z SEZON VVV-VENLO TAKIMINDA FORMA G\u0130YEN STOPER EVREN KORKMAZ&#8217;I TRANSFER ETT\u0130.<\/p>\n","protected":false},"author":1,"featured_media":182887,"comment_status":"closed","ping_status":"open","sticky":false,"template":"","format":"standard","meta":{"jetpack_post_was_ever_published":false,"_jetpack_newsletter_access":"","_jetpack_dont_email_post_to_subs":false,"_jetpack_newsletter_tier_id":0,"_jetpack_memberships_contains_paywalled_content":false,"_jetpack_memberships_contains_paid_content":false,"footnotes":"","jetpack_publicize_message":"","jetpack_publicize_feature_enabled":true,"jetpack_social_post_already_shared":true,"jetpack_social_options":{"image_generator_settings":{"template":"highway","default_image_id":0,"font":"","enabled":false},"version":2}},"categories":[657],"tags":[4502,14330,7885],"class_list":["post-182886","post","type-post","status-publish","format-standard","has-post-thumbnail","hentry","category-spor","tag-adanasporda","tag-evren","tag-korkmaz"],"jetpack_publicize_connections":[],"jetpack_featured_media_url":"https:\/\/i0.wp.com\/www.tvturk.com\/wp-content\/uploads\/2019\/07\/evren-korkmaz-adanasporda_880003e.jpg?fit=1000%2C767","jetpack_sharing_enabled":true,"jetpack_shortlink":"https:\/\/wp.me\/paKIfm-LzM","_links":{"self":[{"href":"http:\/\/www.tvturk.com\/index.php\/wp-json\/wp\/v2\/posts\/182886","targetHints":{"allow":["GET"]}}],"collection":[{"href":"http:\/\/www.tvturk.com\/index.php\/wp-json\/wp\/v2\/posts"}],"about":[{"href":"http:\/\/www.tvturk.com\/index.php\/wp-json\/wp\/v2\/types\/post"}],"author":[{"embeddable":true,"href":"http:\/\/www.tvturk.com\/index.php\/wp-json\/wp\/v2\/users\/1"}],"replies":[{"embeddable":true,"href":"http:\/\/www.tvturk.com\/index.php\/wp-json\/wp\/v2\/comments?post=182886"}],"version-history":[{"count":0,"href":"http:\/\/www.tvturk.com\/index.php\/wp-json\/wp\/v2\/posts\/182886\/revisions"}],"wp:featuredmedia":[{"embeddable":true,"href":"http:\/\/www.tvturk.com\/index.php\/wp-json\/wp\/v2\/media\/182887"}],"wp:attachment":[{"href":"http:\/\/www.tvturk.com\/index.php\/wp-json\/wp\/v2\/media?parent=182886"}],"wp:term":[{"taxonomy":"category","embeddable":true,"href":"http:\/\/www.tvturk.com\/index.php\/wp-json\/wp\/v2\/categories?post=182886"},{"taxonomy":"post_tag","embeddable":true,"href":"http:\/\/www.tvturk.com\/index.php\/wp-json\/wp\/v2\/tags?post=182886"}],"curies":[{"name":"wp","href":"https:\/\/api.w.org\/{rel}","templated":true}]}}