{"id":182892,"date":"2019-07-16T17:16:32","date_gmt":"2019-07-16T14:16:32","guid":{"rendered":"http:\/\/www.tvturk.com\/index.php\/hdpli-belediyenin-skandal-kararina-tepki\/"},"modified":"2019-07-16T17:16:32","modified_gmt":"2019-07-16T14:16:32","slug":"hdpli-belediyenin-skandal-kararina-tepki","status":"publish","type":"post","link":"http:\/\/www.tvturk.com\/index.php\/hdpli-belediyenin-skandal-kararina-tepki\/","title":{"rendered":"HDP\u2019li belediyenin skandal karar\u0131na tepki"},"content":{"rendered":"<p>HDP\u2019li Diyarbak\u0131r B\u00fcy\u00fck\u015fehir Belediyesi, Silvan yolu \u00fczerinde bulunan \u0130yaz bin Ganem\u2019in ismini, daha \u00f6nce ter\u00f6r su\u00e7undan ceza alan doktorun ismi ile de\u011fi\u015ftirme karar\u0131 ald\u0131. HDP\u2019li belediyenin alm\u0131\u015f oldu\u011fu skandal karara Diyarbekir Tan\u0131t\u0131ma ve Kalk\u0131nd\u0131rma Derne\u011fi Ba\u015fkan\u0131 Abdulkadir Arslano\u011flu\u2019ndan sert tepki geldi.<\/p>\n<p>HDP\u2019li Diyarbak\u0131r B\u00fcy\u00fck\u015fehir Belediyesi, Silvan yolu \u00fczerinde bulunan \u0130yaz bin Ganem\u2019in ismini, daha \u00f6nce ter\u00f6r su\u00e7undan ceza alan doktorun ismi ile de\u011fi\u015ftirme karar\u0131 ald\u0131. \u0130\u00e7i\u015fleri Bakanl\u0131\u011f\u0131nca kayyum atand\u0131\u011f\u0131 d\u00f6nemde, Sur il\u00e7esinde a\u00e7\u0131lan bir caddeye \u0130slam komutan\u0131 \u0130yaz bin Ganem\u2019in ad\u0131 verildi. Yerel se\u00e7imlerin ard\u0131ndan belediye y\u00f6netimi HDP\u2019li ba\u015fkana ge\u00e7ti. HDP\u2019li belediye y\u00f6netimince 19 Haziran\u2019da al\u0131nan meclis karar\u0131 ile \u0130yaz bin Ganem\u2019in isminin verildi\u011fi caddenin ad\u0131n\u0131n de\u011fi\u015ftirilmesi kararla\u015ft\u0131r\u0131ld\u0131. Caddeye, 5 y\u0131l \u00f6nce hayat\u0131n\u0131 kaybeden ve ter\u00f6r \u00f6rg\u00fct\u00fcne yard\u0131m ve yatakl\u0131k etmek su\u00e7undan 3 y\u0131l 9 ay hapis cezas\u0131 alan doktor \u0130lhan Diken\u2019in ad\u0131n\u0131n verilmesi kararla\u015ft\u0131r\u0131ld\u0131.<\/p>\n<p>Al\u0131nan skandal karara Diyarbekir Tan\u0131t\u0131ma ve Kalk\u0131nd\u0131rma Derne\u011fi Ba\u015fkan\u0131 Abdulkadir Arslano\u011flu tepki g\u00f6sterdi. Abdulkadir Arsanlo\u011flu, Iyaz b\u0131n Ganem\u2019in, Hz. \u00d6mer\u2019in emriyle \u015eam\u2019dan \u00e7\u0131k\u0131p 8 bin ki\u015filik bir orduyla Diyarbak\u0131r\u2019a gelen o \u015ferefli ordunun ba\u015fkomutan\u0131 oldu\u011funu s\u00f6yledi. Arslano\u011flu, \u201cIyaz bin Ganem Diyarbak\u0131r, Diyarbak\u0131r s\u0131n\u0131rlar\u0131 i\u00e7inde Bizans tekfurlar\u0131n\u0131n zulm\u00fc alt\u0131nda inim inim inleyen Diyarbak\u0131r halk\u0131n\u0131n bar\u0131\u015fla, huzurla sevgiyle, s\u00fckunetle, s\u00fchuletle bulu\u015fturan bu topraklarda bar\u0131\u015f\u0131, huzuru, s\u00fckuneti, s\u00fchuleti tesis eden bir \u0130slam kahraman\u0131d\u0131r. Iyaz bin Ganem. 59 ya\u015f\u0131nda vefat etmi\u015f. Vefat etti\u011fi zaman 2 at\u0131 ve bir devesi olan bu derece d\u00fcnya mal\u0131na meyletmemi\u015f bir d\u00fcr\u00fcstl\u00fck abidesidir Iyaz bin Ganem. \u015eimdi HDP\u2019li bir belediye ve meclis \u00fcyeleri kalkm\u0131\u015flar say\u0131lar\u0131 milyonlarla ifade edilen Diyarbak\u0131rl\u0131lar\u0131n g\u00f6nl\u00fcnde taht kurmu\u015f bir \u0130slam kahraman\u0131 olan Iyaz bin Ganemin ad\u0131n\u0131n yaz\u0131lm\u0131\u015f oldu\u011fu bir tabelay\u0131 de\u011fi\u015ftirme karar\u0131 alm\u0131\u015flar. Buradan soruyorum. HDP\u2019nin m\u00fcmessillerine soruyorum. Ey HDP\u2019liler, ey HDP\u2019nin m\u00fcmesilleri sizler hangi cesaretle, hangi yetkiyle, hangi selahiyetle, hangi c\u00fcretle milyonlarca Diyarbak\u0131rl\u0131n\u0131n g\u00f6nl\u00fcnde taht kurmu\u015f bir \u0130slam kahraman\u0131n ad\u0131n\u0131n silme c\u00fcretini ortaya koyabiliyorsunuz. Buradan HDP\u2019nin m\u00fcmessillerine sesleniyorum. Sizler Iyaz bin Ganem gibi bir kahraman\u0131n ad\u0131n\u0131 tabelalarda silebilirsiniz. Ama sizler Iyaz bin Ganem gibi bir \u0130slam kahraman\u0131n\u0131n, bir g\u00f6n\u00fcller sultan\u0131n\u0131n Diyarbak\u0131r fatihinin ismini say\u0131lar\u0131 milyonlarla ifade edilen Diyarbak\u0131rl\u0131lar\u0131n g\u00f6n\u00fcllerinden, sinelerinden, y\u00fcreklerinden silemezsiniz. Buna g\u00fcc\u00fcn\u00fczde, kudretinizde yetmez. \u015eu tabelaya anayasal a\u00e7\u0131dan isminin yaz\u0131lmas\u0131 m\u00fcmk\u00fcn olamayan bir zat\u0131n ad\u0131n\u0131n yaz\u0131lm\u0131\u015f olmas\u0131 da ayr\u0131ca bir skandald\u0131r. Zannediyorum hukuk\u00e7ular\u0131m\u0131z, savc\u0131lar\u0131m\u0131z, hakimlerimiz bu hususta da \u00fczerlerine d\u00fc\u015fen g\u00f6revi ifa edeceklerdir\u201d dedi.<\/p>\n<p>Diyarbak\u0131r Valili\u011finden konuyla ilgili olarak yap\u0131lan a\u00e7\u0131klamada, \u201cTahkikat sonucunda \u0130lhan Diken hakk\u0131nda Diyarbak\u0131r Cumhuriyet Ba\u015fsavc\u0131l\u0131\u011f\u0131 taraf\u0131ndan \u2019PKK\/KCK Ter\u00f6r \u00d6rg\u00fct\u00fc Ad\u0131na Eylem ve Faaliyette Bulunmak\u2019 su\u00e7undan i\u015flem yap\u0131ld\u0131\u011f\u0131 ve \u2019PKK Ter\u00f6r \u00d6rg\u00fct\u00fcne Yard\u0131m ve Yatakl\u0131k Etmek\u2019 su\u00e7undan hapis cezas\u0131na \u00e7arpt\u0131r\u0131ld\u0131\u011f\u0131 tespit edilmi\u015ftir. 5393 say\u0131l\u0131 yasan\u0131n 81. maddesine g\u00f6re; mahalle, cadde ve sokaklara konulacak isimlerin, 31 Temmuz 2006 tarihli ve 26245 say\u0131l\u0131 Resmi Gazete\u2019de yay\u0131mlanarak y\u00fcr\u00fcrl\u00fc\u011fe giren Adres ve Numaralamaya \u0130li\u015fkin Y\u00f6netmelik\u2019in 24. maddesindeki \u2019Mahalle, sokak, cadde, bulvar, meydan ve benzeri yerlerin adlar\u0131, Anayasa\u2019n\u0131n temel ilkelerine, y\u00fcr\u00fcrl\u00fckteki mevzuata, genel ahlaka ayk\u0131r\u0131, ayr\u0131mc\u0131l\u0131\u011fa ve b\u00f6l\u00fcc\u00fcl\u00fc\u011fe yol a\u00e7abilecek nitelikte tespit edilemez\u2019 h\u00fckme uygun olmas\u0131 gerekti\u011fi a\u00e7\u0131kt\u0131r. Bu meclis karar\u0131 yukar\u0131da belirtilen mevzuat h\u00fck\u00fcmlerine ayk\u0131r\u0131 oldu\u011fundan, ayr\u0131ca ilimiz Diyarbak\u0131r\u2019\u0131n \u0130slam\u2019la \u015fereflenmesine vesile olan komutan\u0131n ad\u0131n\u0131n verildi\u011fi caddenin isminin de\u011fi\u015ftirilerek PKK\/KCK ter\u00f6r \u00f6rg\u00fct\u00fcne yard\u0131m ve yatakl\u0131k yapmak su\u00e7undan hapis cezas\u0131 alm\u0131\u015f bir \u015fahs\u0131n ad\u0131n\u0131n verilmesi kamu vicdan\u0131n\u0131 yaralayacak nitelikte bir karar oldu\u011fundan, Valili\u011fimizce reddedilmi\u015ftir. Kamuoyuna sayg\u0131 ile duyurulur\u2019\u2019 denildi.<\/p>\n","protected":false},"excerpt":{"rendered":"<p>HDP\u2019L\u0130 D\u0130YARBAKIR B\u00dcY\u00dcK\u015eEH\u0130R BELED\u0130YES\u0130, S\u0130LVAN YOLU \u00dcZER\u0130NDE BULUNAN \u0130YAZ B\u0130N GANEM\u2019\u0130N \u0130SM\u0130N\u0130, DAHA \u00d6NCE TER\u00d6R SU\u00c7UNDAN CEZA ALAN DOKTORUN \u0130SM\u0130 \u0130LE DE\u011e\u0130\u015eT\u0130RME KARARI ALDI.HDP\u2019L\u0130 BELED\u0130YEN\u0130N ALMI\u015e OLDU\u011eU SKANDAL KARARA D\u0130YARBEK\u0130R TANITIMA VE KALKINDIRMA DERNE\u011e\u0130 BA\u015eKANI ABDULKAD\u0130R ARSLANO\u011eLU\u2019NDAN TEPK\u0130 A\u00c7IKLAMASI GELD\u0130.<\/p>\n","protected":false},"author":1,"featured_media":182893,"comment_status":"closed","ping_status":"open","sticky":false,"template":"","format":"standard","meta":{"jetpack_post_was_ever_published":false,"_jetpack_newsletter_access":"","_jetpack_dont_email_post_to_subs":false,"_jetpack_newsletter_tier_id":0,"_jetpack_memberships_contains_paywalled_content":false,"_jetpack_memberships_contains_paid_content":false,"footnotes":"","jetpack_publicize_message":"","jetpack_publicize_feature_enabled":true,"jetpack_social_post_already_shared":true,"jetpack_social_options":{"image_generator_settings":{"template":"highway","default_image_id":0,"font":"","enabled":false},"version":2}},"categories":[1],"tags":[10422,7904,12513,1573,961],"class_list":["post-182892","post","type-post","status-publish","format-standard","has-post-thumbnail","hentry","category-genel","tag-hdpli","tag-belediyenin","tag-kararina","tag-skandal","tag-tepki"],"jetpack_publicize_connections":[],"jetpack_featured_media_url":"https:\/\/i0.wp.com\/www.tvturk.com\/wp-content\/uploads\/2019\/07\/hdpli-belediyenin-skandal-kararina-tepki_d4c6984.jpg?fit=1000%2C666","jetpack_sharing_enabled":true,"jetpack_shortlink":"https:\/\/wp.me\/paKIfm-LzS","_links":{"self":[{"href":"http:\/\/www.tvturk.com\/index.php\/wp-json\/wp\/v2\/posts\/182892","targetHints":{"allow":["GET"]}}],"collection":[{"href":"http:\/\/www.tvturk.com\/index.php\/wp-json\/wp\/v2\/posts"}],"about":[{"href":"http:\/\/www.tvturk.com\/index.php\/wp-json\/wp\/v2\/types\/post"}],"author":[{"embeddable":true,"href":"http:\/\/www.tvturk.com\/index.php\/wp-json\/wp\/v2\/users\/1"}],"replies":[{"embeddable":true,"href":"http:\/\/www.tvturk.com\/index.php\/wp-json\/wp\/v2\/comments?post=182892"}],"version-history":[{"count":0,"href":"http:\/\/www.tvturk.com\/index.php\/wp-json\/wp\/v2\/posts\/182892\/revisions"}],"wp:featuredmedia":[{"embeddable":true,"href":"http:\/\/www.tvturk.com\/index.php\/wp-json\/wp\/v2\/media\/182893"}],"wp:attachment":[{"href":"http:\/\/www.tvturk.com\/index.php\/wp-json\/wp\/v2\/media?parent=182892"}],"wp:term":[{"taxonomy":"category","embeddable":true,"href":"http:\/\/www.tvturk.com\/index.php\/wp-json\/wp\/v2\/categories?post=182892"},{"taxonomy":"post_tag","embeddable":true,"href":"http:\/\/www.tvturk.com\/index.php\/wp-json\/wp\/v2\/tags?post=182892"}],"curies":[{"name":"wp","href":"https:\/\/api.w.org\/{rel}","templated":true}]}}