{"id":18292,"date":"2019-02-10T14:33:47","date_gmt":"2019-02-10T11:33:47","guid":{"rendered":"http:\/\/www.tvturk.com\/index.php\/antalyada-subat-ayinda-nisan-havasi-yasaniyor\/"},"modified":"2019-02-10T14:33:55","modified_gmt":"2019-02-10T11:33:55","slug":"antalyada-subat-ayinda-nisan-havasi-yasaniyor","status":"publish","type":"post","link":"http:\/\/www.tvturk.com\/index.php\/antalyada-subat-ayinda-nisan-havasi-yasaniyor\/","title":{"rendered":"Antalya\u2019da \u015fubat ay\u0131nda nisan havas\u0131 ya\u015fan\u0131yor"},"content":{"rendered":"<p>Antalya\u2019da ge\u00e7ti\u011fimiz g\u00fcnlerde ya\u015fanan k\u00f6t\u00fc hava ko\u015fullar\u0131n\u0131n ard\u0131ndan g\u00fcne\u015f y\u00fcz\u00fcn\u00fc g\u00f6sterdi. S\u0131cak havay\u0131 f\u0131rsat bilen yerli ve yabanc\u0131 vatanda\u015flar g\u00fcne\u015fli havan\u0131n tad\u0131n\u0131 denize girerek, sahilde kitap okuyarak, g\u00fcne\u015flenerek ve piknik yaparak \u00e7\u0131kard\u0131.<\/p>\n<p>T\u00fcrkiye\u2019nin do\u011fu ve g\u00fcneydo\u011fu b\u00f6lgelerinde kar ve so\u011fuk hava etkisini s\u00fcrd\u00fcr\u00fcrken, turizm kenti Antalya\u2019da yazdan kalma bir g\u00fcn ya\u015fan\u0131yor. Ge\u00e7ti\u011fimiz haftalarda Antalya\u2019da etkili olan ya\u011fmurlu ve f\u0131rt\u0131nal\u0131 havan\u0131n ard\u0131ndan g\u00fcne\u015f y\u00fcz\u00fcn\u00fc g\u00f6sterdi. Hafta sonu g\u00fcne\u015fli havay\u0131 f\u0131rsat bilen yerli ve yabanc\u0131 vatanda\u015flar Konyaalt\u0131 sahiline ak\u0131n etti. Hava s\u0131cakl\u0131\u011f\u0131n\u0131n 18, deniz suyu s\u0131cakl\u0131\u011f\u0131n\u0131n ise 17 derece \u00f6l\u00e7\u00fcld\u00fc\u011f\u00fc Antalya\u2019da baz\u0131 vatanda\u015flar sahilde bal\u0131k tutarken, baz\u0131lar\u0131 Akdeniz\u2019in maviliklerinde kula\u00e7 atmay\u0131 tercih etti. Baz\u0131 vatanda\u015flar kumsalda kitap okurken, baz\u0131lar\u0131 ise ailesiyle beraber \u00e7ay saati yapt\u0131. Sahile paralel konumda bulunan Sahil Antalya Ya\u015fam Park\u0131 ise y\u00fcr\u00fcy\u00fc\u015f yapmak isteyenlerin tercihi oldu.<\/p>\n<p>\u201cAntalya, T\u00fcrkiye\u2019nin cenneti\u201d<\/p>\n<p>E\u015fiyle beraber sahilde g\u00fcne\u015fin keyfini s\u00fcren Mehmet K\u00f6se, kendisinin denizci oldu\u011funu ve denizden ayr\u0131lamad\u0131\u011f\u0131n\u0131 s\u00f6yledi. K\u00f6se, \u201cHan\u0131mla beraber kalkt\u0131k, masam\u0131z\u0131 sandalyemizi alarak sahile geldik. Hem kahvalt\u0131m\u0131z\u0131 hem de hava ald\u0131k. Denizci oldu\u011fum i\u00e7in denizi \u00e7ok seviyorum. Antalya, T\u00fcrkiye\u2019nin cenneti\u201d dedi.<\/p>\n<p>Havan\u0131n \u00e7ok g\u00fczel oldu\u011funa i\u015faret eden Yeter Alpay, Antalya\u2019n\u0131n keyfini \u00e7\u0131kard\u0131klar\u0131n\u0131 s\u00f6yledi. Alpay, \u201cZaten Antalya k\u0131\u015f\u0131n da \u00e7ok g\u00fczel oluyor ve s\u0131k s\u0131k Konyaalt\u0131 sahiline geliyoruz. Ya\u015f\u0131yoruz. Havalar k\u00f6t\u00fc oldu\u011fundan dolay\u0131 gelemiyorduk, \u00e7ok \u00f6zlemi\u015fiz. Kendimizi soka\u011fa att\u0131k\u201d diye konu\u015ftu.<div class=\"tiled-gallery type-rectangular tiled-gallery-unresized\" data-original-width=\"500\" data-carousel-extra='null' itemscope itemtype=\"http:\/\/schema.org\/ImageGallery\" > <div class=\"gallery-row\" style=\"width: 500px; height: 142px;\" data-original-width=\"500\" data-original-height=\"142\" > <div class=\"gallery-group images-1\" style=\"width: 250px; height: 142px;\" data-original-width=\"250\" data-original-height=\"142\" > <div class=\"tiled-gallery-item tiled-gallery-item-small\" itemprop=\"associatedMedia\" itemscope itemtype=\"http:\/\/schema.org\/ImageObject\"> <a href=\"http:\/\/www.tvturk.com\/index.php\/antalyada-subat-ayinda-nisan-havasi-yasaniyor\/antalyada-subat-ayinda-nisan-havasi-yasaniyor-3\/\" border=\"0\" itemprop=\"url\"> <meta itemprop=\"width\" content=\"246\"> <meta itemprop=\"height\" content=\"138\"> <img decoding=\"async\" class=\"\" data-attachment-id=\"18294\" data-orig-file=\"http:\/\/www.tvturk.com\/wp-content\/uploads\/2019\/02\/antalyada-subat-ayinda-nisan-havasi-yasaniyor_c28c52d.jpg\" data-orig-size=\"1000,562\" data-comments-opened=\"\" data-image-meta=\"{&quot;aperture&quot;:&quot;0&quot;,&quot;credit&quot;:&quot;IHA&quot;,&quot;camera&quot;:&quot;&quot;,&quot;caption&quot;:&quot;ANTALYA\\u2019DA GE\\u00c7T\\u0130\\u011e\\u0130M\\u0130Z G\\u00dcNLERDE YA\\u015eANAN K\\u00d6T\\u00dc HAVA KO\\u015eULLARININ ARDINDAN G\\u00dcNE\\u015e Y\\u00dcZ\\u00dcN\\u00dc G\\u00d6STERD\\u0130. YERL\\u0130 VE YABANCI VATANDA\\u015eLAR; DEN\\u0130ZE G\\u0130REREK, SAH\\u0130LDE K\\u0130TAP OKUYARAK, G\\u00dcNE\\u015eLENEREK VE P\\u0130KN\\u0130K YAPARAK G\\u00dcZEL HAVANIN KEYF\\u0130N\\u0130 \\u00c7IKARDI. (FERAH VANLI - MUSTAFA B\\u00dcRGE\\\/ANTALYA-\\u0130HA)&quot;,&quot;created_timestamp&quot;:&quot;0&quot;,&quot;copyright&quot;:&quot;\\u0130HLAS HABER AJANSI, www.iha.com.tr&quot;,&quot;focal_length&quot;:&quot;0&quot;,&quot;iso&quot;:&quot;0&quot;,&quot;shutter_speed&quot;:&quot;0&quot;,&quot;title&quot;:&quot;ANTALYA\\u2019DA \\u015eUBAT AYINDA N\\u0130SAN HAVASI YA\\u015eANIYOR SICAK HAVAYI FIRSAT B\\u0130LEN VATANDA\\u015eLAR KONYAALTI SAH\\u0130L\\u0130NE AKIN ETT\\u0130&quot;,&quot;orientation&quot;:&quot;0&quot;}\" data-image-title=\"Antalya\u2019da \u015fubat ay\u0131nda nisan havas\u0131 ya\u015fan\u0131yor\" data-image-description=\"&lt;p&gt;Antalya\u2019da \u015fubat ay\u0131nda nisan havas\u0131 ya\u015fan\u0131yor&lt;\/p&gt; \" data-medium-file=\"https:\/\/i0.wp.com\/www.tvturk.com\/wp-content\/uploads\/2019\/02\/antalyada-subat-ayinda-nisan-havasi-yasaniyor_c28c52d.jpg?fit=300%2C169\" data-large-file=\"https:\/\/i0.wp.com\/www.tvturk.com\/wp-content\/uploads\/2019\/02\/antalyada-subat-ayinda-nisan-havasi-yasaniyor_c28c52d.jpg?fit=1000%2C562\" src=\"https:\/\/i0.wp.com\/www.tvturk.com\/wp-content\/uploads\/2019\/02\/antalyada-subat-ayinda-nisan-havasi-yasaniyor_c28c52d.jpg?w=246&#038;h=138\" srcset=\"https:\/\/i0.wp.com\/www.tvturk.com\/wp-content\/uploads\/2019\/02\/antalyada-subat-ayinda-nisan-havasi-yasaniyor_c28c52d.jpg?w=1000 1000w, https:\/\/i0.wp.com\/www.tvturk.com\/wp-content\/uploads\/2019\/02\/antalyada-subat-ayinda-nisan-havasi-yasaniyor_c28c52d.jpg?resize=150%2C84 150w, https:\/\/i0.wp.com\/www.tvturk.com\/wp-content\/uploads\/2019\/02\/antalyada-subat-ayinda-nisan-havasi-yasaniyor_c28c52d.jpg?resize=300%2C169 300w, https:\/\/i0.wp.com\/www.tvturk.com\/wp-content\/uploads\/2019\/02\/antalyada-subat-ayinda-nisan-havasi-yasaniyor_c28c52d.jpg?resize=768%2C432 768w, https:\/\/i0.wp.com\/www.tvturk.com\/wp-content\/uploads\/2019\/02\/antalyada-subat-ayinda-nisan-havasi-yasaniyor_c28c52d.jpg?resize=200%2C113 200w\" width=\"246\" height=\"138\" loading=\"lazy\" data-original-width=\"246\" data-original-height=\"138\" itemprop=\"http:\/\/schema.org\/image\" title=\"Antalya\u2019da \u015fubat ay\u0131nda nisan havas\u0131 ya\u015fan\u0131yor\" alt=\"Antalya\u2019da \u015fubat ay\u0131nda nisan havas\u0131 ya\u015fan\u0131yor\" style=\"width: 246px; height: 138px;\" \/> <\/a> <\/div> <\/div> <!-- close group --> <div class=\"gallery-group images-1\" style=\"width: 250px; height: 142px;\" data-original-width=\"250\" data-original-height=\"142\" > <div class=\"tiled-gallery-item tiled-gallery-item-small\" itemprop=\"associatedMedia\" itemscope itemtype=\"http:\/\/schema.org\/ImageObject\"> <a href=\"http:\/\/www.tvturk.com\/index.php\/antalyada-subat-ayinda-nisan-havasi-yasaniyor\/antalyada-subat-ayinda-nisan-havasi-yasaniyor-4\/\" border=\"0\" itemprop=\"url\"> <meta itemprop=\"width\" content=\"246\"> <meta itemprop=\"height\" content=\"138\"> <img decoding=\"async\" class=\"\" data-attachment-id=\"18295\" data-orig-file=\"http:\/\/www.tvturk.com\/wp-content\/uploads\/2019\/02\/antalyada-subat-ayinda-nisan-havasi-yasaniyor_4bbd639.jpg\" data-orig-size=\"1000,562\" data-comments-opened=\"\" data-image-meta=\"{&quot;aperture&quot;:&quot;0&quot;,&quot;credit&quot;:&quot;IHA&quot;,&quot;camera&quot;:&quot;&quot;,&quot;caption&quot;:&quot;ANTALYA\\u2019DA GE\\u00c7T\\u0130\\u011e\\u0130M\\u0130Z G\\u00dcNLERDE YA\\u015eANAN K\\u00d6T\\u00dc HAVA KO\\u015eULLARININ ARDINDAN G\\u00dcNE\\u015e Y\\u00dcZ\\u00dcN\\u00dc G\\u00d6STERD\\u0130. YERL\\u0130 VE YABANCI VATANDA\\u015eLAR; DEN\\u0130ZE G\\u0130REREK, SAH\\u0130LDE K\\u0130TAP OKUYARAK, G\\u00dcNE\\u015eLENEREK VE P\\u0130KN\\u0130K YAPARAK G\\u00dcZEL HAVANIN KEYF\\u0130N\\u0130 \\u00c7IKARDI. (FERAH VANLI - MUSTAFA B\\u00dcRGE\\\/ANTALYA-\\u0130HA)&quot;,&quot;created_timestamp&quot;:&quot;0&quot;,&quot;copyright&quot;:&quot;\\u0130HLAS HABER AJANSI, www.iha.com.tr&quot;,&quot;focal_length&quot;:&quot;0&quot;,&quot;iso&quot;:&quot;0&quot;,&quot;shutter_speed&quot;:&quot;0&quot;,&quot;title&quot;:&quot;ANTALYA\\u2019DA \\u015eUBAT AYINDA N\\u0130SAN HAVASI YA\\u015eANIYOR SICAK HAVAYI FIRSAT B\\u0130LEN VATANDA\\u015eLAR KONYAALTI SAH\\u0130L\\u0130NE AKIN ETT\\u0130&quot;,&quot;orientation&quot;:&quot;0&quot;}\" data-image-title=\"Antalya\u2019da \u015fubat ay\u0131nda nisan havas\u0131 ya\u015fan\u0131yor\" data-image-description=\"&lt;p&gt;Antalya\u2019da \u015fubat ay\u0131nda nisan havas\u0131 ya\u015fan\u0131yor&lt;\/p&gt; \" data-medium-file=\"https:\/\/i0.wp.com\/www.tvturk.com\/wp-content\/uploads\/2019\/02\/antalyada-subat-ayinda-nisan-havasi-yasaniyor_4bbd639.jpg?fit=300%2C169\" data-large-file=\"https:\/\/i0.wp.com\/www.tvturk.com\/wp-content\/uploads\/2019\/02\/antalyada-subat-ayinda-nisan-havasi-yasaniyor_4bbd639.jpg?fit=1000%2C562\" src=\"https:\/\/i0.wp.com\/www.tvturk.com\/wp-content\/uploads\/2019\/02\/antalyada-subat-ayinda-nisan-havasi-yasaniyor_4bbd639.jpg?w=246&#038;h=138\" srcset=\"https:\/\/i0.wp.com\/www.tvturk.com\/wp-content\/uploads\/2019\/02\/antalyada-subat-ayinda-nisan-havasi-yasaniyor_4bbd639.jpg?w=1000 1000w, https:\/\/i0.wp.com\/www.tvturk.com\/wp-content\/uploads\/2019\/02\/antalyada-subat-ayinda-nisan-havasi-yasaniyor_4bbd639.jpg?resize=150%2C84 150w, https:\/\/i0.wp.com\/www.tvturk.com\/wp-content\/uploads\/2019\/02\/antalyada-subat-ayinda-nisan-havasi-yasaniyor_4bbd639.jpg?resize=300%2C169 300w, https:\/\/i0.wp.com\/www.tvturk.com\/wp-content\/uploads\/2019\/02\/antalyada-subat-ayinda-nisan-havasi-yasaniyor_4bbd639.jpg?resize=768%2C432 768w, https:\/\/i0.wp.com\/www.tvturk.com\/wp-content\/uploads\/2019\/02\/antalyada-subat-ayinda-nisan-havasi-yasaniyor_4bbd639.jpg?resize=200%2C113 200w\" width=\"246\" height=\"138\" loading=\"lazy\" data-original-width=\"246\" data-original-height=\"138\" itemprop=\"http:\/\/schema.org\/image\" title=\"Antalya\u2019da \u015fubat ay\u0131nda nisan havas\u0131 ya\u015fan\u0131yor\" alt=\"Antalya\u2019da \u015fubat ay\u0131nda nisan havas\u0131 ya\u015fan\u0131yor\" style=\"width: 246px; height: 138px;\" \/> <\/a> <\/div> <\/div> <!-- close group --> <\/div> <!-- close row --> <div class=\"gallery-row\" style=\"width: 500px; height: 225px;\" data-original-width=\"500\" data-original-height=\"225\" > <div class=\"gallery-group images-2\" style=\"width: 164px; height: 225px;\" data-original-width=\"164\" data-original-height=\"225\" > <div class=\"tiled-gallery-item tiled-gallery-item-small\" itemprop=\"associatedMedia\" itemscope itemtype=\"http:\/\/schema.org\/ImageObject\"> <a href=\"http:\/\/www.tvturk.com\/index.php\/antalyada-subat-ayinda-nisan-havasi-yasaniyor\/antalyada-subat-ayinda-nisan-havasi-yasaniyor-5\/\" border=\"0\" itemprop=\"url\"> <meta itemprop=\"width\" content=\"160\"> <meta itemprop=\"height\" content=\"90\"> <img decoding=\"async\" class=\"\" data-attachment-id=\"18296\" data-orig-file=\"http:\/\/www.tvturk.com\/wp-content\/uploads\/2019\/02\/antalyada-subat-ayinda-nisan-havasi-yasaniyor_0dbc6e3.jpg\" data-orig-size=\"1000,562\" data-comments-opened=\"\" data-image-meta=\"{&quot;aperture&quot;:&quot;0&quot;,&quot;credit&quot;:&quot;IHA&quot;,&quot;camera&quot;:&quot;&quot;,&quot;caption&quot;:&quot;ANTALYA\\u2019DA GE\\u00c7T\\u0130\\u011e\\u0130M\\u0130Z G\\u00dcNLERDE YA\\u015eANAN K\\u00d6T\\u00dc HAVA KO\\u015eULLARININ ARDINDAN G\\u00dcNE\\u015e Y\\u00dcZ\\u00dcN\\u00dc G\\u00d6STERD\\u0130. YERL\\u0130 VE YABANCI VATANDA\\u015eLAR; DEN\\u0130ZE G\\u0130REREK, SAH\\u0130LDE K\\u0130TAP OKUYARAK, G\\u00dcNE\\u015eLENEREK VE P\\u0130KN\\u0130K YAPARAK G\\u00dcZEL HAVANIN KEYF\\u0130N\\u0130 \\u00c7IKARDI. (FERAH VANLI - MUSTAFA B\\u00dcRGE\\\/ANTALYA-\\u0130HA)&quot;,&quot;created_timestamp&quot;:&quot;0&quot;,&quot;copyright&quot;:&quot;\\u0130HLAS HABER AJANSI, www.iha.com.tr&quot;,&quot;focal_length&quot;:&quot;0&quot;,&quot;iso&quot;:&quot;0&quot;,&quot;shutter_speed&quot;:&quot;0&quot;,&quot;title&quot;:&quot;ANTALYA\\u2019DA \\u015eUBAT AYINDA N\\u0130SAN HAVASI YA\\u015eANIYOR SICAK HAVAYI FIRSAT B\\u0130LEN VATANDA\\u015eLAR KONYAALTI SAH\\u0130L\\u0130NE AKIN ETT\\u0130&quot;,&quot;orientation&quot;:&quot;0&quot;}\" data-image-title=\"Antalya\u2019da \u015fubat ay\u0131nda nisan havas\u0131 ya\u015fan\u0131yor\" data-image-description=\"&lt;p&gt;Antalya\u2019da \u015fubat ay\u0131nda nisan havas\u0131 ya\u015fan\u0131yor&lt;\/p&gt; \" data-medium-file=\"https:\/\/i0.wp.com\/www.tvturk.com\/wp-content\/uploads\/2019\/02\/antalyada-subat-ayinda-nisan-havasi-yasaniyor_0dbc6e3.jpg?fit=300%2C169\" data-large-file=\"https:\/\/i0.wp.com\/www.tvturk.com\/wp-content\/uploads\/2019\/02\/antalyada-subat-ayinda-nisan-havasi-yasaniyor_0dbc6e3.jpg?fit=1000%2C562\" src=\"https:\/\/i0.wp.com\/www.tvturk.com\/wp-content\/uploads\/2019\/02\/antalyada-subat-ayinda-nisan-havasi-yasaniyor_0dbc6e3.jpg?w=160&#038;h=90\" srcset=\"https:\/\/i0.wp.com\/www.tvturk.com\/wp-content\/uploads\/2019\/02\/antalyada-subat-ayinda-nisan-havasi-yasaniyor_0dbc6e3.jpg?w=1000 1000w, https:\/\/i0.wp.com\/www.tvturk.com\/wp-content\/uploads\/2019\/02\/antalyada-subat-ayinda-nisan-havasi-yasaniyor_0dbc6e3.jpg?resize=150%2C84 150w, https:\/\/i0.wp.com\/www.tvturk.com\/wp-content\/uploads\/2019\/02\/antalyada-subat-ayinda-nisan-havasi-yasaniyor_0dbc6e3.jpg?resize=300%2C169 300w, https:\/\/i0.wp.com\/www.tvturk.com\/wp-content\/uploads\/2019\/02\/antalyada-subat-ayinda-nisan-havasi-yasaniyor_0dbc6e3.jpg?resize=768%2C432 768w, https:\/\/i0.wp.com\/www.tvturk.com\/wp-content\/uploads\/2019\/02\/antalyada-subat-ayinda-nisan-havasi-yasaniyor_0dbc6e3.jpg?resize=200%2C113 200w\" width=\"160\" height=\"90\" loading=\"lazy\" data-original-width=\"160\" data-original-height=\"90\" itemprop=\"http:\/\/schema.org\/image\" title=\"Antalya\u2019da \u015fubat ay\u0131nda nisan havas\u0131 ya\u015fan\u0131yor\" alt=\"Antalya\u2019da \u015fubat ay\u0131nda nisan havas\u0131 ya\u015fan\u0131yor\" style=\"width: 160px; height: 90px;\" \/> <\/a> <\/div> <div class=\"tiled-gallery-item tiled-gallery-item-small\" itemprop=\"associatedMedia\" itemscope itemtype=\"http:\/\/schema.org\/ImageObject\"> <a href=\"http:\/\/www.tvturk.com\/index.php\/antalyada-subat-ayinda-nisan-havasi-yasaniyor\/antalyada-subat-ayinda-nisan-havasi-yasaniyor-6\/\" border=\"0\" itemprop=\"url\"> <meta itemprop=\"width\" content=\"160\"> <meta itemprop=\"height\" content=\"127\"> <img decoding=\"async\" class=\"\" data-attachment-id=\"18297\" data-orig-file=\"http:\/\/www.tvturk.com\/wp-content\/uploads\/2019\/02\/antalyada-subat-ayinda-nisan-havasi-yasaniyor_6263f34.jpg\" data-orig-size=\"1000,798\" data-comments-opened=\"\" data-image-meta=\"{&quot;aperture&quot;:&quot;0&quot;,&quot;credit&quot;:&quot;IHA&quot;,&quot;camera&quot;:&quot;&quot;,&quot;caption&quot;:&quot;ANTALYA\\u2019DA GE\\u00c7T\\u0130\\u011e\\u0130M\\u0130Z G\\u00dcNLERDE YA\\u015eANAN K\\u00d6T\\u00dc HAVA KO\\u015eULLARININ ARDINDAN G\\u00dcNE\\u015e Y\\u00dcZ\\u00dcN\\u00dc G\\u00d6STERD\\u0130. YERL\\u0130 VE YABANCI VATANDA\\u015eLAR; DEN\\u0130ZE G\\u0130REREK, SAH\\u0130LDE K\\u0130TAP OKUYARAK, G\\u00dcNE\\u015eLENEREK VE P\\u0130KN\\u0130K YAPARAK G\\u00dcZEL HAVANIN KEYF\\u0130N\\u0130 \\u00c7IKARDI. (FERAH VANLI - MUSTAFA B\\u00dcRGE\\\/ANTALYA-\\u0130HA)&quot;,&quot;created_timestamp&quot;:&quot;0&quot;,&quot;copyright&quot;:&quot;\\u0130HLAS HABER AJANSI, www.iha.com.tr&quot;,&quot;focal_length&quot;:&quot;0&quot;,&quot;iso&quot;:&quot;0&quot;,&quot;shutter_speed&quot;:&quot;0&quot;,&quot;title&quot;:&quot;ANTALYA\\u2019DA \\u015eUBAT AYINDA N\\u0130SAN HAVASI YA\\u015eANIYOR SICAK HAVAYI FIRSAT B\\u0130LEN VATANDA\\u015eLAR KONYAALTI SAH\\u0130L\\u0130NE AKIN ETT\\u0130&quot;,&quot;orientation&quot;:&quot;0&quot;}\" data-image-title=\"Antalya\u2019da \u015fubat ay\u0131nda nisan havas\u0131 ya\u015fan\u0131yor\" data-image-description=\"&lt;p&gt;Antalya\u2019da \u015fubat ay\u0131nda nisan havas\u0131 ya\u015fan\u0131yor&lt;\/p&gt; \" data-medium-file=\"https:\/\/i0.wp.com\/www.tvturk.com\/wp-content\/uploads\/2019\/02\/antalyada-subat-ayinda-nisan-havasi-yasaniyor_6263f34.jpg?fit=300%2C239\" data-large-file=\"https:\/\/i0.wp.com\/www.tvturk.com\/wp-content\/uploads\/2019\/02\/antalyada-subat-ayinda-nisan-havasi-yasaniyor_6263f34.jpg?fit=1000%2C798\" src=\"https:\/\/i0.wp.com\/www.tvturk.com\/wp-content\/uploads\/2019\/02\/antalyada-subat-ayinda-nisan-havasi-yasaniyor_6263f34.jpg?w=160&#038;h=127\" srcset=\"https:\/\/i0.wp.com\/www.tvturk.com\/wp-content\/uploads\/2019\/02\/antalyada-subat-ayinda-nisan-havasi-yasaniyor_6263f34.jpg?w=1000 1000w, https:\/\/i0.wp.com\/www.tvturk.com\/wp-content\/uploads\/2019\/02\/antalyada-subat-ayinda-nisan-havasi-yasaniyor_6263f34.jpg?resize=150%2C120 150w, https:\/\/i0.wp.com\/www.tvturk.com\/wp-content\/uploads\/2019\/02\/antalyada-subat-ayinda-nisan-havasi-yasaniyor_6263f34.jpg?resize=300%2C239 300w, https:\/\/i0.wp.com\/www.tvturk.com\/wp-content\/uploads\/2019\/02\/antalyada-subat-ayinda-nisan-havasi-yasaniyor_6263f34.jpg?resize=768%2C613 768w\" width=\"160\" height=\"127\" loading=\"lazy\" data-original-width=\"160\" data-original-height=\"127\" itemprop=\"http:\/\/schema.org\/image\" title=\"Antalya\u2019da \u015fubat ay\u0131nda nisan havas\u0131 ya\u015fan\u0131yor\" alt=\"Antalya\u2019da \u015fubat ay\u0131nda nisan havas\u0131 ya\u015fan\u0131yor\" style=\"width: 160px; height: 127px;\" \/> <\/a> <\/div> <\/div> <!-- close group --> <div class=\"gallery-group images-1\" style=\"width: 336px; height: 225px;\" data-original-width=\"336\" data-original-height=\"225\" > <div class=\"tiled-gallery-item tiled-gallery-item-large\" itemprop=\"associatedMedia\" itemscope itemtype=\"http:\/\/schema.org\/ImageObject\"> <a href=\"http:\/\/www.tvturk.com\/index.php\/antalyada-subat-ayinda-nisan-havasi-yasaniyor\/antalyada-subat-ayinda-nisan-havasi-yasaniyor-7\/\" border=\"0\" itemprop=\"url\"> <meta itemprop=\"width\" content=\"332\"> <meta itemprop=\"height\" content=\"221\"> <img decoding=\"async\" class=\"\" data-attachment-id=\"18298\" data-orig-file=\"http:\/\/www.tvturk.com\/wp-content\/uploads\/2019\/02\/antalyada-subat-ayinda-nisan-havasi-yasaniyor_0ca45c0.jpg\" data-orig-size=\"1000,666\" data-comments-opened=\"\" data-image-meta=\"{&quot;aperture&quot;:&quot;0&quot;,&quot;credit&quot;:&quot;IHA&quot;,&quot;camera&quot;:&quot;&quot;,&quot;caption&quot;:&quot;ANTALYA\\u2019DA GE\\u00c7T\\u0130\\u011e\\u0130M\\u0130Z G\\u00dcNLERDE YA\\u015eANAN K\\u00d6T\\u00dc HAVA KO\\u015eULLARININ ARDINDAN G\\u00dcNE\\u015e Y\\u00dcZ\\u00dcN\\u00dc G\\u00d6STERD\\u0130. YERL\\u0130 VE YABANCI VATANDA\\u015eLAR; DEN\\u0130ZE G\\u0130REREK, SAH\\u0130LDE K\\u0130TAP OKUYARAK, G\\u00dcNE\\u015eLENEREK VE P\\u0130KN\\u0130K YAPARAK G\\u00dcZEL HAVANIN KEYF\\u0130N\\u0130 \\u00c7IKARDI. (FERAH VANLI - MUSTAFA B\\u00dcRGE\\\/ANTALYA-\\u0130HA)&quot;,&quot;created_timestamp&quot;:&quot;0&quot;,&quot;copyright&quot;:&quot;\\u0130HLAS HABER AJANSI, www.iha.com.tr&quot;,&quot;focal_length&quot;:&quot;0&quot;,&quot;iso&quot;:&quot;0&quot;,&quot;shutter_speed&quot;:&quot;0&quot;,&quot;title&quot;:&quot;ANTALYA\\u2019DA \\u015eUBAT AYINDA N\\u0130SAN HAVASI YA\\u015eANIYOR SICAK HAVAYI FIRSAT B\\u0130LEN VATANDA\\u015eLAR KONYAALTI SAH\\u0130L\\u0130NE AKIN ETT\\u0130&quot;,&quot;orientation&quot;:&quot;0&quot;}\" data-image-title=\"Antalya\u2019da \u015fubat ay\u0131nda nisan havas\u0131 ya\u015fan\u0131yor\" data-image-description=\"&lt;p&gt;Antalya\u2019da \u015fubat ay\u0131nda nisan havas\u0131 ya\u015fan\u0131yor&lt;\/p&gt; \" data-medium-file=\"https:\/\/i0.wp.com\/www.tvturk.com\/wp-content\/uploads\/2019\/02\/antalyada-subat-ayinda-nisan-havasi-yasaniyor_0ca45c0.jpg?fit=300%2C200\" data-large-file=\"https:\/\/i0.wp.com\/www.tvturk.com\/wp-content\/uploads\/2019\/02\/antalyada-subat-ayinda-nisan-havasi-yasaniyor_0ca45c0.jpg?fit=1000%2C666\" src=\"https:\/\/i0.wp.com\/www.tvturk.com\/wp-content\/uploads\/2019\/02\/antalyada-subat-ayinda-nisan-havasi-yasaniyor_0ca45c0.jpg?w=332&#038;h=221\" srcset=\"https:\/\/i0.wp.com\/www.tvturk.com\/wp-content\/uploads\/2019\/02\/antalyada-subat-ayinda-nisan-havasi-yasaniyor_0ca45c0.jpg?w=1000 1000w, https:\/\/i0.wp.com\/www.tvturk.com\/wp-content\/uploads\/2019\/02\/antalyada-subat-ayinda-nisan-havasi-yasaniyor_0ca45c0.jpg?resize=150%2C100 150w, https:\/\/i0.wp.com\/www.tvturk.com\/wp-content\/uploads\/2019\/02\/antalyada-subat-ayinda-nisan-havasi-yasaniyor_0ca45c0.jpg?resize=300%2C200 300w, https:\/\/i0.wp.com\/www.tvturk.com\/wp-content\/uploads\/2019\/02\/antalyada-subat-ayinda-nisan-havasi-yasaniyor_0ca45c0.jpg?resize=768%2C511 768w, https:\/\/i0.wp.com\/www.tvturk.com\/wp-content\/uploads\/2019\/02\/antalyada-subat-ayinda-nisan-havasi-yasaniyor_0ca45c0.jpg?resize=170%2C113 170w, https:\/\/i0.wp.com\/www.tvturk.com\/wp-content\/uploads\/2019\/02\/antalyada-subat-ayinda-nisan-havasi-yasaniyor_0ca45c0.jpg?resize=120%2C80 120w\" width=\"332\" height=\"221\" loading=\"lazy\" data-original-width=\"332\" data-original-height=\"221\" itemprop=\"http:\/\/schema.org\/image\" title=\"Antalya\u2019da \u015fubat ay\u0131nda nisan havas\u0131 ya\u015fan\u0131yor\" alt=\"Antalya\u2019da \u015fubat ay\u0131nda nisan havas\u0131 ya\u015fan\u0131yor\" style=\"width: 332px; height: 221px;\" \/> <\/a> <\/div> <\/div> <!-- close group --> <\/div> <!-- close row --> <div class=\"gallery-row\" style=\"width: 500px; height: 227px;\" data-original-width=\"500\" data-original-height=\"227\" > <div class=\"gallery-group images-1\" style=\"width: 338px; height: 227px;\" data-original-width=\"338\" data-original-height=\"227\" > <div class=\"tiled-gallery-item tiled-gallery-item-large\" itemprop=\"associatedMedia\" itemscope itemtype=\"http:\/\/schema.org\/ImageObject\"> <a href=\"http:\/\/www.tvturk.com\/index.php\/antalyada-subat-ayinda-nisan-havasi-yasaniyor\/antalyada-subat-ayinda-nisan-havasi-yasaniyor-8\/\" border=\"0\" itemprop=\"url\"> <meta itemprop=\"width\" content=\"334\"> <meta itemprop=\"height\" content=\"223\"> <img decoding=\"async\" class=\"\" data-attachment-id=\"18299\" data-orig-file=\"http:\/\/www.tvturk.com\/wp-content\/uploads\/2019\/02\/antalyada-subat-ayinda-nisan-havasi-yasaniyor_55a373a.jpg\" data-orig-size=\"1000,666\" data-comments-opened=\"\" data-image-meta=\"{&quot;aperture&quot;:&quot;0&quot;,&quot;credit&quot;:&quot;IHA&quot;,&quot;camera&quot;:&quot;&quot;,&quot;caption&quot;:&quot;ANTALYA\\u2019DA GE\\u00c7T\\u0130\\u011e\\u0130M\\u0130Z G\\u00dcNLERDE YA\\u015eANAN K\\u00d6T\\u00dc HAVA KO\\u015eULLARININ ARDINDAN G\\u00dcNE\\u015e Y\\u00dcZ\\u00dcN\\u00dc G\\u00d6STERD\\u0130. YERL\\u0130 VE YABANCI VATANDA\\u015eLAR; DEN\\u0130ZE G\\u0130REREK, SAH\\u0130LDE K\\u0130TAP OKUYARAK, G\\u00dcNE\\u015eLENEREK VE P\\u0130KN\\u0130K YAPARAK G\\u00dcZEL HAVANIN KEYF\\u0130N\\u0130 \\u00c7IKARDI. (FERAH VANLI - MUSTAFA B\\u00dcRGE\\\/ANTALYA-\\u0130HA)&quot;,&quot;created_timestamp&quot;:&quot;0&quot;,&quot;copyright&quot;:&quot;\\u0130HLAS HABER AJANSI, www.iha.com.tr&quot;,&quot;focal_length&quot;:&quot;0&quot;,&quot;iso&quot;:&quot;0&quot;,&quot;shutter_speed&quot;:&quot;0&quot;,&quot;title&quot;:&quot;ANTALYA\\u2019DA \\u015eUBAT AYINDA N\\u0130SAN HAVASI YA\\u015eANIYOR SICAK HAVAYI FIRSAT B\\u0130LEN VATANDA\\u015eLAR KONYAALTI SAH\\u0130L\\u0130NE AKIN ETT\\u0130&quot;,&quot;orientation&quot;:&quot;0&quot;}\" data-image-title=\"Antalya\u2019da \u015fubat ay\u0131nda nisan havas\u0131 ya\u015fan\u0131yor\" data-image-description=\"&lt;p&gt;Antalya\u2019da \u015fubat ay\u0131nda nisan havas\u0131 ya\u015fan\u0131yor&lt;\/p&gt; \" data-medium-file=\"https:\/\/i0.wp.com\/www.tvturk.com\/wp-content\/uploads\/2019\/02\/antalyada-subat-ayinda-nisan-havasi-yasaniyor_55a373a.jpg?fit=300%2C200\" data-large-file=\"https:\/\/i0.wp.com\/www.tvturk.com\/wp-content\/uploads\/2019\/02\/antalyada-subat-ayinda-nisan-havasi-yasaniyor_55a373a.jpg?fit=1000%2C666\" src=\"https:\/\/i0.wp.com\/www.tvturk.com\/wp-content\/uploads\/2019\/02\/antalyada-subat-ayinda-nisan-havasi-yasaniyor_55a373a.jpg?w=334&#038;h=223\" srcset=\"https:\/\/i0.wp.com\/www.tvturk.com\/wp-content\/uploads\/2019\/02\/antalyada-subat-ayinda-nisan-havasi-yasaniyor_55a373a.jpg?w=1000 1000w, https:\/\/i0.wp.com\/www.tvturk.com\/wp-content\/uploads\/2019\/02\/antalyada-subat-ayinda-nisan-havasi-yasaniyor_55a373a.jpg?resize=150%2C100 150w, https:\/\/i0.wp.com\/www.tvturk.com\/wp-content\/uploads\/2019\/02\/antalyada-subat-ayinda-nisan-havasi-yasaniyor_55a373a.jpg?resize=300%2C200 300w, https:\/\/i0.wp.com\/www.tvturk.com\/wp-content\/uploads\/2019\/02\/antalyada-subat-ayinda-nisan-havasi-yasaniyor_55a373a.jpg?resize=768%2C511 768w, https:\/\/i0.wp.com\/www.tvturk.com\/wp-content\/uploads\/2019\/02\/antalyada-subat-ayinda-nisan-havasi-yasaniyor_55a373a.jpg?resize=170%2C113 170w, https:\/\/i0.wp.com\/www.tvturk.com\/wp-content\/uploads\/2019\/02\/antalyada-subat-ayinda-nisan-havasi-yasaniyor_55a373a.jpg?resize=120%2C80 120w\" width=\"334\" height=\"223\" loading=\"lazy\" data-original-width=\"334\" data-original-height=\"223\" itemprop=\"http:\/\/schema.org\/image\" title=\"Antalya\u2019da \u015fubat ay\u0131nda nisan havas\u0131 ya\u015fan\u0131yor\" alt=\"Antalya\u2019da \u015fubat ay\u0131nda nisan havas\u0131 ya\u015fan\u0131yor\" style=\"width: 334px; height: 223px;\" \/> <\/a> <\/div> <\/div> <!-- close group --> <div class=\"gallery-group images-2\" style=\"width: 162px; height: 227px;\" data-original-width=\"162\" data-original-height=\"227\" > <div class=\"tiled-gallery-item tiled-gallery-item-small\" itemprop=\"associatedMedia\" itemscope itemtype=\"http:\/\/schema.org\/ImageObject\"> <a href=\"http:\/\/www.tvturk.com\/index.php\/antalyada-subat-ayinda-nisan-havasi-yasaniyor\/antalyada-subat-ayinda-nisan-havasi-yasaniyor-9\/\" border=\"0\" itemprop=\"url\"> <meta itemprop=\"width\" content=\"158\"> <meta itemprop=\"height\" content=\"114\"> <img decoding=\"async\" class=\"\" data-attachment-id=\"18300\" data-orig-file=\"http:\/\/www.tvturk.com\/wp-content\/uploads\/2019\/02\/antalyada-subat-ayinda-nisan-havasi-yasaniyor_876f3f0.jpg\" data-orig-size=\"1000,719\" data-comments-opened=\"\" data-image-meta=\"{&quot;aperture&quot;:&quot;0&quot;,&quot;credit&quot;:&quot;IHA&quot;,&quot;camera&quot;:&quot;&quot;,&quot;caption&quot;:&quot;ANTALYA\\u2019DA GE\\u00c7T\\u0130\\u011e\\u0130M\\u0130Z G\\u00dcNLERDE YA\\u015eANAN K\\u00d6T\\u00dc HAVA KO\\u015eULLARININ ARDINDAN G\\u00dcNE\\u015e Y\\u00dcZ\\u00dcN\\u00dc G\\u00d6STERD\\u0130. YERL\\u0130 VE YABANCI VATANDA\\u015eLAR; DEN\\u0130ZE G\\u0130REREK, SAH\\u0130LDE K\\u0130TAP OKUYARAK, G\\u00dcNE\\u015eLENEREK VE P\\u0130KN\\u0130K YAPARAK G\\u00dcZEL HAVANIN KEYF\\u0130N\\u0130 \\u00c7IKARDI. (FERAH VANLI - MUSTAFA B\\u00dcRGE\\\/ANTALYA-\\u0130HA)&quot;,&quot;created_timestamp&quot;:&quot;0&quot;,&quot;copyright&quot;:&quot;\\u0130HLAS HABER AJANSI, www.iha.com.tr&quot;,&quot;focal_length&quot;:&quot;0&quot;,&quot;iso&quot;:&quot;0&quot;,&quot;shutter_speed&quot;:&quot;0&quot;,&quot;title&quot;:&quot;ANTALYA\\u2019DA \\u015eUBAT AYINDA N\\u0130SAN HAVASI YA\\u015eANIYOR SICAK HAVAYI FIRSAT B\\u0130LEN VATANDA\\u015eLAR KONYAALTI SAH\\u0130L\\u0130NE AKIN ETT\\u0130&quot;,&quot;orientation&quot;:&quot;0&quot;}\" data-image-title=\"Antalya\u2019da \u015fubat ay\u0131nda nisan havas\u0131 ya\u015fan\u0131yor\" data-image-description=\"&lt;p&gt;Antalya\u2019da \u015fubat ay\u0131nda nisan havas\u0131 ya\u015fan\u0131yor&lt;\/p&gt; \" data-medium-file=\"https:\/\/i0.wp.com\/www.tvturk.com\/wp-content\/uploads\/2019\/02\/antalyada-subat-ayinda-nisan-havasi-yasaniyor_876f3f0.jpg?fit=300%2C216\" data-large-file=\"https:\/\/i0.wp.com\/www.tvturk.com\/wp-content\/uploads\/2019\/02\/antalyada-subat-ayinda-nisan-havasi-yasaniyor_876f3f0.jpg?fit=1000%2C719\" src=\"https:\/\/i0.wp.com\/www.tvturk.com\/wp-content\/uploads\/2019\/02\/antalyada-subat-ayinda-nisan-havasi-yasaniyor_876f3f0.jpg?w=158&#038;h=114\" srcset=\"https:\/\/i0.wp.com\/www.tvturk.com\/wp-content\/uploads\/2019\/02\/antalyada-subat-ayinda-nisan-havasi-yasaniyor_876f3f0.jpg?w=1000 1000w, https:\/\/i0.wp.com\/www.tvturk.com\/wp-content\/uploads\/2019\/02\/antalyada-subat-ayinda-nisan-havasi-yasaniyor_876f3f0.jpg?resize=150%2C108 150w, https:\/\/i0.wp.com\/www.tvturk.com\/wp-content\/uploads\/2019\/02\/antalyada-subat-ayinda-nisan-havasi-yasaniyor_876f3f0.jpg?resize=300%2C216 300w, https:\/\/i0.wp.com\/www.tvturk.com\/wp-content\/uploads\/2019\/02\/antalyada-subat-ayinda-nisan-havasi-yasaniyor_876f3f0.jpg?resize=768%2C552 768w\" width=\"158\" height=\"114\" loading=\"lazy\" data-original-width=\"158\" data-original-height=\"114\" itemprop=\"http:\/\/schema.org\/image\" title=\"Antalya\u2019da \u015fubat ay\u0131nda nisan havas\u0131 ya\u015fan\u0131yor\" alt=\"Antalya\u2019da \u015fubat ay\u0131nda nisan havas\u0131 ya\u015fan\u0131yor\" style=\"width: 158px; height: 114px;\" \/> <\/a> <\/div> <div class=\"tiled-gallery-item tiled-gallery-item-small\" itemprop=\"associatedMedia\" itemscope itemtype=\"http:\/\/schema.org\/ImageObject\"> <a href=\"http:\/\/www.tvturk.com\/index.php\/antalyada-subat-ayinda-nisan-havasi-yasaniyor\/antalyada-subat-ayinda-nisan-havasi-yasaniyor-10\/\" border=\"0\" itemprop=\"url\"> <meta itemprop=\"width\" content=\"158\"> <meta itemprop=\"height\" content=\"105\"> <img decoding=\"async\" class=\"\" data-attachment-id=\"18301\" data-orig-file=\"http:\/\/www.tvturk.com\/wp-content\/uploads\/2019\/02\/antalyada-subat-ayinda-nisan-havasi-yasaniyor_332245e.jpg\" data-orig-size=\"1000,666\" data-comments-opened=\"\" data-image-meta=\"{&quot;aperture&quot;:&quot;0&quot;,&quot;credit&quot;:&quot;IHA&quot;,&quot;camera&quot;:&quot;&quot;,&quot;caption&quot;:&quot;ANTALYA\\u2019DA GE\\u00c7T\\u0130\\u011e\\u0130M\\u0130Z G\\u00dcNLERDE YA\\u015eANAN K\\u00d6T\\u00dc HAVA KO\\u015eULLARININ ARDINDAN G\\u00dcNE\\u015e Y\\u00dcZ\\u00dcN\\u00dc G\\u00d6STERD\\u0130. YERL\\u0130 VE YABANCI VATANDA\\u015eLAR; DEN\\u0130ZE G\\u0130REREK, SAH\\u0130LDE K\\u0130TAP OKUYARAK, G\\u00dcNE\\u015eLENEREK VE P\\u0130KN\\u0130K YAPARAK G\\u00dcZEL HAVANIN KEYF\\u0130N\\u0130 \\u00c7IKARDI. (FERAH VANLI - MUSTAFA B\\u00dcRGE\\\/ANTALYA-\\u0130HA)&quot;,&quot;created_timestamp&quot;:&quot;0&quot;,&quot;copyright&quot;:&quot;\\u0130HLAS HABER AJANSI, www.iha.com.tr&quot;,&quot;focal_length&quot;:&quot;0&quot;,&quot;iso&quot;:&quot;0&quot;,&quot;shutter_speed&quot;:&quot;0&quot;,&quot;title&quot;:&quot;ANTALYA\\u2019DA \\u015eUBAT AYINDA N\\u0130SAN HAVASI YA\\u015eANIYOR SICAK HAVAYI FIRSAT B\\u0130LEN VATANDA\\u015eLAR KONYAALTI SAH\\u0130L\\u0130NE AKIN ETT\\u0130&quot;,&quot;orientation&quot;:&quot;0&quot;}\" data-image-title=\"Antalya\u2019da \u015fubat ay\u0131nda nisan havas\u0131 ya\u015fan\u0131yor\" data-image-description=\"&lt;p&gt;Antalya\u2019da \u015fubat ay\u0131nda nisan havas\u0131 ya\u015fan\u0131yor&lt;\/p&gt; \" data-medium-file=\"https:\/\/i0.wp.com\/www.tvturk.com\/wp-content\/uploads\/2019\/02\/antalyada-subat-ayinda-nisan-havasi-yasaniyor_332245e.jpg?fit=300%2C200\" data-large-file=\"https:\/\/i0.wp.com\/www.tvturk.com\/wp-content\/uploads\/2019\/02\/antalyada-subat-ayinda-nisan-havasi-yasaniyor_332245e.jpg?fit=1000%2C666\" src=\"https:\/\/i0.wp.com\/www.tvturk.com\/wp-content\/uploads\/2019\/02\/antalyada-subat-ayinda-nisan-havasi-yasaniyor_332245e.jpg?w=158&#038;h=105\" srcset=\"https:\/\/i0.wp.com\/www.tvturk.com\/wp-content\/uploads\/2019\/02\/antalyada-subat-ayinda-nisan-havasi-yasaniyor_332245e.jpg?w=1000 1000w, https:\/\/i0.wp.com\/www.tvturk.com\/wp-content\/uploads\/2019\/02\/antalyada-subat-ayinda-nisan-havasi-yasaniyor_332245e.jpg?resize=150%2C100 150w, https:\/\/i0.wp.com\/www.tvturk.com\/wp-content\/uploads\/2019\/02\/antalyada-subat-ayinda-nisan-havasi-yasaniyor_332245e.jpg?resize=300%2C200 300w, https:\/\/i0.wp.com\/www.tvturk.com\/wp-content\/uploads\/2019\/02\/antalyada-subat-ayinda-nisan-havasi-yasaniyor_332245e.jpg?resize=768%2C511 768w, https:\/\/i0.wp.com\/www.tvturk.com\/wp-content\/uploads\/2019\/02\/antalyada-subat-ayinda-nisan-havasi-yasaniyor_332245e.jpg?resize=170%2C113 170w, https:\/\/i0.wp.com\/www.tvturk.com\/wp-content\/uploads\/2019\/02\/antalyada-subat-ayinda-nisan-havasi-yasaniyor_332245e.jpg?resize=120%2C80 120w\" width=\"158\" height=\"105\" loading=\"lazy\" data-original-width=\"158\" data-original-height=\"105\" itemprop=\"http:\/\/schema.org\/image\" title=\"Antalya\u2019da \u015fubat ay\u0131nda nisan havas\u0131 ya\u015fan\u0131yor\" alt=\"Antalya\u2019da \u015fubat ay\u0131nda nisan havas\u0131 ya\u015fan\u0131yor\" style=\"width: 158px; height: 105px;\" \/> <\/a> <\/div> <\/div> <!-- close group --> <\/div> <!-- close row --> <div class=\"gallery-row\" style=\"width: 500px; height: 154px;\" data-original-width=\"500\" data-original-height=\"154\" > <div class=\"gallery-group images-1\" style=\"width: 229px; height: 154px;\" data-original-width=\"229\" data-original-height=\"154\" > <div class=\"tiled-gallery-item tiled-gallery-item-small\" itemprop=\"associatedMedia\" itemscope itemtype=\"http:\/\/schema.org\/ImageObject\"> <a href=\"http:\/\/www.tvturk.com\/index.php\/antalyada-subat-ayinda-nisan-havasi-yasaniyor\/antalyada-subat-ayinda-nisan-havasi-yasaniyor-11\/\" border=\"0\" itemprop=\"url\"> <meta itemprop=\"width\" content=\"225\"> <meta itemprop=\"height\" content=\"150\"> <img decoding=\"async\" class=\"\" data-attachment-id=\"18302\" data-orig-file=\"http:\/\/www.tvturk.com\/wp-content\/uploads\/2019\/02\/antalyada-subat-ayinda-nisan-havasi-yasaniyor_6f5f9aa.jpg\" data-orig-size=\"1000,666\" data-comments-opened=\"\" data-image-meta=\"{&quot;aperture&quot;:&quot;0&quot;,&quot;credit&quot;:&quot;IHA&quot;,&quot;camera&quot;:&quot;&quot;,&quot;caption&quot;:&quot;ANTALYA\\u2019DA GE\\u00c7T\\u0130\\u011e\\u0130M\\u0130Z G\\u00dcNLERDE YA\\u015eANAN K\\u00d6T\\u00dc HAVA KO\\u015eULLARININ ARDINDAN G\\u00dcNE\\u015e Y\\u00dcZ\\u00dcN\\u00dc G\\u00d6STERD\\u0130. YERL\\u0130 VE YABANCI VATANDA\\u015eLAR; DEN\\u0130ZE G\\u0130REREK, SAH\\u0130LDE K\\u0130TAP OKUYARAK, G\\u00dcNE\\u015eLENEREK VE P\\u0130KN\\u0130K YAPARAK G\\u00dcZEL HAVANIN KEYF\\u0130N\\u0130 \\u00c7IKARDI. (FERAH VANLI - MUSTAFA B\\u00dcRGE\\\/ANTALYA-\\u0130HA)&quot;,&quot;created_timestamp&quot;:&quot;0&quot;,&quot;copyright&quot;:&quot;\\u0130HLAS HABER AJANSI, www.iha.com.tr&quot;,&quot;focal_length&quot;:&quot;0&quot;,&quot;iso&quot;:&quot;0&quot;,&quot;shutter_speed&quot;:&quot;0&quot;,&quot;title&quot;:&quot;ANTALYA\\u2019DA \\u015eUBAT AYINDA N\\u0130SAN HAVASI YA\\u015eANIYOR SICAK HAVAYI FIRSAT B\\u0130LEN VATANDA\\u015eLAR KONYAALTI SAH\\u0130L\\u0130NE AKIN ETT\\u0130&quot;,&quot;orientation&quot;:&quot;0&quot;}\" data-image-title=\"Antalya\u2019da \u015fubat ay\u0131nda nisan havas\u0131 ya\u015fan\u0131yor\" data-image-description=\"&lt;p&gt;Antalya\u2019da \u015fubat ay\u0131nda nisan havas\u0131 ya\u015fan\u0131yor&lt;\/p&gt; \" data-medium-file=\"https:\/\/i0.wp.com\/www.tvturk.com\/wp-content\/uploads\/2019\/02\/antalyada-subat-ayinda-nisan-havasi-yasaniyor_6f5f9aa.jpg?fit=300%2C200\" data-large-file=\"https:\/\/i0.wp.com\/www.tvturk.com\/wp-content\/uploads\/2019\/02\/antalyada-subat-ayinda-nisan-havasi-yasaniyor_6f5f9aa.jpg?fit=1000%2C666\" src=\"https:\/\/i0.wp.com\/www.tvturk.com\/wp-content\/uploads\/2019\/02\/antalyada-subat-ayinda-nisan-havasi-yasaniyor_6f5f9aa.jpg?w=225&#038;h=150\" srcset=\"https:\/\/i0.wp.com\/www.tvturk.com\/wp-content\/uploads\/2019\/02\/antalyada-subat-ayinda-nisan-havasi-yasaniyor_6f5f9aa.jpg?w=1000 1000w, https:\/\/i0.wp.com\/www.tvturk.com\/wp-content\/uploads\/2019\/02\/antalyada-subat-ayinda-nisan-havasi-yasaniyor_6f5f9aa.jpg?resize=150%2C100 150w, https:\/\/i0.wp.com\/www.tvturk.com\/wp-content\/uploads\/2019\/02\/antalyada-subat-ayinda-nisan-havasi-yasaniyor_6f5f9aa.jpg?resize=300%2C200 300w, https:\/\/i0.wp.com\/www.tvturk.com\/wp-content\/uploads\/2019\/02\/antalyada-subat-ayinda-nisan-havasi-yasaniyor_6f5f9aa.jpg?resize=768%2C511 768w, https:\/\/i0.wp.com\/www.tvturk.com\/wp-content\/uploads\/2019\/02\/antalyada-subat-ayinda-nisan-havasi-yasaniyor_6f5f9aa.jpg?resize=170%2C113 170w, https:\/\/i0.wp.com\/www.tvturk.com\/wp-content\/uploads\/2019\/02\/antalyada-subat-ayinda-nisan-havasi-yasaniyor_6f5f9aa.jpg?resize=120%2C80 120w\" width=\"225\" height=\"150\" loading=\"lazy\" data-original-width=\"225\" data-original-height=\"150\" itemprop=\"http:\/\/schema.org\/image\" title=\"Antalya\u2019da \u015fubat ay\u0131nda nisan havas\u0131 ya\u015fan\u0131yor\" alt=\"Antalya\u2019da \u015fubat ay\u0131nda nisan havas\u0131 ya\u015fan\u0131yor\" style=\"width: 225px; height: 150px;\" \/> <\/a> <\/div> <\/div> <!-- close group --> <div class=\"gallery-group images-1\" style=\"width: 271px; height: 154px;\" data-original-width=\"271\" data-original-height=\"154\" > <div class=\"tiled-gallery-item tiled-gallery-item-large\" itemprop=\"associatedMedia\" itemscope itemtype=\"http:\/\/schema.org\/ImageObject\"> <a href=\"http:\/\/www.tvturk.com\/index.php\/antalyada-subat-ayinda-nisan-havasi-yasaniyor\/antalyada-subat-ayinda-nisan-havasi-yasaniyor-12\/\" border=\"0\" itemprop=\"url\"> <meta itemprop=\"width\" content=\"267\"> <meta itemprop=\"height\" content=\"150\"> <img decoding=\"async\" class=\"\" data-attachment-id=\"18303\" data-orig-file=\"http:\/\/www.tvturk.com\/wp-content\/uploads\/2019\/02\/antalyada-subat-ayinda-nisan-havasi-yasaniyor_e3a5f46.jpg\" data-orig-size=\"1000,562\" data-comments-opened=\"\" data-image-meta=\"{&quot;aperture&quot;:&quot;0&quot;,&quot;credit&quot;:&quot;IHA&quot;,&quot;camera&quot;:&quot;&quot;,&quot;caption&quot;:&quot;ANTALYA\\u2019DA GE\\u00c7T\\u0130\\u011e\\u0130M\\u0130Z G\\u00dcNLERDE YA\\u015eANAN K\\u00d6T\\u00dc HAVA KO\\u015eULLARININ ARDINDAN G\\u00dcNE\\u015e Y\\u00dcZ\\u00dcN\\u00dc G\\u00d6STERD\\u0130. YERL\\u0130 VE YABANCI VATANDA\\u015eLAR; DEN\\u0130ZE G\\u0130REREK, SAH\\u0130LDE K\\u0130TAP OKUYARAK, G\\u00dcNE\\u015eLENEREK VE P\\u0130KN\\u0130K YAPARAK G\\u00dcZEL HAVANIN KEYF\\u0130N\\u0130 \\u00c7IKARDI. (FERAH VANLI - MUSTAFA B\\u00dcRGE\\\/ANTALYA-\\u0130HA)&quot;,&quot;created_timestamp&quot;:&quot;0&quot;,&quot;copyright&quot;:&quot;\\u0130HLAS HABER AJANSI, www.iha.com.tr&quot;,&quot;focal_length&quot;:&quot;0&quot;,&quot;iso&quot;:&quot;0&quot;,&quot;shutter_speed&quot;:&quot;0&quot;,&quot;title&quot;:&quot;ANTALYA\\u2019DA \\u015eUBAT AYINDA N\\u0130SAN HAVASI YA\\u015eANIYOR SICAK HAVAYI FIRSAT B\\u0130LEN VATANDA\\u015eLAR KONYAALTI SAH\\u0130L\\u0130NE AKIN ETT\\u0130&quot;,&quot;orientation&quot;:&quot;0&quot;}\" data-image-title=\"Antalya\u2019da \u015fubat ay\u0131nda nisan havas\u0131 ya\u015fan\u0131yor\" data-image-description=\"&lt;p&gt;Antalya\u2019da \u015fubat ay\u0131nda nisan havas\u0131 ya\u015fan\u0131yor&lt;\/p&gt; \" data-medium-file=\"https:\/\/i0.wp.com\/www.tvturk.com\/wp-content\/uploads\/2019\/02\/antalyada-subat-ayinda-nisan-havasi-yasaniyor_e3a5f46.jpg?fit=300%2C169\" data-large-file=\"https:\/\/i0.wp.com\/www.tvturk.com\/wp-content\/uploads\/2019\/02\/antalyada-subat-ayinda-nisan-havasi-yasaniyor_e3a5f46.jpg?fit=1000%2C562\" src=\"https:\/\/i0.wp.com\/www.tvturk.com\/wp-content\/uploads\/2019\/02\/antalyada-subat-ayinda-nisan-havasi-yasaniyor_e3a5f46.jpg?w=267&#038;h=150\" srcset=\"https:\/\/i0.wp.com\/www.tvturk.com\/wp-content\/uploads\/2019\/02\/antalyada-subat-ayinda-nisan-havasi-yasaniyor_e3a5f46.jpg?w=1000 1000w, https:\/\/i0.wp.com\/www.tvturk.com\/wp-content\/uploads\/2019\/02\/antalyada-subat-ayinda-nisan-havasi-yasaniyor_e3a5f46.jpg?resize=150%2C84 150w, https:\/\/i0.wp.com\/www.tvturk.com\/wp-content\/uploads\/2019\/02\/antalyada-subat-ayinda-nisan-havasi-yasaniyor_e3a5f46.jpg?resize=300%2C169 300w, https:\/\/i0.wp.com\/www.tvturk.com\/wp-content\/uploads\/2019\/02\/antalyada-subat-ayinda-nisan-havasi-yasaniyor_e3a5f46.jpg?resize=768%2C432 768w, https:\/\/i0.wp.com\/www.tvturk.com\/wp-content\/uploads\/2019\/02\/antalyada-subat-ayinda-nisan-havasi-yasaniyor_e3a5f46.jpg?resize=200%2C113 200w\" width=\"267\" height=\"150\" loading=\"lazy\" data-original-width=\"267\" data-original-height=\"150\" itemprop=\"http:\/\/schema.org\/image\" title=\"Antalya\u2019da \u015fubat ay\u0131nda nisan havas\u0131 ya\u015fan\u0131yor\" alt=\"Antalya\u2019da \u015fubat ay\u0131nda nisan havas\u0131 ya\u015fan\u0131yor\" style=\"width: 267px; height: 150px;\" \/> <\/a> <\/div> <\/div> <!-- close group --> <\/div> <!-- close row --> <\/div><\/p>\n","protected":false},"excerpt":{"rendered":"<p>ANTALYA\u2019DA GE\u00c7T\u0130\u011e\u0130M\u0130Z G\u00dcNLERDE YA\u015eANAN K\u00d6T\u00dc HAVA KO\u015eULLARININ ARDINDAN G\u00dcNE\u015e Y\u00dcZ\u00dcN\u00dc G\u00d6STERD\u0130. YERL\u0130 VE YABANCI VATANDA\u015eLAR; DEN\u0130ZE G\u0130REREK, SAH\u0130LDE K\u0130TAP OKUYARAK, G\u00dcNE\u015eLENEREK VE P\u0130KN\u0130K YAPARAK G\u00dcZEL HAVANIN KEYF\u0130N\u0130 \u00c7IKARDI.<\/p>\n","protected":false},"author":1,"featured_media":18293,"comment_status":"closed","ping_status":"open","sticky":false,"template":"","format":"standard","meta":{"jetpack_post_was_ever_published":false,"_jetpack_newsletter_access":"","_jetpack_dont_email_post_to_subs":false,"_jetpack_newsletter_tier_id":0,"_jetpack_memberships_contains_paywalled_content":false,"_jetpack_memberships_contains_paid_content":false,"footnotes":"","jetpack_publicize_message":"","jetpack_publicize_feature_enabled":true,"jetpack_social_post_already_shared":false,"jetpack_social_options":{"image_generator_settings":{"template":"highway","default_image_id":0,"font":"","enabled":false},"version":2}},"categories":[655],"tags":[1327,211,5203,8366,82,184],"class_list":["post-18292","post","type-post","status-publish","format-standard","has-post-thumbnail","hentry","category-son-dakika","tag-antalyada","tag-ayinda","tag-havasi","tag-nisan","tag-subat","tag-yasaniyor"],"jetpack_publicize_connections":[],"jetpack_featured_media_url":"https:\/\/i0.wp.com\/www.tvturk.com\/wp-content\/uploads\/2019\/02\/antalyada-subat-ayinda-nisan-havasi-yasaniyor_e990583.jpg?fit=1000%2C562","jetpack_sharing_enabled":true,"jetpack_shortlink":"https:\/\/wp.me\/paKIfm-4L2","_links":{"self":[{"href":"http:\/\/www.tvturk.com\/index.php\/wp-json\/wp\/v2\/posts\/18292","targetHints":{"allow":["GET"]}}],"collection":[{"href":"http:\/\/www.tvturk.com\/index.php\/wp-json\/wp\/v2\/posts"}],"about":[{"href":"http:\/\/www.tvturk.com\/index.php\/wp-json\/wp\/v2\/types\/post"}],"author":[{"embeddable":true,"href":"http:\/\/www.tvturk.com\/index.php\/wp-json\/wp\/v2\/users\/1"}],"replies":[{"embeddable":true,"href":"http:\/\/www.tvturk.com\/index.php\/wp-json\/wp\/v2\/comments?post=18292"}],"version-history":[{"count":1,"href":"http:\/\/www.tvturk.com\/index.php\/wp-json\/wp\/v2\/posts\/18292\/revisions"}],"predecessor-version":[{"id":18304,"href":"http:\/\/www.tvturk.com\/index.php\/wp-json\/wp\/v2\/posts\/18292\/revisions\/18304"}],"wp:featuredmedia":[{"embeddable":true,"href":"http:\/\/www.tvturk.com\/index.php\/wp-json\/wp\/v2\/media\/18293"}],"wp:attachment":[{"href":"http:\/\/www.tvturk.com\/index.php\/wp-json\/wp\/v2\/media?parent=18292"}],"wp:term":[{"taxonomy":"category","embeddable":true,"href":"http:\/\/www.tvturk.com\/index.php\/wp-json\/wp\/v2\/categories?post=18292"},{"taxonomy":"post_tag","embeddable":true,"href":"http:\/\/www.tvturk.com\/index.php\/wp-json\/wp\/v2\/tags?post=18292"}],"curies":[{"name":"wp","href":"https:\/\/api.w.org\/{rel}","templated":true}]}}