{"id":182920,"date":"2019-07-16T18:31:51","date_gmt":"2019-07-16T15:31:51","guid":{"rendered":"http:\/\/www.tvturk.com\/index.php\/pakistan-genelkurmay-baskani-hayat-bakan-akari-ziyaret-etti\/"},"modified":"2019-07-16T18:31:51","modified_gmt":"2019-07-16T15:31:51","slug":"pakistan-genelkurmay-baskani-hayat-bakan-akari-ziyaret-etti","status":"publish","type":"post","link":"http:\/\/www.tvturk.com\/index.php\/pakistan-genelkurmay-baskani-hayat-bakan-akari-ziyaret-etti\/","title":{"rendered":"Pakistan Genelkurmay Ba\u015fkan\u0131 Hayat, Bakan Akar\u2019\u0131 ziyaret etti"},"content":{"rendered":"<p>Pakistan Genelkurmay Ba\u015fkan\u0131 Zubair Mahmud Hayat, Milli Savunma Bakan\u0131 Hulusi Akar\u2019\u0131 ziyaret etti.<\/p>\n<p>Genelkurmay Ba\u015fkan\u0131 Ya\u015far G\u00fcler\u2019in davetlisi olarak Ankara\u2019da bulunan Pakistan Genelkurmay Ba\u015fkan\u0131 Zubair Mahmud Hayat, Milli Savunma Bakan\u0131 Hulusi Akar\u2019\u0131 ziyaret etti. G\u00f6r\u00fc\u015fmede Genelkurmay Ba\u015fkan\u0131 Ya\u015far G\u00fcler de yer ald\u0131.<\/p>\n","protected":false},"excerpt":{"rendered":"<p>PAK\u0130STAN GENELKURMAY BA\u015eKANI ZUBA\u0130R MAHMUD HAYAT, M\u0130LL\u0130 SAVUNMA BAKANI HULUS\u0130 AKAR&#8217;I Z\u0130YARET ETT\u0130.<\/p>\n","protected":false},"author":1,"featured_media":182921,"comment_status":"closed","ping_status":"open","sticky":false,"template":"","format":"standard","meta":{"jetpack_post_was_ever_published":false,"_jetpack_newsletter_access":"","_jetpack_dont_email_post_to_subs":false,"_jetpack_newsletter_tier_id":0,"_jetpack_memberships_contains_paywalled_content":false,"_jetpack_memberships_contains_paid_content":false,"footnotes":"","jetpack_publicize_message":"","jetpack_publicize_feature_enabled":true,"jetpack_social_post_already_shared":true,"jetpack_social_options":{"image_generator_settings":{"template":"highway","default_image_id":0,"font":"","enabled":false},"version":2}},"categories":[1],"tags":[18758,742,216,207,8673,606,11727,150],"class_list":["post-182920","post","type-post","status-publish","format-standard","has-post-thumbnail","hentry","category-genel","tag-akari","tag-bakan","tag-baskani","tag-etti","tag-genelkurmay","tag-hayat","tag-pakistan","tag-ziyaret"],"jetpack_publicize_connections":[],"jetpack_featured_media_url":"https:\/\/i0.wp.com\/www.tvturk.com\/wp-content\/uploads\/2019\/07\/pakistan-genelkurmay-baskani-hayat-bakan-akari-ziyaret-etti_94baaf3.jpg?fit=900%2C600","jetpack_sharing_enabled":true,"jetpack_shortlink":"https:\/\/wp.me\/paKIfm-LAk","_links":{"self":[{"href":"http:\/\/www.tvturk.com\/index.php\/wp-json\/wp\/v2\/posts\/182920","targetHints":{"allow":["GET"]}}],"collection":[{"href":"http:\/\/www.tvturk.com\/index.php\/wp-json\/wp\/v2\/posts"}],"about":[{"href":"http:\/\/www.tvturk.com\/index.php\/wp-json\/wp\/v2\/types\/post"}],"author":[{"embeddable":true,"href":"http:\/\/www.tvturk.com\/index.php\/wp-json\/wp\/v2\/users\/1"}],"replies":[{"embeddable":true,"href":"http:\/\/www.tvturk.com\/index.php\/wp-json\/wp\/v2\/comments?post=182920"}],"version-history":[{"count":0,"href":"http:\/\/www.tvturk.com\/index.php\/wp-json\/wp\/v2\/posts\/182920\/revisions"}],"wp:featuredmedia":[{"embeddable":true,"href":"http:\/\/www.tvturk.com\/index.php\/wp-json\/wp\/v2\/media\/182921"}],"wp:attachment":[{"href":"http:\/\/www.tvturk.com\/index.php\/wp-json\/wp\/v2\/media?parent=182920"}],"wp:term":[{"taxonomy":"category","embeddable":true,"href":"http:\/\/www.tvturk.com\/index.php\/wp-json\/wp\/v2\/categories?post=182920"},{"taxonomy":"post_tag","embeddable":true,"href":"http:\/\/www.tvturk.com\/index.php\/wp-json\/wp\/v2\/tags?post=182920"}],"curies":[{"name":"wp","href":"https:\/\/api.w.org\/{rel}","templated":true}]}}