{"id":182930,"date":"2019-07-16T20:17:11","date_gmt":"2019-07-16T17:17:11","guid":{"rendered":"http:\/\/www.tvturk.com\/index.php\/altin-kiz-balkan-sampiyonu-oldu\/"},"modified":"2019-07-16T20:17:11","modified_gmt":"2019-07-16T17:17:11","slug":"altin-kiz-balkan-sampiyonu-oldu","status":"publish","type":"post","link":"http:\/\/www.tvturk.com\/index.php\/altin-kiz-balkan-sampiyonu-oldu\/","title":{"rendered":"Alt\u0131n K\u0131z Balkan \u015eampiyonu oldu"},"content":{"rendered":"<p>K\u00fctahya\u2019n\u0131n son y\u0131llarda yeti\u015ftirdi\u011fi en ba\u015far\u0131l\u0131 sporcular aras\u0131nda bulunan Hacer Y\u0131lmaz, bu y\u0131l \u0130stanbul\u2019da d\u00fczenlenen U18 Balkan \u015eampiyonas\u0131\u2019nda 1500 metre bayanlarda birincilik olarak kariyerinde ilk uluslararas\u0131 \u015fampiyonada birincili\u011fini de elde etmi\u015f oldu.<\/p>\n<p>K\u00fctahya\u2019n\u0131n son y\u0131llarda yeti\u015ftirdi\u011fi en ba\u015far\u0131l\u0131 sporcular aras\u0131nda bulunan Hacer Y\u0131lmaz, bu y\u0131l \u0130stanbul\u2019da d\u00fczenlenen U18 Balkan \u015eampiyonas\u0131nda 1500 metre bayanlarda birincilik olarak kariyerinde ilk kez uluslararas\u0131 yar\u0131\u015fmada alt\u0131n madalya elde etti. Son y\u0131llarda kat\u0131ld\u0131\u011f\u0131 yar\u0131\u015fmalarda elde etti\u011fi ba\u015far\u0131lar ile gelece\u011fin sporcular\u0131 aras\u0131nda yer alan Y\u0131lmaz\u2019\u0131n \u015fimdiki hedefi ise Avrupa \u015eampiyonlu\u011fu ve Olimpiyatlar.<\/p>\n<p>Milli tak\u0131m formas\u0131 ile daha \u00f6nce kat\u0131ld\u0131\u011f\u0131 yar\u0131\u015fmalarda derece edemedi\u011fi i\u00e7in heyecan oldu\u011funu s\u00f6yleyen milli atlet Hacer Y\u0131lmaz, &#8220;Yar\u0131\u015fmaya kat\u0131l\u0131rken ben \u00e7ok heyecanl\u0131yd\u0131m \u00e7\u00fcnk\u00fc, daha \u00f6nce 9 milli tak\u0131m m\u00fcsabakas\u0131nda derece elde edememi\u015ftim. Art\u0131k istiyordum madalya almay\u0131 ve birincilik parolas\u0131 ile piste \u00e7\u0131kt\u0131m. Zaten rakiplerimin de bir derece i\u00e7in de\u011fil hepimiz kazanmak i\u00e7in ko\u015ftuk. Yar\u0131\u015f\u0131n 400 metresinde ata\u011fa kalkarak birincilik ile bitirdim. \u00c7ok mutluyum elde etmi\u015f oldu\u011fum derece i\u00e7in. G\u00fczel bir s\u00fcre\u00e7ten ge\u00e7tim \u00e7al\u0131\u015fmalar\u0131m\u0131z\u0131 sabah ak\u015fam \u015feklinde g\u00fcnde 2 antrenman yapt\u0131k. Hedefliyorduk ve bu ba\u015fard\u0131k kendimizi daha ileriye g\u00f6t\u00fcrebilece\u011fimizi g\u00f6rd\u00fck. \u015eimdide hedeflerimizi bir \u00fcst ba\u015far\u0131lar olan Avrupa \u015eampiyonas\u0131na ve Olimpiyatlara olarak belirledik. \u0130lk k\u00fcrs\u00fcye \u00e7\u0131kamam T\u00fcrkiye \u015fampiyonas\u0131nda olmu\u015ftu her k\u00fcrs\u00fcye \u00e7\u0131kamam da kendimi bir ileri hedef koyuyorum ve kendimi ona g\u00f6re haz\u0131rl\u0131yorum. \u00d6n\u00fcm\u00fczde ki Aral\u0131k ay\u0131nda Avrupa Kross \u015fampiyonas\u0131 var, piste oranla \u00e7ok daha zor bir haz\u0131rl\u0131k s\u00fcreci bizi bekliyor ancak ben en iyi \u015fekilde haz\u0131rl\u0131klar\u0131m\u0131z\u0131 tamamlay\u0131p orada da \u015fampiyon olmak istiyorum&#8221; dedi.<\/p>\n<p>Hacer\u2019in ald\u0131\u011f\u0131 derecen dolay\u0131 mutlu olduklar\u0131n\u0131 s\u00f6yleyen Atletizm Milli Tak\u0131m Antren\u00f6r\u00fc \u0130dris G\u00fcle\u00e7 ise, &#8220;Bizim i\u00e7in \u00e7ok g\u00fczel bir duyguydu. A\u00e7\u0131k\u00e7as\u0131 bunu bekliyorduk ve istiyorduk, \u00e7\u00fcnk\u00fc sporcumuz son 6 y\u0131lda kat\u0131ld\u0131\u011f\u0131 \u015fampiyonalarda T\u00fcrkiye birincili\u011fi ve bir \u00e7ok ikincilik elde etti. Art\u0131k son 2 sene i\u00e7erisinde de 9 tane uluslararas\u0131 m\u00fcsabakaya kat\u0131ld\u0131 ve bu m\u00fcsabakalardan elimiz bo\u015f d\u00f6nm\u00fc\u015ft\u00fck. Her seferinde kendimizi geli\u015ftiriyorduk, derecelerimiz daha iyi duruma geliyordu. Bu sefer bu Alt\u0131n madalyay\u0131 istiyorduk ve ald\u0131k bu sonu\u00e7ta biz gurur verdi. Zaten biz sporcumuz Hacer ile birlikte kendimize basamak basamak bir yol haritas\u0131 \u00e7izdik. \u00c7ok \u015f\u00fck\u00fcr balkan \u015fampiyonlu\u011funu ya\u015fad\u0131k \u015fimdide s\u0131rada Avrupa \u015eampiyonas\u0131 ard\u0131ndan da D\u00fcnya ve Olimpiyatlar olarak kendimizi geli\u015ftirmek istiyoruz.&#8221; ifadelerini kulland\u0131.<\/p>\n","protected":false},"excerpt":{"rendered":"<p>K\u00dcTAHYA\u2019NIN SON YILLARDA YET\u0130\u015eT\u0130RD\u0130\u011e\u0130 EN BA\u015eARILI SPORCULAR ARASINDA BULUNAN HACER YILMAZ, BU YIL \u0130STANBUL&#8217;DA D\u00dcZENLENEN U18 BALKAN \u015eAMP\u0130YONASINDA 1500 METRE BAYANLARDA B\u0130R\u0130NC\u0130L\u0130K OLARAK KAR\u0130YER\u0130NDE \u0130LK ULUSLARARASI \u015eAMP\u0130YONADA B\u0130R\u0130NC\u0130L\u0130\u011e\u0130N\u0130 DE ELDE ETM\u0130\u015e OLDU.<\/p>\n","protected":false},"author":1,"featured_media":182931,"comment_status":"closed","ping_status":"open","sticky":false,"template":"","format":"standard","meta":{"jetpack_post_was_ever_published":false,"_jetpack_newsletter_access":"","_jetpack_dont_email_post_to_subs":false,"_jetpack_newsletter_tier_id":0,"_jetpack_memberships_contains_paywalled_content":false,"_jetpack_memberships_contains_paid_content":false,"footnotes":"","jetpack_publicize_message":"","jetpack_publicize_feature_enabled":true,"jetpack_social_post_already_shared":true,"jetpack_social_options":{"image_generator_settings":{"template":"highway","default_image_id":0,"font":"","enabled":false},"version":2}},"categories":[657],"tags":[596,10049,4200,77,2415],"class_list":["post-182930","post","type-post","status-publish","format-standard","has-post-thumbnail","hentry","category-spor","tag-altin","tag-balkan","tag-kiz","tag-oldu","tag-sampiyonu"],"jetpack_publicize_connections":[],"jetpack_featured_media_url":"https:\/\/i0.wp.com\/www.tvturk.com\/wp-content\/uploads\/2019\/07\/altin-kiz-balkan-sampiyonu-oldu_dd2a5d9.jpg?fit=1000%2C563","jetpack_sharing_enabled":true,"jetpack_shortlink":"https:\/\/wp.me\/paKIfm-LAu","_links":{"self":[{"href":"http:\/\/www.tvturk.com\/index.php\/wp-json\/wp\/v2\/posts\/182930","targetHints":{"allow":["GET"]}}],"collection":[{"href":"http:\/\/www.tvturk.com\/index.php\/wp-json\/wp\/v2\/posts"}],"about":[{"href":"http:\/\/www.tvturk.com\/index.php\/wp-json\/wp\/v2\/types\/post"}],"author":[{"embeddable":true,"href":"http:\/\/www.tvturk.com\/index.php\/wp-json\/wp\/v2\/users\/1"}],"replies":[{"embeddable":true,"href":"http:\/\/www.tvturk.com\/index.php\/wp-json\/wp\/v2\/comments?post=182930"}],"version-history":[{"count":0,"href":"http:\/\/www.tvturk.com\/index.php\/wp-json\/wp\/v2\/posts\/182930\/revisions"}],"wp:featuredmedia":[{"embeddable":true,"href":"http:\/\/www.tvturk.com\/index.php\/wp-json\/wp\/v2\/media\/182931"}],"wp:attachment":[{"href":"http:\/\/www.tvturk.com\/index.php\/wp-json\/wp\/v2\/media?parent=182930"}],"wp:term":[{"taxonomy":"category","embeddable":true,"href":"http:\/\/www.tvturk.com\/index.php\/wp-json\/wp\/v2\/categories?post=182930"},{"taxonomy":"post_tag","embeddable":true,"href":"http:\/\/www.tvturk.com\/index.php\/wp-json\/wp\/v2\/tags?post=182930"}],"curies":[{"name":"wp","href":"https:\/\/api.w.org\/{rel}","templated":true}]}}