{"id":182936,"date":"2019-07-16T21:31:49","date_gmt":"2019-07-16T18:31:49","guid":{"rendered":"http:\/\/www.tvturk.com\/index.php\/izne-cikiyorsunuz-dediler-fabrikayi-kapattilar\/"},"modified":"2019-07-16T21:31:49","modified_gmt":"2019-07-16T18:31:49","slug":"izne-cikiyorsunuz-dediler-fabrikayi-kapattilar","status":"publish","type":"post","link":"http:\/\/www.tvturk.com\/index.php\/izne-cikiyorsunuz-dediler-fabrikayi-kapattilar\/","title":{"rendered":"\u2019\u0130zne \u00e7\u0131k\u0131yorsunuz\u2019 dediler, fabrikay\u0131 kapatt\u0131lar"},"content":{"rendered":"<p>Bursa\u2019da izne \u00e7\u0131kt\u0131\u011f\u0131n\u0131 sanan i\u015f\u00e7iler, fabrikan\u0131n kapat\u0131ld\u0131\u011f\u0131n\u0131 anlay\u0131nca maa\u015flar\u0131n\u0131 ve tazminatlar\u0131n\u0131 alabilmek i\u00e7in eylem yapt\u0131.<\/p>\n<p>Bursa\u2019n\u0131n Kestel il\u00e7esinde bulunan tekstil fabrikas\u0131 1 Haziran\u2019da kapat\u0131ld\u0131. \u0130zne \u00e7\u0131kt\u0131\u011f\u0131n\u0131 sanan i\u015f\u00e7iler, maa\u015flar\u0131n\u0131 ve tazminatlar\u0131n\u0131 alamayacaklar\u0131n\u0131 anlay\u0131nca fabrika \u00f6n\u00fcnde eylem yapt\u0131. TEKS\u0130F Sendikas\u0131\u2019n\u0131n d\u00fczenledi\u011fi eyleme \u00e7ok say\u0131da i\u015f\u00e7i kat\u0131l\u0131rken, bir i\u015f\u00e7inin de eyleme bebe\u011fiyle kat\u0131lmas\u0131 dikkat \u00e7ekti. Bursa TEKS\u0130F \u015eube Sekreteri Hakan Umutkan, &#8220;Bizim buradaki s\u0131k\u0131nt\u0131m\u0131z, 1 seneden 20 seneye kadar \u00e7al\u0131\u015fan arkada\u015flar\u0131m\u0131z\u0131n tazminatlar\u0131n\u0131n i\u00e7eride olmas\u0131d\u0131r. Patrona randevu talep ediyoruz ama bir t\u00fcrl\u00fc ula\u015fam\u0131yoruz. \u015eu anda burada muhatab\u0131m\u0131z yok. A\u015f\u0131\u011f\u0131 yukar\u0131 toplamda 130 ma\u011fdur arkada\u015f\u0131m\u0131z var. B\u00fct\u00fcn arkada\u015flar\u0131m\u0131z\u0131n kira borcu var. Kredi kart\u0131 bor\u00e7lar\u0131 birikti. Ne maa\u015flar\u0131n\u0131 alabildiler ne de tazminatlar\u0131yla ilgili bir \u00f6deme plan\u0131 sunuldu. Fabrika kapan\u0131\u015fla ilgili hi\u00e7bir bilgi vermedi. Sadece i\u015flerinin iyi olmad\u0131\u011f\u0131n\u0131 s\u00f6ylediler. Yo\u011fun bir sipari\u015f gelecek dediler. Bizi burada kand\u0131rd\u0131lar. Arkada\u015flar\u0131m\u0131z\u0131 Hindistan\u2019da bulunan Alman patron ma\u011fdur etti. Burada \u00e7ocu\u011fuyla gelen insanlar var. Yaz\u0131k g\u00fcnah bu insanlara&#8221; dedi.<\/p>\n<p>Eyleme \u00e7ocu\u011fuyla kat\u0131lan ve 4 y\u0131l\u0131 a\u015fk\u0131n s\u00fcredir fabrikada \u00e7al\u0131\u015fan i\u015f\u00e7i Nil\u00fcfer K\u00f6\u015felio\u011flu ise, &#8220;Ben hak etti\u011fim param\u0131 almak i\u00e7in \u00e7ocu\u011fumla sokaklara d\u00fc\u015ft\u00fcm. \u00c7ocu\u011fuma s\u00fct alacak param kalmad\u0131. Kar\u015f\u0131m\u0131zda bir muhatap bulam\u0131yoruz. Buraya gelip, gidiyoruz. O kadar yol paras\u0131 harc\u0131yoruz bize kimse a\u00e7\u0131klama yapm\u0131yor. B\u00fct\u00fcn yetkililerden yard\u0131m istiyoruz&#8221; diye konu\u015ftu.<\/p>\n<p>E\u015fini kaybeden ve iki \u00e7ocu\u011funa tek ba\u015f\u0131na bakmak zorunda olan i\u015f\u00e7i Zeynep Y\u0131lmaz ise, &#8220;Ben e\u015fimi kaybettim ve ikizlerim var. Hak etti\u011fim paray\u0131 alam\u0131yorum. Evimde huzur kalmad\u0131. \u0130ki \u00e7ocu\u011fuma bakmak zorunday\u0131m. \u0130\u015fsizlik maa\u015f\u0131 da alam\u0131yoruz. Onun da ne oldu\u011fu belli de\u011fil. Ben sendikaya gidebilmek i\u00e7in kom\u015fular\u0131mdan para ald\u0131m. Biz y\u0131ll\u0131k izine diye \u00e7\u0131kart\u0131ld\u0131k. Buraya i\u015f ba\u015f\u0131 yapmak i\u00e7in geldi\u011fimiz zaman kap\u0131n\u0131n \u00f6n\u00fcne koyulduk. Hi\u00e7bir a\u00e7\u0131klama yapmad\u0131lar. Biz bunu mu hak ediyoruz? Benim yetimlerimin hakk\u0131n\u0131 yiyene Allah bunun hesab\u0131n\u0131 sorsun&#8221; \u015feklinde konu\u015ftu.<\/p>\n<p>\u0130\u015f\u00e7iler haklar\u0131n\u0131 alana kadar eylemlerine devam edeceklerini a\u00e7\u0131klad\u0131.<\/p>\n","protected":false},"excerpt":{"rendered":"<p>BURSA\u2019DA \u0130ZNE \u00c7IKTI\u011eINI SANAN \u0130\u015e\u00c7\u0130LER, FABR\u0130KANIN KAPATILDI\u011eINI ANLAYINCA MAA\u015eLARINI VE TAZM\u0130NATLARINI ALAB\u0130LMEK \u0130\u00c7\u0130N EYLEM YAPTI.<\/p>\n","protected":false},"author":1,"featured_media":182937,"comment_status":"closed","ping_status":"open","sticky":false,"template":"","format":"standard","meta":{"jetpack_post_was_ever_published":false,"_jetpack_newsletter_access":"","_jetpack_dont_email_post_to_subs":false,"_jetpack_newsletter_tier_id":0,"_jetpack_memberships_contains_paywalled_content":false,"_jetpack_memberships_contains_paid_content":false,"footnotes":"","jetpack_publicize_message":"","jetpack_publicize_feature_enabled":true,"jetpack_social_post_already_shared":true,"jetpack_social_options":{"image_generator_settings":{"template":"highway","default_image_id":0,"font":"","enabled":false},"version":2}},"categories":[1],"tags":[45177,2599,34544,8669,44140],"class_list":["post-182936","post","type-post","status-publish","format-standard","has-post-thumbnail","hentry","category-genel","tag-cikiyorsunuz","tag-dediler","tag-fabrikayi","tag-izne","tag-kapattilar"],"jetpack_publicize_connections":[],"jetpack_featured_media_url":"https:\/\/i0.wp.com\/www.tvturk.com\/wp-content\/uploads\/2019\/07\/izne-cikiyorsunuz-dediler-fabrikayi-kapattilar_22f4556.jpg?fit=1000%2C750","jetpack_sharing_enabled":true,"jetpack_shortlink":"https:\/\/wp.me\/paKIfm-LAA","_links":{"self":[{"href":"http:\/\/www.tvturk.com\/index.php\/wp-json\/wp\/v2\/posts\/182936","targetHints":{"allow":["GET"]}}],"collection":[{"href":"http:\/\/www.tvturk.com\/index.php\/wp-json\/wp\/v2\/posts"}],"about":[{"href":"http:\/\/www.tvturk.com\/index.php\/wp-json\/wp\/v2\/types\/post"}],"author":[{"embeddable":true,"href":"http:\/\/www.tvturk.com\/index.php\/wp-json\/wp\/v2\/users\/1"}],"replies":[{"embeddable":true,"href":"http:\/\/www.tvturk.com\/index.php\/wp-json\/wp\/v2\/comments?post=182936"}],"version-history":[{"count":0,"href":"http:\/\/www.tvturk.com\/index.php\/wp-json\/wp\/v2\/posts\/182936\/revisions"}],"wp:featuredmedia":[{"embeddable":true,"href":"http:\/\/www.tvturk.com\/index.php\/wp-json\/wp\/v2\/media\/182937"}],"wp:attachment":[{"href":"http:\/\/www.tvturk.com\/index.php\/wp-json\/wp\/v2\/media?parent=182936"}],"wp:term":[{"taxonomy":"category","embeddable":true,"href":"http:\/\/www.tvturk.com\/index.php\/wp-json\/wp\/v2\/categories?post=182936"},{"taxonomy":"post_tag","embeddable":true,"href":"http:\/\/www.tvturk.com\/index.php\/wp-json\/wp\/v2\/tags?post=182936"}],"curies":[{"name":"wp","href":"https:\/\/api.w.org\/{rel}","templated":true}]}}