{"id":182942,"date":"2019-07-16T22:16:37","date_gmt":"2019-07-16T19:16:37","guid":{"rendered":"http:\/\/www.tvturk.com\/index.php\/parcali-ay-tutulmasi-istanbuldan-boyle-goruntulendi\/"},"modified":"2019-07-16T22:16:37","modified_gmt":"2019-07-16T19:16:37","slug":"parcali-ay-tutulmasi-istanbuldan-boyle-goruntulendi","status":"publish","type":"post","link":"http:\/\/www.tvturk.com\/index.php\/parcali-ay-tutulmasi-istanbuldan-boyle-goruntulendi\/","title":{"rendered":"&#8220;Par\u00e7al\u0131 Ay Tutulmas\u0131&#8221; \u0130stanbul\u2019dan b\u00f6yle g\u00f6r\u00fcnt\u00fclendi"},"content":{"rendered":"<p>Merakla beklenen \u201cPar\u00e7al\u0131 Ay Tutulmas\u0131\u201d \u0130stanbul\u2019dan g\u00f6r\u00fcnt\u00fclendi. Ay\u2019\u0131n yakla\u015f\u0131k y\u00fczde 65\u2019lik b\u00f6l\u00fcm\u00fcn\u00fcn D\u00fcnya\u2019n\u0131n g\u00f6lgesinde kald\u0131\u011f\u0131 tutulma kartpostall\u0131k manzaralar olu\u015fturdu.<\/p>\n<p>G\u00f6ky\u00fcz\u00fc ile yak\u0131ndan ilgilenenlerin merakla bekledi\u011fi \u201cPar\u00e7al\u0131 Ay Tutulmas\u0131\u201d \u0130stanbul\u2019dan g\u00f6r\u00fcnt\u00fclendi. T\u00fcrkiye\u2019nin her yerinden \u00e7\u0131plak g\u00f6zle g\u00f6r\u00fclebilen tutulma olu\u015fturdu\u011fu manzara ile mest etti. Ay\u2019\u0131n yakla\u015f\u0131k y\u00fczde 65\u2019lik b\u00f6l\u00fcm\u00fcn\u00fcn D\u00fcnya\u2019n\u0131n g\u00f6lgesinde kald\u0131\u011f\u0131 tutulma kartpostall\u0131k manzaralar olu\u015fturdu. Saat 21.34 s\u0131ralar\u0131nda ba\u015flayan tutulman\u0131n gece yar\u0131s\u0131 saat 03.18\u2019de son bulmas\u0131 bekleniyor.<\/p>\n","protected":false},"excerpt":{"rendered":"<p>MERAKLA BEKLENEN \u201cPAR\u00c7ALI AY TUTULMASI\u201d \u0130STANBUL&#8217;DAN G\u00d6R\u00dcNT\u00dcLEND\u0130. AY\u2019IN YAKLA\u015eIK Y\u00dcZDE 65\u2019L\u0130K B\u00d6L\u00dcM\u00dcN\u00dcN D\u00dcNYA\u2019NIN G\u00d6LGES\u0130NDE KALDI\u011eI TUTULMA KARTPOSTALLIK MANZARALAR OLU\u015eTURDU.<\/p>\n","protected":false},"author":1,"featured_media":182943,"comment_status":"closed","ping_status":"open","sticky":false,"template":"","format":"standard","meta":{"jetpack_post_was_ever_published":false,"_jetpack_newsletter_access":"","_jetpack_dont_email_post_to_subs":false,"_jetpack_newsletter_tier_id":0,"_jetpack_memberships_contains_paywalled_content":false,"_jetpack_memberships_contains_paid_content":false,"footnotes":"","jetpack_publicize_message":"","jetpack_publicize_feature_enabled":true,"jetpack_social_post_already_shared":true,"jetpack_social_options":{"image_generator_settings":{"template":"highway","default_image_id":0,"font":"","enabled":false},"version":2}},"categories":[1],"tags":[836,3388,1922,44241,32017],"class_list":["post-182942","post","type-post","status-publish","format-standard","has-post-thumbnail","hentry","category-genel","tag-boyle","tag-goruntulendi","tag-istanbuldan","tag-parcali","tag-tutulmasi"],"jetpack_publicize_connections":[],"jetpack_featured_media_url":"https:\/\/i0.wp.com\/www.tvturk.com\/wp-content\/uploads\/2019\/07\/parcali-ay-tutulmasi-istanbuldan-boyle-goruntulendi_cc914f9.jpg?fit=1000%2C666","jetpack_sharing_enabled":true,"jetpack_shortlink":"https:\/\/wp.me\/paKIfm-LAG","_links":{"self":[{"href":"http:\/\/www.tvturk.com\/index.php\/wp-json\/wp\/v2\/posts\/182942","targetHints":{"allow":["GET"]}}],"collection":[{"href":"http:\/\/www.tvturk.com\/index.php\/wp-json\/wp\/v2\/posts"}],"about":[{"href":"http:\/\/www.tvturk.com\/index.php\/wp-json\/wp\/v2\/types\/post"}],"author":[{"embeddable":true,"href":"http:\/\/www.tvturk.com\/index.php\/wp-json\/wp\/v2\/users\/1"}],"replies":[{"embeddable":true,"href":"http:\/\/www.tvturk.com\/index.php\/wp-json\/wp\/v2\/comments?post=182942"}],"version-history":[{"count":0,"href":"http:\/\/www.tvturk.com\/index.php\/wp-json\/wp\/v2\/posts\/182942\/revisions"}],"wp:featuredmedia":[{"embeddable":true,"href":"http:\/\/www.tvturk.com\/index.php\/wp-json\/wp\/v2\/media\/182943"}],"wp:attachment":[{"href":"http:\/\/www.tvturk.com\/index.php\/wp-json\/wp\/v2\/media?parent=182942"}],"wp:term":[{"taxonomy":"category","embeddable":true,"href":"http:\/\/www.tvturk.com\/index.php\/wp-json\/wp\/v2\/categories?post=182942"},{"taxonomy":"post_tag","embeddable":true,"href":"http:\/\/www.tvturk.com\/index.php\/wp-json\/wp\/v2\/tags?post=182942"}],"curies":[{"name":"wp","href":"https:\/\/api.w.org\/{rel}","templated":true}]}}