{"id":182948,"date":"2019-07-17T00:16:35","date_gmt":"2019-07-16T21:16:35","guid":{"rendered":"http:\/\/www.tvturk.com\/index.php\/parcali-ay-tutulmasi-kartpostallik-manzara-olusturdu\/"},"modified":"2019-07-17T00:16:35","modified_gmt":"2019-07-16T21:16:35","slug":"parcali-ay-tutulmasi-kartpostallik-manzara-olusturdu","status":"publish","type":"post","link":"http:\/\/www.tvturk.com\/index.php\/parcali-ay-tutulmasi-kartpostallik-manzara-olusturdu\/","title":{"rendered":"&#8220;Par\u00e7al\u0131 Ay Tutulmas\u0131&#8221; kartpostall\u0131k manzara olu\u015fturdu"},"content":{"rendered":"<p>Merakla beklenen \u201cPar\u00e7al\u0131 Ay Tutulmas\u0131\u201d \u0130stanbul\u2019da kartpostall\u0131k manzara olu\u015fturdu.<\/p>\n<p>G\u00f6ky\u00fcz\u00fc ile yak\u0131ndan ilgilenenlerin merakla bekledi\u011fi \u201cPar\u00e7al\u0131 Ay Tutulmas\u0131\u201d saat 21.34 itibariyle ger\u00e7ekle\u015fmeye ba\u015flad\u0131. Ay tutulmas\u0131n\u0131n \u0130stanbul\u2019dan \u00e7ekilen g\u00f6r\u00fcnt\u00fcleri mest etti. Ay\u2019\u0131n yakla\u015f\u0131k y\u00fczde 65\u2019lik b\u00f6l\u00fcm\u00fcn\u00fcn D\u00fcnya\u2019n\u0131n g\u00f6lgesinde kald\u0131\u011f\u0131 tutulma kartpostall\u0131k manzara olu\u015fturdu. Tutulman\u0131n gece yar\u0131s\u0131 saat 03.18\u2019de son bulmas\u0131 bekleniyor.<\/p>\n","protected":false},"excerpt":{"rendered":"<p>MERAKLA BEKLENEN \u201cPAR\u00c7ALI AY TUTULMASI\u201d \u0130STANBUL&#8217;DA KARTPOSTALLIK MANZARA OLU\u015eTURDU.<\/p>\n","protected":false},"author":1,"featured_media":182949,"comment_status":"closed","ping_status":"open","sticky":false,"template":"","format":"standard","meta":{"jetpack_post_was_ever_published":false,"_jetpack_newsletter_access":"","_jetpack_dont_email_post_to_subs":false,"_jetpack_newsletter_tier_id":0,"_jetpack_memberships_contains_paywalled_content":false,"_jetpack_memberships_contains_paid_content":false,"footnotes":"","jetpack_publicize_message":"","jetpack_publicize_feature_enabled":true,"jetpack_social_post_already_shared":true,"jetpack_social_options":{"image_generator_settings":{"template":"highway","default_image_id":0,"font":"","enabled":false},"version":2}},"categories":[1],"tags":[13892,13863,3047,44241,32017],"class_list":["post-182948","post","type-post","status-publish","format-standard","has-post-thumbnail","hentry","category-genel","tag-kartpostallik","tag-manzara","tag-olusturdu","tag-parcali","tag-tutulmasi"],"jetpack_publicize_connections":[],"jetpack_featured_media_url":"https:\/\/i0.wp.com\/www.tvturk.com\/wp-content\/uploads\/2019\/07\/parcali-ay-tutulmasi-kartpostallik-manzara-olusturdu_3cfc748.jpg?fit=1000%2C703","jetpack_sharing_enabled":true,"jetpack_shortlink":"https:\/\/wp.me\/paKIfm-LAM","_links":{"self":[{"href":"http:\/\/www.tvturk.com\/index.php\/wp-json\/wp\/v2\/posts\/182948","targetHints":{"allow":["GET"]}}],"collection":[{"href":"http:\/\/www.tvturk.com\/index.php\/wp-json\/wp\/v2\/posts"}],"about":[{"href":"http:\/\/www.tvturk.com\/index.php\/wp-json\/wp\/v2\/types\/post"}],"author":[{"embeddable":true,"href":"http:\/\/www.tvturk.com\/index.php\/wp-json\/wp\/v2\/users\/1"}],"replies":[{"embeddable":true,"href":"http:\/\/www.tvturk.com\/index.php\/wp-json\/wp\/v2\/comments?post=182948"}],"version-history":[{"count":0,"href":"http:\/\/www.tvturk.com\/index.php\/wp-json\/wp\/v2\/posts\/182948\/revisions"}],"wp:featuredmedia":[{"embeddable":true,"href":"http:\/\/www.tvturk.com\/index.php\/wp-json\/wp\/v2\/media\/182949"}],"wp:attachment":[{"href":"http:\/\/www.tvturk.com\/index.php\/wp-json\/wp\/v2\/media?parent=182948"}],"wp:term":[{"taxonomy":"category","embeddable":true,"href":"http:\/\/www.tvturk.com\/index.php\/wp-json\/wp\/v2\/categories?post=182948"},{"taxonomy":"post_tag","embeddable":true,"href":"http:\/\/www.tvturk.com\/index.php\/wp-json\/wp\/v2\/tags?post=182948"}],"curies":[{"name":"wp","href":"https:\/\/api.w.org\/{rel}","templated":true}]}}