{"id":182950,"date":"2019-07-17T00:16:39","date_gmt":"2019-07-16T21:16:39","guid":{"rendered":"http:\/\/www.tvturk.com\/index.php\/bozcaadada-parcali-ay-tutulmasi\/"},"modified":"2019-07-17T00:16:39","modified_gmt":"2019-07-16T21:16:39","slug":"bozcaadada-parcali-ay-tutulmasi","status":"publish","type":"post","link":"http:\/\/www.tvturk.com\/index.php\/bozcaadada-parcali-ay-tutulmasi\/","title":{"rendered":"Bozcaada\u2019da par\u00e7al\u0131 ay tutulmas\u0131"},"content":{"rendered":"<p>\u00c7anakkale\u2019nin Bozcaada il\u00e7esinde de takip edilen par\u00e7al\u0131 ay tutulmas\u0131, e\u015fsiz g\u00f6r\u00fcnt\u00fclere sahne oldu.<\/p>\n<p>T\u00fcrkiye\u2019den de g\u00f6zlemlenebilen bu y\u0131lki tek tutulmada Ay\u2019\u0131n yakla\u015f\u0131k y\u00fczde 65\u2019lik b\u00f6l\u00fcm\u00fc D\u00fcnya\u2019n\u0131n g\u00f6lgesinde kald\u0131. B\u00fcy\u00fcleyici g\u00f6k olay\u0131n\u0131 ka\u00e7\u0131rmak istemeyenler ise Bozcaada meydan\u0131nda teleskoplar\u0131 ile Ay\u2019\u0131 g\u00f6zlemleyerek unutulmaz anlara tan\u0131k oldu. T\u00fcrkiye saatiyle 21.43-03.18 saatlerinde ger\u00e7ekle\u015fen g\u00f6k olay\u0131nda saatler 00.31\u2019i g\u00f6sterdi\u011finde Ay\u2019\u0131n yakla\u015f\u0131k y\u00fczde 65\u2019i D\u00fcnya\u2019n\u0131n g\u00f6lgesinde kald\u0131 ve e\u015fsiz g\u00f6r\u00fcnt\u00fclere sahne oldu.<\/p>\n","protected":false},"excerpt":{"rendered":"<p>\u00c7ANAKKALE\u2019N\u0130N BOZCAADA \u0130L\u00c7ES\u0130NDE DE TAK\u0130P ED\u0130LEN PAR\u00c7ALI AY TUTULMASI, E\u015eS\u0130Z G\u00d6R\u00dcNT\u00dcLERE SAHNE OLDU.<\/p>\n","protected":false},"author":1,"featured_media":182951,"comment_status":"closed","ping_status":"open","sticky":false,"template":"","format":"standard","meta":{"jetpack_post_was_ever_published":false,"_jetpack_newsletter_access":"","_jetpack_dont_email_post_to_subs":false,"_jetpack_newsletter_tier_id":0,"_jetpack_memberships_contains_paywalled_content":false,"_jetpack_memberships_contains_paid_content":false,"footnotes":"","jetpack_publicize_message":"","jetpack_publicize_feature_enabled":true,"jetpack_social_post_already_shared":true,"jetpack_social_options":{"image_generator_settings":{"template":"highway","default_image_id":0,"font":"","enabled":false},"version":2}},"categories":[1],"tags":[27352,44241,32017],"class_list":["post-182950","post","type-post","status-publish","format-standard","has-post-thumbnail","hentry","category-genel","tag-bozcaadada","tag-parcali","tag-tutulmasi"],"jetpack_publicize_connections":[],"jetpack_featured_media_url":"https:\/\/i0.wp.com\/www.tvturk.com\/wp-content\/uploads\/2019\/07\/bozcaadada-parcali-ay-tutulmasi_c8844ba.jpg?fit=750%2C1000","jetpack_sharing_enabled":true,"jetpack_shortlink":"https:\/\/wp.me\/paKIfm-LAO","_links":{"self":[{"href":"http:\/\/www.tvturk.com\/index.php\/wp-json\/wp\/v2\/posts\/182950","targetHints":{"allow":["GET"]}}],"collection":[{"href":"http:\/\/www.tvturk.com\/index.php\/wp-json\/wp\/v2\/posts"}],"about":[{"href":"http:\/\/www.tvturk.com\/index.php\/wp-json\/wp\/v2\/types\/post"}],"author":[{"embeddable":true,"href":"http:\/\/www.tvturk.com\/index.php\/wp-json\/wp\/v2\/users\/1"}],"replies":[{"embeddable":true,"href":"http:\/\/www.tvturk.com\/index.php\/wp-json\/wp\/v2\/comments?post=182950"}],"version-history":[{"count":0,"href":"http:\/\/www.tvturk.com\/index.php\/wp-json\/wp\/v2\/posts\/182950\/revisions"}],"wp:featuredmedia":[{"embeddable":true,"href":"http:\/\/www.tvturk.com\/index.php\/wp-json\/wp\/v2\/media\/182951"}],"wp:attachment":[{"href":"http:\/\/www.tvturk.com\/index.php\/wp-json\/wp\/v2\/media?parent=182950"}],"wp:term":[{"taxonomy":"category","embeddable":true,"href":"http:\/\/www.tvturk.com\/index.php\/wp-json\/wp\/v2\/categories?post=182950"},{"taxonomy":"post_tag","embeddable":true,"href":"http:\/\/www.tvturk.com\/index.php\/wp-json\/wp\/v2\/tags?post=182950"}],"curies":[{"name":"wp","href":"https:\/\/api.w.org\/{rel}","templated":true}]}}