{"id":182952,"date":"2019-07-17T00:31:43","date_gmt":"2019-07-16T21:31:43","guid":{"rendered":"http:\/\/www.tvturk.com\/index.php\/tekirdagda-parcali-ay-tutulmasi\/"},"modified":"2019-07-17T00:31:43","modified_gmt":"2019-07-16T21:31:43","slug":"tekirdagda-parcali-ay-tutulmasi","status":"publish","type":"post","link":"http:\/\/www.tvturk.com\/index.php\/tekirdagda-parcali-ay-tutulmasi\/","title":{"rendered":"Tekirda\u011f\u2019da Par\u00e7al\u0131 Ay Tutulmas\u0131"},"content":{"rendered":"<p>Ay\u2019\u0131n tutulma \u00f6ncesinde do\u011farken k\u0131z\u0131la b\u00fcr\u00fcnm\u00fc\u015f hali e\u015fsiz manzaralar olu\u015fturdu. 21.34\u2019de ba\u015flayan &#8220;Par\u00e7al\u0131 Ay Tutulmas\u0131&#8221; Tekirda\u011f\u2019da merakla g\u00f6zlendi.<\/p>\n<p>T\u00fcrkiye\u2019den de takip edilebilen \u201cPar\u00e7al\u0131 Ay Tutulmas\u0131\u201d saat 21.34\u2019te ger\u00e7ekle\u015fmeye ba\u015flad\u0131. Tutulma \u00f6ncesinde k\u0131z\u0131la b\u00fcr\u00fcnm\u00fc\u015f ay\u0131n do\u011fu\u015fu kartpostall\u0131k g\u00f6r\u00fcnt\u00fcler olu\u015fturdu. K\u0131rm\u0131z\u0131ya b\u00fcr\u00fcnen ay\u0131n \u00f6n\u00fcne gelen bulutlar e\u015fsiz g\u00f6r\u00fcnt\u00fclerin olu\u015fmas\u0131n\u0131 sa\u011flad\u0131. Par\u00e7al\u0131 ay tutulmas\u0131 Tekirda\u011f\u2019da da merakla g\u00f6zlendi. Ay\u2019\u0131n par\u00e7al\u0131 tutuldu\u011funu g\u00f6ren kimi vatanda\u015flar zaman kaybetmeden telefonlar\u0131na sar\u0131larak o anlar\u0131 kaydetti. Meydana gelen &#8220;Par\u00e7al\u0131 Ay Tutulmas\u0131&#8221; devam ederken, tutulman\u0131n saat 03.18\u2019de sona erece\u011fi \u00f6\u011frenildi.<\/p>\n","protected":false},"excerpt":{"rendered":"<p>AY&#8217;IN TUTULMA \u00d6NCES\u0130NDE DO\u011eARKEN KIZILA B\u00dcR\u00dcNM\u00dc\u015e HAL\u0130 E\u015eS\u0130Z MANZARALAR OLU\u015eTURDU. 21.34\u2019DE BA\u015eLAYAN PAR\u00c7ALI AY TUTULMASI TEK\u0130RDA\u011e\u2019DA DA MERAKLA G\u00d6ZLEND\u0130.<\/p>\n","protected":false},"author":1,"featured_media":182953,"comment_status":"closed","ping_status":"open","sticky":false,"template":"","format":"standard","meta":{"jetpack_post_was_ever_published":false,"_jetpack_newsletter_access":"","_jetpack_dont_email_post_to_subs":false,"_jetpack_newsletter_tier_id":0,"_jetpack_memberships_contains_paywalled_content":false,"_jetpack_memberships_contains_paid_content":false,"footnotes":"","jetpack_publicize_message":"","jetpack_publicize_feature_enabled":true,"jetpack_social_post_already_shared":true,"jetpack_social_options":{"image_generator_settings":{"template":"highway","default_image_id":0,"font":"","enabled":false},"version":2}},"categories":[1],"tags":[44241,1163,32017],"class_list":["post-182952","post","type-post","status-publish","format-standard","has-post-thumbnail","hentry","category-genel","tag-parcali","tag-tekirdagda","tag-tutulmasi"],"jetpack_publicize_connections":[],"jetpack_featured_media_url":"https:\/\/i0.wp.com\/www.tvturk.com\/wp-content\/uploads\/2019\/07\/tekirdagda-parcali-ay-tutulmasi_a686b0a.jpg?fit=1000%2C560","jetpack_sharing_enabled":true,"jetpack_shortlink":"https:\/\/wp.me\/paKIfm-LAQ","_links":{"self":[{"href":"http:\/\/www.tvturk.com\/index.php\/wp-json\/wp\/v2\/posts\/182952","targetHints":{"allow":["GET"]}}],"collection":[{"href":"http:\/\/www.tvturk.com\/index.php\/wp-json\/wp\/v2\/posts"}],"about":[{"href":"http:\/\/www.tvturk.com\/index.php\/wp-json\/wp\/v2\/types\/post"}],"author":[{"embeddable":true,"href":"http:\/\/www.tvturk.com\/index.php\/wp-json\/wp\/v2\/users\/1"}],"replies":[{"embeddable":true,"href":"http:\/\/www.tvturk.com\/index.php\/wp-json\/wp\/v2\/comments?post=182952"}],"version-history":[{"count":0,"href":"http:\/\/www.tvturk.com\/index.php\/wp-json\/wp\/v2\/posts\/182952\/revisions"}],"wp:featuredmedia":[{"embeddable":true,"href":"http:\/\/www.tvturk.com\/index.php\/wp-json\/wp\/v2\/media\/182953"}],"wp:attachment":[{"href":"http:\/\/www.tvturk.com\/index.php\/wp-json\/wp\/v2\/media?parent=182952"}],"wp:term":[{"taxonomy":"category","embeddable":true,"href":"http:\/\/www.tvturk.com\/index.php\/wp-json\/wp\/v2\/categories?post=182952"},{"taxonomy":"post_tag","embeddable":true,"href":"http:\/\/www.tvturk.com\/index.php\/wp-json\/wp\/v2\/tags?post=182952"}],"curies":[{"name":"wp","href":"https:\/\/api.w.org\/{rel}","templated":true}]}}