{"id":182954,"date":"2019-07-17T00:31:48","date_gmt":"2019-07-16T21:31:48","guid":{"rendered":"http:\/\/www.tvturk.com\/index.php\/parcali-ay-tutulmasi-kayseriden-gozlemlendi\/"},"modified":"2019-07-17T00:31:48","modified_gmt":"2019-07-16T21:31:48","slug":"parcali-ay-tutulmasi-kayseriden-gozlemlendi","status":"publish","type":"post","link":"http:\/\/www.tvturk.com\/index.php\/parcali-ay-tutulmasi-kayseriden-gozlemlendi\/","title":{"rendered":"&#8220;Par\u00e7al\u0131 Ay Tutulmas\u0131&#8221; Kayseri\u2019den g\u00f6zlemlendi"},"content":{"rendered":"<p>Merakla beklenen \u201cPar\u00e7al\u0131 Ay Tutulmas\u0131\u201d Erciyes \u00dcniversitesi Astronomi ve G\u00f6zlem Evi\u2019nden g\u00f6zlemlendi.<\/p>\n<p>Merakla beklenen \u201cPar\u00e7al\u0131 Ay Tutulmas\u0131\u201d kartpostall\u0131k manzara olu\u015fturdu. D\u00fcnya ve G\u00fcne\u015f\u2019in aras\u0131na girmesiyle bir k\u0131sm\u0131 karanl\u0131kta kalan Ay, Erciyes \u00dcniversitesi Astronomi ve G\u00f6zlem Evi\u2019nden teleskoplarla g\u00f6zlemlendi.<\/p>\n<p>G\u00f6ky\u00fcz\u00fcn\u00fcn unutulmamas\u0131 i\u00e7in bu t\u00fcr etkinliklerin devam edece\u011fini s\u00f6yleyen Erciyes \u00dcniversitesi Astronomi ve G\u00f6zlem Evi M\u00fcd\u00fcr\u00fc ve B\u00f6l\u00fcm Ba\u015fkan\u0131 Dr. \u0130brahim K\u00fc\u00e7\u00fck, \u201cBurada \u015fu an y\u0131lda en az iki defa ger\u00e7ekle\u015fen ay ve g\u00fcne\u015f tutulmalar\u0131ndan ay tutulmas\u0131 etkinli\u011fi dolay\u0131s\u0131yla bulunuyoruz. Bu tamam\u0131yla \u00fc\u00e7l\u00fc sistem olan Ay, G\u00fcne\u015f ve D\u00fcnya\u2019n\u0131n birbirlerine g\u00f6re yer de\u011fi\u015ftirmeleriyle olu\u015fan g\u00f6lge oyunlar\u0131d\u0131r. Zaman zaman Ay, D\u00fcnya ve G\u00fcne\u015f aras\u0131na giriyor. Di\u011fer tarafta da D\u00fcnya Ay\u2019\u0131n \u00f6n\u00fcne ge\u00e7ince g\u00f6lgesini d\u00fc\u015f\u00fcr\u00fcyor ve G\u00fcne\u015f\u2019ten \u0131\u015f\u0131k alm\u0131yor Ay ve b\u00fct\u00fcn bunlar\u0131n ad\u0131 tutulma oluyor. Bu bir geometri olay\u0131. Ay, D\u00fcnya ve G\u00fcne\u015f\u2019in bir \u00e7izgi \u00fczerinde  nas\u0131l konu\u015fland\u0131\u011f\u0131na, g\u00f6lgenin ne kadar etkiledi\u011fine ba\u011fl\u0131 olarak tutulmalar ger\u00e7ekle\u015fir. Tam tutulmalarda, d\u00fcnyan\u0131n g\u00f6lgesi Ay\u2019\u0131n tamam\u0131n\u0131 kaplar fakat bir k\u0131sm\u0131n\u0131 kaplad\u0131\u011f\u0131nda biz buna par\u00e7al\u0131 tutulma diyoruz. Bunlar g\u00fczel do\u011fa olaylar\u0131 ve tamamen d\u00fcnyan\u0131n g\u00fcne\u015f etraf\u0131ndaki, Ay\u2019\u0131n da D\u00fcnya etraf\u0131ndaki dolan\u0131mlar\u0131yla ilgili ortaya \u00e7\u0131kan durumlar. Bug\u00fcn itibariyle  Par\u00e7al\u0131 Ay tutulmas\u0131n\u0131 sadece T\u00fcrkiye\u2019den izleyece\u011fiz. Ge\u00e7 saatlerde ba\u015flayacak ve ortalama gece yar\u0131s\u0131 sona erecek. 3 gece yar\u0131s\u0131nda da bitecek. Biz bunu \u00f6nemsiyoruz ve uzay bilimleri olarak bir etkinlik d\u00fczenledik. \u0130nsanlar\u0131m\u0131z ve \u00f6zellikle \u00e7ocuklar\u0131m\u0131z, g\u00f6ky\u00fcz\u00fcn\u00fcn fark\u0131ndal\u0131\u011f\u0131n\u0131 yitirdiler ve biz de g\u00f6ky\u00fcz\u00fcn\u00fcn fark\u0131nda olmalar\u0131n\u0131 istiyoruz. Bu y\u00fczden de s\u00fcrekli devam eden bu t\u00fcr etkinlikler yap\u0131yoruz ve g\u00f6k olaylar\u0131 oldu\u011fu s\u00fcrece devam edecek. G\u00f6k olaylar\u0131n\u0131n yan\u0131nda gezegenlerin ve g\u00fcnd\u00fcz vakti G\u00fcne\u015f\u2019i \u00f6zel filtrelerle g\u00f6zlemliyoruz. \u0130nsanlar\u0131m\u0131z\u0131n g\u00f6ky\u00fcz\u00fcn\u00fcn fark\u0131nda olmalar\u0131n\u0131 sa\u011fl\u0131yoruz. Etkinliklerimiz halk\u0131m\u0131za a\u00e7\u0131k yap\u0131l\u0131yor\u201d ifadelerinde bulundu.<\/p>\n","protected":false},"excerpt":{"rendered":"<p>BU GECE GER\u00c7EKLE\u015eEN OLAN YARIM AY TUTULMASI ERC\u0130YES \u00dcN\u0130VERS\u0130TES\u0130 ASTRONOM\u0130 VE G\u00d6ZLEM EV\u0130\u2019NDEN G\u00d6ZLEMLEND\u0130<\/p>\n","protected":false},"author":1,"featured_media":182955,"comment_status":"closed","ping_status":"open","sticky":false,"template":"","format":"standard","meta":{"jetpack_post_was_ever_published":false,"_jetpack_newsletter_access":"","_jetpack_dont_email_post_to_subs":false,"_jetpack_newsletter_tier_id":0,"_jetpack_memberships_contains_paywalled_content":false,"_jetpack_memberships_contains_paid_content":false,"footnotes":"","jetpack_publicize_message":"","jetpack_publicize_feature_enabled":true,"jetpack_social_post_already_shared":true,"jetpack_social_options":{"image_generator_settings":{"template":"highway","default_image_id":0,"font":"","enabled":false},"version":2}},"categories":[1],"tags":[29191,13046,44241,32017],"class_list":["post-182954","post","type-post","status-publish","format-standard","has-post-thumbnail","hentry","category-genel","tag-gozlemlendi","tag-kayseriden","tag-parcali","tag-tutulmasi"],"jetpack_publicize_connections":[],"jetpack_featured_media_url":"https:\/\/i0.wp.com\/www.tvturk.com\/wp-content\/uploads\/2019\/07\/parcali-ay-tutulmasi-kayseriden-gozlemlendi_db8880c.jpg?fit=1000%2C666","jetpack_sharing_enabled":true,"jetpack_shortlink":"https:\/\/wp.me\/paKIfm-LAS","_links":{"self":[{"href":"http:\/\/www.tvturk.com\/index.php\/wp-json\/wp\/v2\/posts\/182954","targetHints":{"allow":["GET"]}}],"collection":[{"href":"http:\/\/www.tvturk.com\/index.php\/wp-json\/wp\/v2\/posts"}],"about":[{"href":"http:\/\/www.tvturk.com\/index.php\/wp-json\/wp\/v2\/types\/post"}],"author":[{"embeddable":true,"href":"http:\/\/www.tvturk.com\/index.php\/wp-json\/wp\/v2\/users\/1"}],"replies":[{"embeddable":true,"href":"http:\/\/www.tvturk.com\/index.php\/wp-json\/wp\/v2\/comments?post=182954"}],"version-history":[{"count":0,"href":"http:\/\/www.tvturk.com\/index.php\/wp-json\/wp\/v2\/posts\/182954\/revisions"}],"wp:featuredmedia":[{"embeddable":true,"href":"http:\/\/www.tvturk.com\/index.php\/wp-json\/wp\/v2\/media\/182955"}],"wp:attachment":[{"href":"http:\/\/www.tvturk.com\/index.php\/wp-json\/wp\/v2\/media?parent=182954"}],"wp:term":[{"taxonomy":"category","embeddable":true,"href":"http:\/\/www.tvturk.com\/index.php\/wp-json\/wp\/v2\/categories?post=182954"},{"taxonomy":"post_tag","embeddable":true,"href":"http:\/\/www.tvturk.com\/index.php\/wp-json\/wp\/v2\/tags?post=182954"}],"curies":[{"name":"wp","href":"https:\/\/api.w.org\/{rel}","templated":true}]}}