{"id":182956,"date":"2019-07-17T00:46:30","date_gmt":"2019-07-16T21:46:30","guid":{"rendered":"http:\/\/www.tvturk.com\/index.php\/muglada-15-temmuz-paneli\/"},"modified":"2019-07-17T00:46:30","modified_gmt":"2019-07-16T21:46:30","slug":"muglada-15-temmuz-paneli","status":"publish","type":"post","link":"http:\/\/www.tvturk.com\/index.php\/muglada-15-temmuz-paneli\/","title":{"rendered":"Mu\u011fla\u2019da 15 Temmuz paneli"},"content":{"rendered":"<p>FET\u00d6\u2019n\u00fcn hain darbe giri\u015fiminin 3\u2019\u00fcnc\u00fc y\u0131l\u0131nda Mu\u011fla S\u0131tk\u0131 Ko\u00e7man \u00dcniversitesi taraf\u0131ndan Emekli Albay Ahmet Zeki \u00dc\u00e7ok ve T\u00fcrkiye gazetesi yazarlar\u0131 Fuat U\u011fur ile Cem K\u00fc\u00e7\u00fck\u2019\u00fcn konu\u015fmac\u0131 olarak kat\u0131ld\u0131\u011f\u0131 \u201815 Temmuz hain darbe giri\u015fimi ve arka plan\u0131\u2019 konulu panel d\u00fczenlendi. \u00dcniversite Atat\u00fcrk K\u00fclt\u00fcr Merkezi\u2019nde d\u00fczenlenen panelin moderat\u00f6rl\u00fc\u011f\u00fcn\u00fc Rekt\u00f6r Yard\u0131mc\u0131s\u0131 Prof. Dr. Adnan \u00c7evik yapt\u0131.<\/p>\n<p>Panelde konu\u015fan gazeteci Fuat U\u011fur, 15 Temmuz darbe giri\u015fiminden \u00f6nce T\u00fcrkiye gazetesinde FET\u00d6\u2019n\u00fcn bir darbe giri\u015fiminde bulunaca\u011f\u0131na y\u00f6nelik yaz\u0131lar kaleme ald\u0131\u011f\u0131n\u0131, FET\u00d6\u2019n\u00fcn \u00fcst d\u00fczey y\u00f6neticileri olan \u2018Hususiler\u2019in Ankara\u2019da toplanmas\u0131 ve FET\u00d6 elaba\u015f\u0131s\u0131 Fetullah G\u00fclen\u2019in \u2018Ye\u015fil C\u00fcbbe\u2019 giymesinin darbenin emareleri oldu\u011funu s\u00f6yledi. U\u011fur, \u201cAnkes\u00f6rl\u00fc telefon soru\u015fturmas\u0131, yeni haberle\u015fme olanaklar\u0131n\u0131n ortaya \u00e7\u0131kar\u0131lmas\u0131, para ak\u0131\u015f\u0131n\u0131n takip edilmesi, hizmet ad\u0131 alt\u0131nda hala aralar\u0131nda para toplan\u0131yor olmas\u0131, cezaevlerindekilere para toplay\u0131p onlar\u0131 bakabilecek bir mekanizmay\u0131 i\u015fletiyor olmalar\u0131 ve bunun yeterince takip edilmeyi\u015fi benim g\u00f6zlemlediklerim aras\u0131nda. \u0130kincisi kriptolar\u0131 hala devlet mekanizmalar\u0131nda ve belediyelerde \u00e7ok ciddi \u015fekilde varlar ve b\u00fcrokratik mekanizmalar\u0131n hantal at\u0131l kapasitelerini daha da i\u00e7inden \u00e7\u0131k\u0131lmaz hale getirebilmek i\u00e7in ellerinden gelen yapan birer android gibi yarat\u0131klar. Bunlar\u0131 devlet mekanizmalar\u0131ndan ay\u0131klamak gerekiyor. Burada hukuk \u00e7ok \u00f6nemli\u201d diye konu\u015ftu.<\/p>\n<p>&#8220;\u0130yi tedbir al\u0131nmazsa 20-30 sene sonra ne olur bilinmez&#8221;<\/p>\n<p>Gazeteci Cem K\u00fc\u00e7\u00fck, 15 Temmuz darbe giri\u015fiminde Fetullah\u00e7\u0131 olup da darbeyi desteklemeyenlerin oldu\u011fu kadar, Fatullah\u00e7\u0131 olmay\u0131p da darbeyi destekleyen askerlerin bulundu\u011funu s\u00f6yledi. K\u00fc\u00e7\u00fck, \u201cBen \u015fu s\u00f6ze kat\u0131lm\u0131yorum. T\u00fcrkiye\u2019de darbeler d\u00f6nemi biter mi, bitmi\u015f midir? 2010 ve 2011\u2019de de bunu s\u00f6yl\u00fcyorduk. E\u011fer iyi tedbir al\u0131nmaz ise, bundan 20 sene, 30 sene sonra ne olaca\u011f\u0131n\u0131 bilemeyiz. T\u00fcrkiye\u2019de g\u00fcc\u00fc elinde tutan bunu deniyor. Halbuki, t\u00fcm demokratik \u00fclkelerde milletin se\u00e7ti\u011fini millet g\u00f6t\u00fcrmeli. \u00c7ok k\u00f6t\u00fc y\u00f6netebilir ama o ki\u015fiyi milletin oyu ile gitmeli. Demokrasinin gere\u011fi budur\u201d \u015feklinde konu\u015ftu.<\/p>\n<p>&#8220;FET\u00d6, ABD\u2019nin kurdu\u011fu \u00e7ok b\u00fcy\u00fck bir istihbarat \u00f6rg\u00fct\u00fcd\u00fcr&#8221;<\/p>\n<p>Emekli Albay Ahmet Zeki \u00dc\u00e7ok, kendisini en \u00e7ok yaralayan olay\u0131n, kahramanl\u0131k destan\u0131 yazan T\u00fcrk askerinin 15 Temmuz gecesi geldi\u011fi hal oldu\u011funu s\u00f6yledi. \u00dc\u00e7ok, \u201cBu askerler nas\u0131l bu hale geldi? Fetullah\u00e7\u0131 Ter\u00f6r \u00d6rg\u00fct\u00fc olarak bildi\u011fimiz, ge\u00e7mi\u015fte ad\u0131 \u2018hizmet hareketi\u2019, \u00e7ocuklar\u0131 okutan, T\u00fcrk\u00e7e olimpiyatlar d\u00fczenleyen bu \u00f6rg\u00fct asl\u0131nda Amerika\u2019n\u0131n kontrol\u00fcnde kurulmu\u015f, bug\u00fcn d\u00fcnyan\u0131n 169 \u00fclkesinde okullar\u0131, STK\u2019lar\u0131 olan \u00e7ok b\u00fcy\u00fck biri istihbarat \u00f6rg\u00fct\u00fcd\u00fcr. T\u00fcrkiye\u2019de \u00f6zellikle, askeriye, m\u00fclkiye ve adliye \u00fczerinde \u00f6rg\u00fctlendiler. Bu \u00fc\u00e7 grubu ele ge\u00e7iren bu devleti y\u00f6netir. FET\u00d6\u2019n\u00fcn askeriyeye ilk s\u0131zmas\u0131 1986 y\u0131l\u0131nda oldu. O d\u00f6nemin askeri \u00f6\u011frencileri aras\u0131nda Cumhurba\u015fkan\u0131m\u0131z\u0131n eski Ba\u015fyaveri Ali Yaz\u0131c\u0131 da bunlardan birisi. 15 Temmuz darbe giri\u015fimi sonras\u0131 Ankara Cumhuriyet Ba\u015fsavc\u0131l\u0131\u011f\u0131 bir soru\u015fturma ba\u015flatt\u0131. Soru\u015fturmada, 2006-2015 y\u0131llar\u0131 aras\u0131nda T\u00fcrk silahl\u0131 Kuvvetlerine giren askeri \u00f6\u011frencilerin y\u00fczde 80\u2019inin FET\u00d6 iltisakl\u0131 oldu\u011fu ortaya \u00e7\u0131kt\u0131. 30 y\u0131ll\u0131k s\u00fcre\u00e7te nereden baksan\u0131z 50-60 bin FET\u00d6 iltisakl\u0131 ki\u015fi var\u201d \u015feklinde konu\u015ftu.<\/p>\n<p>\u201cBu gelecek nesilleri mankurtla\u015ft\u0131rma operasyonuydu\u201d<\/p>\n<p>Panelin y\u00f6neticisi Prof. Dr. Adnan \u00c7evik, \u201cT\u00fcrkiye 15 Temmuz\u2019a kadar \u00e7ok say\u0131da darbe ve muht\u0131ra ya\u015fad\u0131. Fakat 15 Temmuz\u2019u darbe tan\u0131mlamas\u0131 yapmak \u00e7ok hafif kal\u0131r. 15 Temmuz T\u00fcrk tarihinin g\u00f6rd\u00fc\u011f\u00fc en b\u00fcy\u00fck ihanettir. Asl\u0131nda bu bir ilgi \u00e7ekme operasyonuydu. Ba\u015fta ABD olmak \u00fczere emperyalist g\u00fc\u00e7lere kar\u015f\u0131 ilgi \u00e7ekme, gelecek nesilleri yok etme mankurtla\u015ft\u0131rma operasyonuydu. ABD\u2019nin bug\u00fcne kadar bir\u00e7ok \u00fclkeye yapt\u0131\u011f\u0131 operasyonlar hep maliyetli olmu\u015ftur. Bu da hem b\u00fct\u00e7eye, hem de ekonomiye dolay\u0131s\u0131 ile vatanda\u015fa her zaman olumsuz yans\u0131m\u0131\u015ft\u0131r. Ama FET\u00d6 kanal\u0131yla yapt\u0131rmaya \u00e7al\u0131\u015ft\u0131\u011f\u0131 operasyon s\u0131f\u0131r maliyetli. Operasyonu yapan FET\u00d6, operasyonunun maliyetini kar\u015f\u0131layan da FET\u00d6. Bug\u00fcn T\u00fcrk halk\u0131, darbe giri\u015fimi kar\u015f\u0131s\u0131nda dik duran siyasilerimiz, h\u00fck\u00fcmetimiz, vatansever polis ve askerlerin sayesinde T\u00fcrkiye\u2019nin ABD\u2019nin mandas\u0131 olmaktan kurtuldu\u201d ifadesini kulland\u0131.<\/p>\n<p>Panel sonunda Mu\u011fla S\u0131tk\u0131 Ko\u00e7man \u00dcniversitesi Rekt\u00f6r\u00fc Prof. Dr. H\u00fcseyin \u00c7i\u00e7ek, panelin kat\u0131l\u0131mc\u0131lar\u0131na te\u015fekk\u00fcr plaketi verdi.<\/p>\n","protected":false},"excerpt":{"rendered":"<p>MU\u011eLA SITKI KO\u00c7MAN \u00dcN\u0130VERS\u0130TES\u0130\u2019NCE D\u00dcZENLENEN \u201815 TEMMUZ HA\u0130N DARBE G\u0130R\u0130\u015e\u0130M\u0130 VE ARKA PLANI\u2019 KONULU PANELE T\u00dcRK\u0130YE GAZETES\u0130 YAZARLARI FUAT U\u011eUR, CEM K\u00dc\u00c7\u00dcK VE EMEKL\u0130 ALBAY AHMET ZEK\u0130 \u00dc\u00c7OK KATILDI.<\/p>\n","protected":false},"author":1,"featured_media":182957,"comment_status":"closed","ping_status":"open","sticky":false,"template":"","format":"standard","meta":{"jetpack_post_was_ever_published":false,"_jetpack_newsletter_access":"","_jetpack_dont_email_post_to_subs":false,"_jetpack_newsletter_tier_id":0,"_jetpack_memberships_contains_paywalled_content":false,"_jetpack_memberships_contains_paid_content":false,"footnotes":"","jetpack_publicize_message":"","jetpack_publicize_feature_enabled":true,"jetpack_social_post_already_shared":true,"jetpack_social_options":{"image_generator_settings":{"template":"highway","default_image_id":0,"font":"","enabled":false},"version":2}},"categories":[1],"tags":[1021,7901,1148],"class_list":["post-182956","post","type-post","status-publish","format-standard","has-post-thumbnail","hentry","category-genel","tag-muglada","tag-paneli","tag-temmuz"],"jetpack_publicize_connections":[],"jetpack_featured_media_url":"https:\/\/i0.wp.com\/www.tvturk.com\/wp-content\/uploads\/2019\/07\/muglada-15-temmuz-paneli_3af2923.jpg?fit=1000%2C666","jetpack_sharing_enabled":true,"jetpack_shortlink":"https:\/\/wp.me\/paKIfm-LAU","_links":{"self":[{"href":"http:\/\/www.tvturk.com\/index.php\/wp-json\/wp\/v2\/posts\/182956","targetHints":{"allow":["GET"]}}],"collection":[{"href":"http:\/\/www.tvturk.com\/index.php\/wp-json\/wp\/v2\/posts"}],"about":[{"href":"http:\/\/www.tvturk.com\/index.php\/wp-json\/wp\/v2\/types\/post"}],"author":[{"embeddable":true,"href":"http:\/\/www.tvturk.com\/index.php\/wp-json\/wp\/v2\/users\/1"}],"replies":[{"embeddable":true,"href":"http:\/\/www.tvturk.com\/index.php\/wp-json\/wp\/v2\/comments?post=182956"}],"version-history":[{"count":0,"href":"http:\/\/www.tvturk.com\/index.php\/wp-json\/wp\/v2\/posts\/182956\/revisions"}],"wp:featuredmedia":[{"embeddable":true,"href":"http:\/\/www.tvturk.com\/index.php\/wp-json\/wp\/v2\/media\/182957"}],"wp:attachment":[{"href":"http:\/\/www.tvturk.com\/index.php\/wp-json\/wp\/v2\/media?parent=182956"}],"wp:term":[{"taxonomy":"category","embeddable":true,"href":"http:\/\/www.tvturk.com\/index.php\/wp-json\/wp\/v2\/categories?post=182956"},{"taxonomy":"post_tag","embeddable":true,"href":"http:\/\/www.tvturk.com\/index.php\/wp-json\/wp\/v2\/tags?post=182956"}],"curies":[{"name":"wp","href":"https:\/\/api.w.org\/{rel}","templated":true}]}}