{"id":182964,"date":"2019-07-17T09:01:22","date_gmt":"2019-07-17T06:01:22","guid":{"rendered":"http:\/\/www.tvturk.com\/index.php\/hatayda-parcali-ay-tutulmasi-boyle-goruntulendi\/"},"modified":"2019-07-17T09:01:22","modified_gmt":"2019-07-17T06:01:22","slug":"hatayda-parcali-ay-tutulmasi-boyle-goruntulendi","status":"publish","type":"post","link":"http:\/\/www.tvturk.com\/index.php\/hatayda-parcali-ay-tutulmasi-boyle-goruntulendi\/","title":{"rendered":"Hatay\u2019da par\u00e7al\u0131 Ay tutulmas\u0131 b\u00f6yle g\u00f6r\u00fcnt\u00fclendi"},"content":{"rendered":"<p>Hatay\u2019\u0131n Belen il\u00e7esinde par\u00e7al\u0131 Ay tutulmas\u0131, cami ve T\u00fcrk bayra\u011f\u0131 manzaras\u0131nda g\u00fczel g\u00f6r\u00fcnt\u00fcler olu\u015fturdu.<\/p>\n<p>16 Temmuz\u2019u 17 Temmuz\u2019a ba\u011flayan gece par\u00e7al\u0131 Ay tutulmas\u0131 ger\u00e7ekle\u015fti. Par\u00e7al\u0131 Ay tutulmas\u0131 t\u00fcm T\u00fcrkiye\u2019den izlenebilirken, Hatay\u2019\u0131n Belen il\u00e7esinde tutulma muhte\u015fem bir manzara olu\u015fturdu.<\/p>\n","protected":false},"excerpt":{"rendered":"<p>HATAY&#8217;IN BELEN \u0130L\u00c7ES\u0130NDE PAR\u00c7ALI AY TUTULMASI CAM\u0130 VE T\u00dcRK BAYRA\u011eI MANZARASINDA G\u00dcZEL G\u00d6R\u00dcNT\u00dcLER OLU\u015eTURDU.<\/p>\n","protected":false},"author":1,"featured_media":182965,"comment_status":"closed","ping_status":"open","sticky":false,"template":"","format":"standard","meta":{"jetpack_post_was_ever_published":false,"_jetpack_newsletter_access":"","_jetpack_dont_email_post_to_subs":false,"_jetpack_newsletter_tier_id":0,"_jetpack_memberships_contains_paywalled_content":false,"_jetpack_memberships_contains_paid_content":false,"footnotes":"","jetpack_publicize_message":"","jetpack_publicize_feature_enabled":true,"jetpack_social_post_already_shared":true,"jetpack_social_options":{"image_generator_settings":{"template":"highway","default_image_id":0,"font":"","enabled":false},"version":2}},"categories":[1],"tags":[836,3388,1285,44241,32017],"class_list":["post-182964","post","type-post","status-publish","format-standard","has-post-thumbnail","hentry","category-genel","tag-boyle","tag-goruntulendi","tag-hatayda","tag-parcali","tag-tutulmasi"],"jetpack_publicize_connections":[],"jetpack_featured_media_url":"https:\/\/i0.wp.com\/www.tvturk.com\/wp-content\/uploads\/2019\/07\/hatayda-parcali-ay-tutulmasi-boyle-goruntulendi_894fa4e.jpg?fit=1000%2C561","jetpack_sharing_enabled":true,"jetpack_shortlink":"https:\/\/wp.me\/paKIfm-LB2","_links":{"self":[{"href":"http:\/\/www.tvturk.com\/index.php\/wp-json\/wp\/v2\/posts\/182964","targetHints":{"allow":["GET"]}}],"collection":[{"href":"http:\/\/www.tvturk.com\/index.php\/wp-json\/wp\/v2\/posts"}],"about":[{"href":"http:\/\/www.tvturk.com\/index.php\/wp-json\/wp\/v2\/types\/post"}],"author":[{"embeddable":true,"href":"http:\/\/www.tvturk.com\/index.php\/wp-json\/wp\/v2\/users\/1"}],"replies":[{"embeddable":true,"href":"http:\/\/www.tvturk.com\/index.php\/wp-json\/wp\/v2\/comments?post=182964"}],"version-history":[{"count":0,"href":"http:\/\/www.tvturk.com\/index.php\/wp-json\/wp\/v2\/posts\/182964\/revisions"}],"wp:featuredmedia":[{"embeddable":true,"href":"http:\/\/www.tvturk.com\/index.php\/wp-json\/wp\/v2\/media\/182965"}],"wp:attachment":[{"href":"http:\/\/www.tvturk.com\/index.php\/wp-json\/wp\/v2\/media?parent=182964"}],"wp:term":[{"taxonomy":"category","embeddable":true,"href":"http:\/\/www.tvturk.com\/index.php\/wp-json\/wp\/v2\/categories?post=182964"},{"taxonomy":"post_tag","embeddable":true,"href":"http:\/\/www.tvturk.com\/index.php\/wp-json\/wp\/v2\/tags?post=182964"}],"curies":[{"name":"wp","href":"https:\/\/api.w.org\/{rel}","templated":true}]}}