{"id":182966,"date":"2019-07-17T09:01:26","date_gmt":"2019-07-17T06:01:26","guid":{"rendered":"http:\/\/www.tvturk.com\/index.php\/ogretmenler-afaddan-aldiklari-egitimle-hayat-kurtaracaklar\/"},"modified":"2019-07-17T09:01:26","modified_gmt":"2019-07-17T06:01:26","slug":"ogretmenler-afaddan-aldiklari-egitimle-hayat-kurtaracaklar","status":"publish","type":"post","link":"http:\/\/www.tvturk.com\/index.php\/ogretmenler-afaddan-aldiklari-egitimle-hayat-kurtaracaklar\/","title":{"rendered":"\u00d6\u011fretmenler AFAD\u2019dan ald\u0131klar\u0131 e\u011fitimle hayat kurtaracaklar"},"content":{"rendered":"<p>\u00c7orum\u2019da \u0130l Afet Acil Durum M\u00fcd\u00fcrl\u00fc\u011f\u00fc (AFAD) taraf\u0131ndan e\u011fitime al\u0131nan \u00f6\u011fretmenler do\u011fal afetlerde hayat kurtarabilecek.<\/p>\n<p>\u0130\u00e7i\u015fleri Bakanl\u0131\u011f\u0131 ve Milli E\u011fitim Bakanl\u0131\u011f\u0131 aras\u0131nda imzalanan protokol kapsam\u0131nda 24 \u00f6\u011fretmene teorik e\u011fitimin yan\u0131 s\u0131ra enkazda arama kurtarma ve iple ini\u015f e\u011fitimi verildi. Enkazda arama kurtarma yapan, y\u00fcksekten iple ini\u015f yapan \u00f6\u011fretmenler kimyasal, biyolojik, radyolojik ve n\u00fckleer (KBRN) maddeler ile arama kurtarma malzemeleri hakk\u0131nda da bilgi ald\u0131.<\/p>\n<p>\u0130l Afet Acil Durum M\u00fcd\u00fcr\u00fc Elvan Kaya, kurum olarak 24 \u00f6\u011fretmeni hafif arama kurtarma, teorik afet bilinci ve KBRN konular\u0131nda bilgilendirdiklerini belirterek yap\u0131lan tatbikatlar ve uygulamal\u0131 e\u011fitimlerle \u00f6\u011fretmenlerin arama kurtarma faaliyetlerini arazide de nas\u0131l prati\u011fe d\u00f6n\u00fc\u015ft\u00fc\u011f\u00fcn\u00fc g\u00f6rd\u00fc\u011f\u00fcn\u00fc s\u00f6yledi.<\/p>\n<p>\u0130lk yard\u0131m\u0131n \u00f6nemine dikkat \u00e7eken Kaya, \u201cToplumuzun bilin\u00e7lenmesi ad\u0131na AFAD\u2019\u0131n verdi\u011fi e\u011fitimlerin yan\u0131 s\u0131ra ilk yard\u0131m ve yang\u0131n e\u011fitimlerinin de verilmesi gerekiyor. Bununla ilgili de \u00e7al\u0131\u015fmalar yap\u0131lmas\u0131 laz\u0131m. Bu alanda Sa\u011fl\u0131k Bakanl\u0131\u011f\u0131m\u0131z ve itfaiye gerekli e\u011fitimleri veriyor. Bu konuda da herkesi duyarl\u0131 olmaya davet ediyorum. Bu bizim i\u00e7inden de toplumsal a\u00e7\u0131dan da \u00f6nemli. Bize ihtiya\u00e7 duymadan insanlar kendi hayatlar\u0131n\u0131 kurtarabiliyorlar. Bu y\u00f6n\u00fcyle \u00f6nemsiyoruz\u201d dedi.<\/p>\n<p>\u0130\u00e7i\u015fleri ve Milli E\u011fitim Bakanl\u0131klar\u0131n\u0131n birlikte olu\u015fturdu\u011fu plan kapsam\u0131nda kurumlarda ve milli e\u011fitim b\u00fcnyesinde arama kurtarma ekipleri olu\u015fturulmas\u0131 i\u00e7in her ilde e\u011fitim \u00e7al\u0131\u015fma yap\u0131ld\u0131\u011f\u0131n\u0131 hat\u0131rlatan proje sorumlusu Selman \u00d6zdemir, teorik ve pratik olarak y\u00fcr\u00fct\u00fclen e\u011fitimlere sunduklar\u0131 katk\u0131lardan dolay\u0131 AFAD ekiplerine te\u015fekk\u00fcr etti.<\/p>\n<p>AFAD ve Milli E\u011fitim M\u00fcd\u00fcrl\u00fc\u011f\u00fc i\u015fbirli\u011fi i\u00e7erisinde haz\u0131rlanan programa g\u00f6n\u00fcll\u00fc olarak kat\u0131ld\u0131\u011f\u0131n\u0131 a\u00e7\u0131klayan \u0130ngilizce \u00f6\u011fretmeni Elif Erdem ise &#8220;B\u00fct\u00fcn \u00f6\u011fretmenlere zorunlu olarak arama ve kurtarma e\u011fitimi verildi. Sonras\u0131nda g\u00f6n\u00fcll\u00fc \u00f6\u011fretmenleri \u00f6zel e\u011fitime ald\u0131lar. Bu i\u015fin \u00f6nemini d\u00fc\u015f\u00fcnerek hepimiz bu e\u011fitimlere g\u00f6n\u00fcll\u00fc olarak kat\u0131ld\u0131k. Beklentimizin \u00e7ok \u00e7ok \u00fczerinde \u00e7ok donan\u0131ml\u0131 ve detayl\u0131 bir \u015fekilde e\u011fitim verildi. Bu bizim i\u00e7in \u00e7ok \u00fcst d\u00fczey ve faydal\u0131 bir program oldu. Bu e\u011fitimin \u00f6\u011fretmen olarak bizim i\u00e7in ekstra \u00f6nem arz etti\u011fini d\u00fc\u015f\u00fcn\u00fcyorum. AFAD \u00fcyesi olmayaca\u011f\u0131m\u0131z ama burada \u00f6\u011frendi\u011fimiz \u015feyler hayat\u0131m\u0131z\u0131n her alan\u0131nda kullanabilece\u011fimiz \u00f6nemli ve hayati bilgiler\u201d dedi.<\/p>\n<p>Can kurtarman\u0131n g\u00f6n\u00fcll\u00fcl\u00fck esas\u0131 ve fedakarl\u0131k gerektirdi\u011fini dile getiren \u00f6\u011fretmenlerden Nazl\u0131 P\u0131nar \u00d6zer, \u201cBunun i\u00e7inde bilgi gerekiyor. Bunun i\u00e7inde AFAD\u2019a te\u015fekk\u00fcr ediyoruz. Bize her t\u00fcrl\u00fc e\u011fitimi vererek uygulamas\u0131n\u0131 yapt\u0131rd\u0131lar. Bu sayede biraz daha bilin\u00e7lendik. Bu e\u011fitimlerin devam\u0131 gelmeli. Herkes i\u00e7in \u00e7ok \u00f6nemli. Bu e\u011fitime kat\u0131ld\u0131\u011f\u0131m i\u00e7inde mutluyum\u201d ifadelerini kulland\u0131.<\/p>\n","protected":false},"excerpt":{"rendered":"<p>\u00c7ORUM\u2019DA \u0130L AFET AC\u0130L DURUM M\u00dcD\u00dcRL\u00dc\u011e\u00dc (AFAD) TARAFINDAN E\u011e\u0130T\u0130ME ALINAN \u00d6\u011eRETMENLER DO\u011eAL AFETLERDE HAYAT KURTARAB\u0130LECEK.<\/p>\n","protected":false},"author":1,"featured_media":182967,"comment_status":"closed","ping_status":"open","sticky":false,"template":"","format":"standard","meta":{"jetpack_post_was_ever_published":false,"_jetpack_newsletter_access":"","_jetpack_dont_email_post_to_subs":false,"_jetpack_newsletter_tier_id":0,"_jetpack_memberships_contains_paywalled_content":false,"_jetpack_memberships_contains_paid_content":false,"footnotes":"","jetpack_publicize_message":"","jetpack_publicize_feature_enabled":true,"jetpack_social_post_already_shared":true,"jetpack_social_options":{"image_generator_settings":{"template":"highway","default_image_id":0,"font":"","enabled":false},"version":2}},"categories":[1],"tags":[21422,19708,4534,606,38072,3562],"class_list":["post-182966","post","type-post","status-publish","format-standard","has-post-thumbnail","hentry","category-genel","tag-afaddan","tag-aldiklari","tag-egitimle","tag-hayat","tag-kurtaracaklar","tag-ogretmenler"],"jetpack_publicize_connections":[],"jetpack_featured_media_url":"https:\/\/i0.wp.com\/www.tvturk.com\/wp-content\/uploads\/2019\/07\/ogretmenler-afaddan-aldiklari-egitimle-hayat-kurtaracaklar_7a7b2e9.jpg?fit=1000%2C666","jetpack_sharing_enabled":true,"jetpack_shortlink":"https:\/\/wp.me\/paKIfm-LB4","_links":{"self":[{"href":"http:\/\/www.tvturk.com\/index.php\/wp-json\/wp\/v2\/posts\/182966","targetHints":{"allow":["GET"]}}],"collection":[{"href":"http:\/\/www.tvturk.com\/index.php\/wp-json\/wp\/v2\/posts"}],"about":[{"href":"http:\/\/www.tvturk.com\/index.php\/wp-json\/wp\/v2\/types\/post"}],"author":[{"embeddable":true,"href":"http:\/\/www.tvturk.com\/index.php\/wp-json\/wp\/v2\/users\/1"}],"replies":[{"embeddable":true,"href":"http:\/\/www.tvturk.com\/index.php\/wp-json\/wp\/v2\/comments?post=182966"}],"version-history":[{"count":0,"href":"http:\/\/www.tvturk.com\/index.php\/wp-json\/wp\/v2\/posts\/182966\/revisions"}],"wp:featuredmedia":[{"embeddable":true,"href":"http:\/\/www.tvturk.com\/index.php\/wp-json\/wp\/v2\/media\/182967"}],"wp:attachment":[{"href":"http:\/\/www.tvturk.com\/index.php\/wp-json\/wp\/v2\/media?parent=182966"}],"wp:term":[{"taxonomy":"category","embeddable":true,"href":"http:\/\/www.tvturk.com\/index.php\/wp-json\/wp\/v2\/categories?post=182966"},{"taxonomy":"post_tag","embeddable":true,"href":"http:\/\/www.tvturk.com\/index.php\/wp-json\/wp\/v2\/tags?post=182966"}],"curies":[{"name":"wp","href":"https:\/\/api.w.org\/{rel}","templated":true}]}}