{"id":182972,"date":"2019-07-17T09:16:17","date_gmt":"2019-07-17T06:16:17","guid":{"rendered":"http:\/\/www.tvturk.com\/index.php\/cocuklar-olmesin-diye-binlerce-kilometre-pedal-ceviriyor\/"},"modified":"2019-07-17T09:16:17","modified_gmt":"2019-07-17T06:16:17","slug":"cocuklar-olmesin-diye-binlerce-kilometre-pedal-ceviriyor","status":"publish","type":"post","link":"http:\/\/www.tvturk.com\/index.php\/cocuklar-olmesin-diye-binlerce-kilometre-pedal-ceviriyor\/","title":{"rendered":"\u00c7ocuklar \u00f6lmesin diye binlerce kilometre pedal \u00e7eviriyor"},"content":{"rendered":"<p>L\u00f6semiye dikkat \u00e7ekmek i\u00e7in Adana\u2019dan T\u00fcrkiye turuna \u00e7\u0131kan, toplamda 10 bin kilometre pedal \u00e7evirerek insanlara hastal\u0131\u011f\u0131 anlatan Kemal Y\u00fccel, Ordu\u2019ya ula\u015ft\u0131.<\/p>\n<p>L\u00f6semiye dikkat \u00e7ekmek ad\u0131na iki y\u0131l \u00f6nce bisikletle 2 bin 100 kilometre yol kateden Kemal Y\u00fccel, 10 bin kilometre hedefiyle T\u00fcrkiye turu yapmay\u0131 hedefliyor. Bisikletle yola \u00e7\u0131kt\u0131\u011f\u0131 Adana\u2019dan, T\u00fcrkiye turu kapsam\u0131nda Ordu\u2019ya ula\u015fan Y\u00fccel, T\u00fcrk K\u0131z\u0131lay\u0131\u2019n\u0131n kan ba\u011f\u0131\u015f noktalar\u0131nda k\u00f6k h\u00fccre ba\u011f\u0131\u015f\u0131nda bulunmalar\u0131n\u0131 tavsiye ediyor. Yakla\u015f\u0131k 6 y\u0131l \u00f6nce l\u00f6semi hastal\u0131\u011f\u0131ndan kendi o\u011flunu kaybeden Y\u00fccel, tur 3 hafta \u00f6nce ba\u015flad\u0131\u011f\u0131 T\u00fcrkiye\u2019ye turunu, 2 hafta sonra sonland\u0131raca\u011f\u0131n\u0131 belirtiyor.<\/p>\n<p>Mavi \u00c7ocuk Utku Derne\u011fi Ba\u015fkan\u0131 ve ayn\u0131 zamanda gazeteci olan Kemal Y\u00fccel, hastanelerde \u00f6l\u00fcme her g\u00fcn bir ad\u0131m daha yakla\u015fan ve ilik nakli bekleyen l\u00f6semi hastas\u0131 \u00e7ocuklar\u0131n oldu\u011funu belirterek, onlar\u0131 hayata ba\u011flamak ad\u0131na bisikleti ile T\u00fcrkiye turuna \u00e7\u0131kt\u0131\u011f\u0131n\u0131 belirtti. Y\u00fccel, \u201cBu \u00e7ocuklar\u0131m\u0131z\u0131n hayata tutunabilmeleri i\u00e7in ilik nakline ihtiya\u00e7lar\u0131 var. Toplumda ilik ba\u011f\u0131\u015f\u0131 konusunda yeterli bilgiye sahip de\u011fildi. Ben de 6 y\u0131l \u00f6nce evlad\u0131m\u0131 kaybetmi\u015ftim ve bunun ac\u0131s\u0131n\u0131n ne demek oldu\u011funu \u00e7ok iyi bilirim. Bu ama\u00e7la k\u00f6k h\u00fccre ba\u011f\u0131\u015f\u0131 kampanyas\u0131 yapmaya karar verdim. Bisiklet kullan\u0131c\u0131s\u0131y\u0131m, bisikletimi k\u00f6k h\u00fccre ba\u011f\u0131\u015f\u0131 kampanyalar\u0131m i\u00e7in ara\u00e7 olarak kullanmaya ba\u015flad\u0131m ve T\u00fcrkiye turuna \u00e7\u0131kt\u0131m\u201d dedi.<\/p>\n<p>\u201cAnne babalar sa\u00e7lar\u0131 yerine topra\u011f\u0131 ok\u015famas\u0131n\u201d<\/p>\n<p>Kendi o\u011flunu da 6 y\u0131l \u00f6nce l\u00f6semiden dolay\u0131 kaybeden Y\u00fccel, \u201cKalp \u015feklinde bir rota haz\u0131rlad\u0131m. \u0130nsanlara, \u00e7ocuklar\u0131n hayat\u0131n\u0131 kurtarmak istiyor musunuz? Diye soruyoruz. Olumlu cevap al\u0131rsak kendilerini K\u0131z\u0131lay\u2019\u0131n kan alma noktalar\u0131na davet ederek 3 t\u00fcp kan vermelerini istiyoruz. Onlara bir \u00e7ocu\u011fun hayat\u0131n\u0131 kurtarabileceklerini anlat\u0131yoruz. T\u00fcrkiye\u2019nin bir\u00e7ok b\u00f6lgesinde nakil bekleyen hastalar\u0131m\u0131z var. Bu b\u00f6lgede de kanser hastal\u0131\u011f\u0131 say\u0131s\u0131 \u00e7ok y\u00fcksek ve art\u0131yor. Y\u0131ll\u0131k \u00e7ok fazla l\u00f6semi hastal\u0131\u011f\u0131 ile kar\u015f\u0131la\u015f\u0131yoruz. Bu \u00e7ocuklar\u0131n hayata tutunabilmesi i\u00e7in bir \u015feyler yapmam gerekiyordu. O \u00e7ocuklar\u0131n \u00f6lmesini istemiyorum. Anne babalar benim gibi evlatlar\u0131n\u0131n topra\u011f\u0131n\u0131 ok\u015famas\u0131n. Bu \u00e7ocuklar\u0131n hayatlar\u0131n\u0131 kurtarmak m\u00fcmk\u00fcn diyerek yollara d\u00fc\u015ft\u00fcm\u201d \u015feklinde konu\u015ftu.<\/p>\n<p>\u201cBir \u00e7ocu\u011fu ya\u015fatma umudu ile ter\u00f6r\u00fcn oldu\u011fu b\u00f6lgeden bisiklet ile ge\u00e7ece\u011fim\u201d<\/p>\n<p>\u201cYakla\u015f\u0131k 3 haftad\u0131r yollarday\u0131m, Ordu\u2019da insanlara ilik ba\u011f\u0131\u015f\u0131n\u0131n \u00f6nemini anlatt\u0131m. 2 haftal\u0131k yolum kald\u0131\u201d diyen ve \u015fu ana kadar Adana\u2019dan Ni\u011fde, Aksaray, Bolu, Ankara, Karab\u00fck, Kastamonu, \u00c7orum, Amasya, Samsun ve Ordu illerini dola\u015fan Kemal Y\u00fccel, \u015f\u00f6yle konu\u015ftu:<\/p>\n<p>\u201cBuradan Giresun, Erzincan, Tunceli \u00fczerinden Adana\u2019ya d\u00f6n\u00fc\u015f yapaca\u011f\u0131m. Toplamdaki mesafe 10 bin kilometreyi buluyor. \u015eu anda 7 bin kilometreyi ge\u00e7tim. Dilerim hedefe ula\u015ft\u0131\u011f\u0131mda yeni yeni e\u015fle\u015fmeler \u00e7\u0131kar. Amac\u0131ma ula\u015fm\u0131\u015f olurum. Bu yola \u00f6l\u00fcm\u00fc yola alarak \u00e7\u0131kt\u0131m. Riskli b\u00f6lgelerden ge\u00e7iyorum, ter\u00f6r\u00fcn oldu\u011fu b\u00f6lgelerden ge\u00e7ece\u011fim. Ama bir \u00e7ocu\u011fu ya\u015fatma umudu ile yollarda olaca\u011f\u0131m.\u201d<\/p>\n<p>Kemal Y\u00fccel\u2019in, l\u00f6semiyi ve k\u00f6k h\u00fccre ba\u011f\u0131\u015f\u0131n\u0131n \u00f6nemini anlatt\u0131\u011f\u0131 vatanda\u015flar ise, uygulamadan dolay\u0131 duyguland\u0131klar\u0131n\u0131 belirterek, kendisine te\u015fekk\u00fcr etti.<\/p>\n","protected":false},"excerpt":{"rendered":"<p>L\u00d6SEM\u0130YE D\u0130KKAT \u00c7EKMEK \u0130\u00c7\u0130N ADANA\u2019DAN T\u00dcRK\u0130YE TURUNA \u00c7IKAN, TOPLAMDA 10 B\u0130N K\u0130LOMETRE PEDAL \u00c7EV\u0130REREK, \u0130NSANLARA HASTALI\u011eI ANLATAN KEMAL Y\u00dcCEL, ORDU\u2019YA ULA\u015eTI.<\/p>\n","protected":false},"author":1,"featured_media":182973,"comment_status":"closed","ping_status":"open","sticky":false,"template":"","format":"standard","meta":{"jetpack_post_was_ever_published":false,"_jetpack_newsletter_access":"","_jetpack_dont_email_post_to_subs":false,"_jetpack_newsletter_tier_id":0,"_jetpack_memberships_contains_paywalled_content":false,"_jetpack_memberships_contains_paid_content":false,"footnotes":"","jetpack_publicize_message":"","jetpack_publicize_feature_enabled":true,"jetpack_social_post_already_shared":true,"jetpack_social_options":{"image_generator_settings":{"template":"highway","default_image_id":0,"font":"","enabled":false},"version":2}},"categories":[1],"tags":[3818,24766,252,11174,11542,31217,8614],"class_list":["post-182972","post","type-post","status-publish","format-standard","has-post-thumbnail","hentry","category-genel","tag-binlerce","tag-ceviriyor","tag-cocuklar","tag-diye","tag-kilometre","tag-olmesin","tag-pedal"],"jetpack_publicize_connections":[],"jetpack_featured_media_url":"https:\/\/i0.wp.com\/www.tvturk.com\/wp-content\/uploads\/2019\/07\/cocuklar-olmesin-diye-binlerce-kilometre-pedal-ceviriyor_6b956a6.jpg?fit=1000%2C662","jetpack_sharing_enabled":true,"jetpack_shortlink":"https:\/\/wp.me\/paKIfm-LBa","_links":{"self":[{"href":"http:\/\/www.tvturk.com\/index.php\/wp-json\/wp\/v2\/posts\/182972","targetHints":{"allow":["GET"]}}],"collection":[{"href":"http:\/\/www.tvturk.com\/index.php\/wp-json\/wp\/v2\/posts"}],"about":[{"href":"http:\/\/www.tvturk.com\/index.php\/wp-json\/wp\/v2\/types\/post"}],"author":[{"embeddable":true,"href":"http:\/\/www.tvturk.com\/index.php\/wp-json\/wp\/v2\/users\/1"}],"replies":[{"embeddable":true,"href":"http:\/\/www.tvturk.com\/index.php\/wp-json\/wp\/v2\/comments?post=182972"}],"version-history":[{"count":0,"href":"http:\/\/www.tvturk.com\/index.php\/wp-json\/wp\/v2\/posts\/182972\/revisions"}],"wp:featuredmedia":[{"embeddable":true,"href":"http:\/\/www.tvturk.com\/index.php\/wp-json\/wp\/v2\/media\/182973"}],"wp:attachment":[{"href":"http:\/\/www.tvturk.com\/index.php\/wp-json\/wp\/v2\/media?parent=182972"}],"wp:term":[{"taxonomy":"category","embeddable":true,"href":"http:\/\/www.tvturk.com\/index.php\/wp-json\/wp\/v2\/categories?post=182972"},{"taxonomy":"post_tag","embeddable":true,"href":"http:\/\/www.tvturk.com\/index.php\/wp-json\/wp\/v2\/tags?post=182972"}],"curies":[{"name":"wp","href":"https:\/\/api.w.org\/{rel}","templated":true}]}}