{"id":182974,"date":"2019-07-17T09:16:28","date_gmt":"2019-07-17T06:16:28","guid":{"rendered":"http:\/\/www.tvturk.com\/index.php\/dikildikten-14-yil-sonra-cicek-acti\/"},"modified":"2019-07-17T09:16:28","modified_gmt":"2019-07-17T06:16:28","slug":"dikildikten-14-yil-sonra-cicek-acti","status":"publish","type":"post","link":"http:\/\/www.tvturk.com\/index.php\/dikildikten-14-yil-sonra-cicek-acti\/","title":{"rendered":"Dikildikten 14 y\u0131l sonra \u00e7i\u00e7ek a\u00e7t\u0131"},"content":{"rendered":"<p>Ordu\u2019nun Fatsa il\u00e7esinde, \u00f6mr\u00fcnde bir kez \u00e7i\u00e7ek a\u00e7an \u2019agave kakt\u00fcs\u00fc\u2019 dikildikten 14 y\u0131l sonra \u00e7i\u00e7ek a\u00e7t\u0131.<\/p>\n<p>Fatsa Belediyesi taraf\u0131ndan 2005 y\u0131l\u0131nda dikilen ve \u2019y\u00fczy\u0131l bitkisi\u2019 olarak adland\u0131r\u0131lan agave kakt\u00fcs\u00fc, dikildikten tam 14 y\u0131l sonra \u00e7i\u00e7ek a\u00e7t\u0131. 60 ile 100 y\u0131l aras\u0131nda ya\u015fayan ve \u00f6m\u00fcrleri boyunca bir kez \u00e7i\u00e7ek a\u00e7an, \u00e7i\u00e7ek a\u00e7t\u0131ktan sonra da kuruyan agave bitkisi, Fatsa il\u00e7esinde 8 metrelik \u00e7i\u00e7ek a\u00e7t\u0131. Koruma alt\u0131ndaki bitki, UNESCO taraf\u0131ndan d\u00fcnya miras\u0131 listesine al\u0131nm\u0131\u015ft\u0131.<\/p>\n<p>Halk aras\u0131nda \u2019sab\u0131r otu\u2019 ve \u2019y\u00fczy\u0131l bitkisi\u2019 olarak adland\u0131r\u0131lan kakt\u00fcs, \u00e7i\u00e7e\u011findeki tohumlar\u0131n topra\u011fa d\u00fc\u015fmesiyle yeniden ye\u015feriyor.<\/p>\n<p>Mustafa Kemal Pa\u015fa Mahallesi\u2019nde bulunan parka 14 y\u0131l \u00f6nce ekildikten sonra \u00e7i\u00e7ek a\u00e7an kakt\u00fcs\u00fc bitkilere merakl\u0131 olan Abdullah Sefa \u00c7elik, \u201cUNESCO\u2019nun d\u00fcnya miras listesinde oldu\u011funu biliyorum bu \u00f6zel kakt\u00fcs\u00fcn. 60 ile 100 y\u0131l aras\u0131nda \u00f6mr\u00fc oluyor bu kakt\u00fcs\u00fcn. \u00d6mr\u00fcnde ise 1 defa \u00e7i\u00e7ek a\u00e7\u0131yor. Fatsa il\u00e7emizde b\u00f6yle bir farkl\u0131 bitkinin olmas\u0131 sevindirici. Halk\u0131m\u0131z da gelip buradaki parkta g\u00f6rebilir. Bu bitki t\u00fcr\u00fcn\u00fc biliyordum, bir hafta \u00f6ncesinde de Osmaniye\u2019de bu \u00e7i\u00e7ekle ilgili haber okudum. Daha da ilgimi \u00e7ekti. Agave kakt\u00fcs\u00fc \u00f6zel bir \u00e7i\u00e7ek. Buradaki bu olay \u00e7ok nadir rastlanacak bir durum\u201d dedi.<\/p>\n<p>Vatanda\u015flar agave kakt\u00fcs\u00fc ile \u00f6z \u00e7ekim yapmay\u0131 da ihmal etmedi.<\/p>\n","protected":false},"excerpt":{"rendered":"<p>ORDU\u2019NUN FATSA \u0130L\u00c7ES\u0130NDE \u00d6MR\u00dcNDE B\u0130R KEZ \u00c7\u0130\u00c7EK A\u00c7AN AGAVE KAKT\u00dcS\u00dc EK\u0130LD\u0130KTEN 14 YIL SONRA \u00c7\u0130\u00c7EK A\u00c7TI.<\/p>\n","protected":false},"author":1,"featured_media":182975,"comment_status":"closed","ping_status":"open","sticky":false,"template":"","format":"standard","meta":{"jetpack_post_was_ever_published":false,"_jetpack_newsletter_access":"","_jetpack_dont_email_post_to_subs":false,"_jetpack_newsletter_tier_id":0,"_jetpack_memberships_contains_paywalled_content":false,"_jetpack_memberships_contains_paid_content":false,"footnotes":"","jetpack_publicize_message":"","jetpack_publicize_feature_enabled":true,"jetpack_social_post_already_shared":true,"jetpack_social_options":{"image_generator_settings":{"template":"highway","default_image_id":0,"font":"","enabled":false},"version":2}},"categories":[1],"tags":[1494,1654,45182,2022,231],"class_list":["post-182974","post","type-post","status-publish","format-standard","has-post-thumbnail","hentry","category-genel","tag-acti","tag-cicek","tag-dikildikten","tag-sonra","tag-yil"],"jetpack_publicize_connections":[],"jetpack_featured_media_url":"https:\/\/i0.wp.com\/www.tvturk.com\/wp-content\/uploads\/2019\/07\/dikildikten-14-yil-sonra-cicek-acti_a03b685.jpg?fit=1000%2C662","jetpack_sharing_enabled":true,"jetpack_shortlink":"https:\/\/wp.me\/paKIfm-LBc","_links":{"self":[{"href":"http:\/\/www.tvturk.com\/index.php\/wp-json\/wp\/v2\/posts\/182974","targetHints":{"allow":["GET"]}}],"collection":[{"href":"http:\/\/www.tvturk.com\/index.php\/wp-json\/wp\/v2\/posts"}],"about":[{"href":"http:\/\/www.tvturk.com\/index.php\/wp-json\/wp\/v2\/types\/post"}],"author":[{"embeddable":true,"href":"http:\/\/www.tvturk.com\/index.php\/wp-json\/wp\/v2\/users\/1"}],"replies":[{"embeddable":true,"href":"http:\/\/www.tvturk.com\/index.php\/wp-json\/wp\/v2\/comments?post=182974"}],"version-history":[{"count":0,"href":"http:\/\/www.tvturk.com\/index.php\/wp-json\/wp\/v2\/posts\/182974\/revisions"}],"wp:featuredmedia":[{"embeddable":true,"href":"http:\/\/www.tvturk.com\/index.php\/wp-json\/wp\/v2\/media\/182975"}],"wp:attachment":[{"href":"http:\/\/www.tvturk.com\/index.php\/wp-json\/wp\/v2\/media?parent=182974"}],"wp:term":[{"taxonomy":"category","embeddable":true,"href":"http:\/\/www.tvturk.com\/index.php\/wp-json\/wp\/v2\/categories?post=182974"},{"taxonomy":"post_tag","embeddable":true,"href":"http:\/\/www.tvturk.com\/index.php\/wp-json\/wp\/v2\/tags?post=182974"}],"curies":[{"name":"wp","href":"https:\/\/api.w.org\/{rel}","templated":true}]}}